{"id":36842,"date":"2019-05-27T07:15:03","date_gmt":"2019-05-27T11:15:03","guid":{"rendered":"https:\/\/linitiative.ca\/International\/ramadan-et-leternelle-course-a-la-consommation-des-citoyens-egoistes-defaitistes-pleurnichards-et-faineants\/"},"modified":"2019-05-27T07:15:03","modified_gmt":"2019-05-27T11:15:03","slug":"ramadan-et-leternelle-course-a-la-consommation-des-citoyens-egoistes-defaitistes-pleurnichards-et-faineants","status":"publish","type":"post","link":"https:\/\/linitiative.ca\/International\/ramadan-et-leternelle-course-a-la-consommation-des-citoyens-egoistes-defaitistes-pleurnichards-et-faineants\/","title":{"rendered":"Ramadan et l\u2019\u00e9ternelle course \u00e0 la consommation Des citoyens \u00e9go\u00efstes, d\u00e9faitistes, pleurnichards et fain\u00e9ants"},"content":{"rendered":"<p><strong><em>L\u2019EXPERT \u2013 C\u2019est un \u00e9ternel recommencement que les Tunisiens sont en train de vivre, comme un mauvais film \u00e0 sc\u00e8nes r\u00e9p\u00e9titives, pour montrer que le citoyen tunisien est \u00e9go\u00efsme, pleurnichard et paresseux en plus, un citoyen qui veut tout, aux moindres frais et, en plus, sans fournir aucun effort, pour les m\u00e9riter, ou, du moins pour changer les choses. Ramadan est l\u00e0. Les sp\u00e9culateurs ont commenc\u00e9 leurs manigances et leur monopole de certains produits, afin d\u2019imposer les prix qui les arrangent, depuis, m\u00eame, le mois de Chaabane et bien avant Ramadan. Cela a donn\u00e9 aux consommateurs un avant-go\u00fbt de ce qui les attend pour le mois saint, si les services du contr\u00f4le \u00e9conomique ne se pressent pas pour mettre fin \u00e0 ces pratiques. Certes, le consommateur est habitu\u00e9, depuis la R\u00e9volution, \u00e0 ces d\u00e9rapages des commer\u00e7ants, mais le moment est venu pour arr\u00eater ce fl\u00e9au et pour remettre de l\u2019ordre dans la fluidit\u00e9 des march\u00e9s.<\/em><\/strong><\/p>\n<p>Plusieurs consommateurs qui se sont rendus t\u00f4t, la veille de Ramadan, au march\u00e9 central de la capitale ont d\u00e9plor\u00e9 les prix \u00e9lev\u00e9s des viandes rouges et blanches et de certaines vari\u00e9t\u00e9s de poissons, contre une baisse relative des prix des fruits et l\u00e9gumes, un jour avant l\u2019av\u00e8nement du mois de Ramadan.<\/p>\n<p>Les plaintes se sont poursuivies en d\u00e9pit d\u2019une baisse des prix des pommes de terre \u00e0 1,480 DT le kg, des Soignons (0,980 DT), des poivrons (entre 1,875 DT et 3,100 DT), des bananes (5 DT), des pommes (entre 2,890 DT et 5,980 DT) et de Deglet Nour (entre 8,900 DT et 11 DT).<\/p>\n<p>La correspondante de l\u2019agence TAP sur les lieux a constat\u00e9 une hausse des prix des viandes rouges et blanches ainsi que des poissons.<\/p>\n<p>Le kg de viande de poulet a atteint 6,990 DT, de la viande ovine 22,500 DT, celui du kg de daurades \u00e9tait de 13,980 DT, du rouget (entre 12,800 DT et 26, 800 DT) et des sardines (entre 3,500 DT et 4,980 DT).<\/p>\n<p>Plusieurs personnes contact\u00e9es se sont dites incapables d\u2019acqu\u00e9rir plusieurs produits, \u00e0 la consommation desquels ils se sont habitu\u00e9s au cours du mois de Ramadhan, tels que l\u2019huile d\u2019olive, les poissons, les dattes, les viandes rouges et quelques fruits.<\/p>\n<p>Selon eux, le consommateur appartenant \u00e0 la classe moyenne ou \u00e0 revenu limit\u00e9 ne peut plus pr\u00e9tendre \u00e0 l\u2019achat de plusieurs produits de base, vu la hausse continue des prix en comparaison avec les salaires per\u00e7us, en plus de la fr\u00e9n\u00e9sie et du manque de respect, parfois, par les vendeurs des prix fix\u00e9s par le minist\u00e8re du Commerce.<\/p>\n<p>Ils ont indiqu\u00e9 que la campagne men\u00e9e, r\u00e9cemment, par les autorit\u00e9s contre la sp\u00e9culation a contribu\u00e9 \u00e0 la baisse des prix qui demeurent, n\u00e9anmoins, loin d\u2019\u00eatre adapt\u00e9s au pouvoir d\u2019achat du citoyen.<\/p>\n<p><strong>Des hausses injustifi\u00e9es<\/strong><\/p>\n<p>Un vendeur de l\u00e9gumes, au march\u00e9 central, souligne que les plaintes des consommateurs de la hausse des prix de certains produits alimentaires \u00ab sont injustifi\u00e9es \u00bb, affirmant que les prix de vente fix\u00e9s pour le mois de Ramadhan sont \u00e9tudi\u00e9s et align\u00e9s sur le pouvoir d\u2019achat.<\/p>\n<p>Et d\u2019ajouter qu\u2019il n\u2019y a pas eu de d\u00e9passements, vu la pr\u00e9sence quotidienne, au cours de ces derniers jours, de l\u2019\u00e9quipe de contr\u00f4le \u00e9conomique.<\/p>\n<p>Cependant, lesdits agents pr\u00e9sents au march\u00e9 central et portant leur habit officiel ont \u00e9voqu\u00e9 l\u2019existence de plusieurs abus, consistant surtout en le non affichage des prix, la vente \u00e0 des prix ill\u00e9gaux, la non-pr\u00e9sentation de factures d\u2019achat et la d\u00e9tention de marchandises d\u2019origine inconnue.<\/p>\n<p>Le minist\u00e8re du Commerce a mis en place 54 points de vente du producteur au consommateur, en plus de points relevant de l\u2019Office des terres domaniales (OTD) en vue de r\u00e9guler l\u2019offre et la demande, sachant que les prix en vigueur au point de vente de l\u2019Avenue Habib Bourguiba sont en baisse par rapport \u00e0 ceux du march\u00e9 central.<\/p>\n<p>Ainsi, peut-on dire que c\u2019est, toujours, la faute des sp\u00e9culateurs si les prix augmentent d\u2019une mani\u00e8re vertigineuse, au cours du mois de Ramadan\u00a0? Eh, bien\u00a0! Non, bien s\u00fbr, parce que c\u2019est le consommateur qui est toujours la plaque-tournante de la r\u00e9gulation du march\u00e9.<\/p>\n<p>A voir ce qui se passait, une semaine avant l\u2019arriv\u00e9e du mois de Ramadan, on ne peut que penser que c\u2019est le citoyen qui est \u00e0 l\u2019origine du mal, avec son \u00e9go\u00efsme, d\u2019abord. Sinon, comment expliquer ces ru\u00e9es sur les grandes surfaces, les march\u00e9s et tout ce qui est de nature \u00e0 agr\u00e9menter la table, au cours du mois saint. Rien n\u2019est laiss\u00e9 au hasard. On pense \u00e0 tout, pour se remplir la panse, et on se permet le luxe d\u2019acheter en grandes quantit\u00e9s pour ne manquer de rien, tout au long de ce mois\u2026 au risque, m\u00eame, de cr\u00e9er des p\u00e9nuries et de jeter des choses, en cours de route, surtout pour ce qui est des produits p\u00e9rissables.<\/p>\n<p>Il suffit de lancer une rumeur concernant quelque chose qui va manquer, durant ce mois, et voil\u00e0 que tout le monde qui se rue sur ce produit, jusqu\u2019au point de cr\u00e9er une v\u00e9ritable p\u00e9nurie. Le consommateur arrive \u00e0 se priver de certains autres produits qui ne risquent pas de dispara\u00eetre des \u00e9tals, au profit d\u2019autres qu\u2019il juge important pour agr\u00e9menter Ramadan.<\/p>\n<p>D\u2019ailleurs, il fallait s\u2019y attendre, avec des m\u00e9nages qui ont eu recours \u00e0 des cr\u00e9dits de consommation, pour les d\u00e9penses du mois du je\u00fbne. H\u00e9, bien, oui\u00a0! les citoyens pr\u00e9parent de la meilleure mani\u00e8re ce mois du je\u00fbne, mais, soyez s\u00fbrs qu\u2019il demeure, toujours, pleurnichard que ce soit concernant l\u2019abondance des produits ou de leurs prix.<\/p>\n<p><strong>Passivit\u00e9 des citoyens<\/strong><\/p>\n<p>A titre d\u2019exemple, je suis pass\u00e9, le troisi\u00e8me jour de Ramadan devant un vendeur prunes qui m\u2019a indiqu\u00e9 que le prix est de 1,500 DT la livre. Je n\u2019\u00e9tais pas tent\u00e9, au d\u00e9but et, apr\u00e8s un tour au march\u00e9, je suis revenu au m\u00eame vendeur entour\u00e9 d\u2019un groupe de consommateurs \u00e0 qui il vendait la livre de prunes \u00e0 2,500 DT. Aucun commentaire, surtout que les services de contr\u00f4les n\u2019\u00e9taient pas visibles sur les lieux.<\/p>\n<p>C\u2019est dire que le consommateur est d\u00e9faitiste et fataliste, et qu\u2019il se laisse faire, sans r\u00e9agir et cela m\u00eame s\u2019il sait, pertinemment, que le marchand est en train de le voler. Il faut ajouter \u00e0 cela, aussi, la passivit\u00e9 des citoyens lorsqu\u2019ils voient le marchand leur servir des fruits et l\u00e9gumes avari\u00e9s et qu\u2019ils leur intiment l\u2019ordre de ne pas toucher \u00e0 la marchandise.<\/p>\n<p>En m\u00eame temps, Ramadan est le mois de tous les repos, pay\u00e9s au frais de la princesse pour le citoyen qui cherche \u00e0 ne fournir aucun effort, m\u00eame dans son travail, sous pr\u00e9texte qu\u2019il je\u00fbne et qu\u2019il doit se reposer. Le manque \u00e0 gagner pour l\u2019Etat et les entreprises publiques, surtout, est lourd \u00e0 supporter\u2026 et le citoyen, fonctionnaire ou travailleur manuel, rechigne \u00e0 faire un effort, surtout que tout peut attendre, pour lui.<\/p>\n<p>Pour ce qui est des classes d\u00e9favoris\u00e9es, elles ne manquent pas de \u00ab\u00a0bonne volont\u00e9\u00a0\u00bb de faire de m\u00eame, puisque Ramadan est le mois de la satisfaction de tous les d\u00e9sirs du ventre. Certains crient \u00e0 la hausse des prix, mais ils ne manquent pas d\u2019abdiquer et de payer cher ce qu\u2019ils d\u00e9sirent.<\/p>\n<p>Toutefois, certains m\u00e9nages d\u00e9munis sont oblig\u00e9s de se rabattre sur ce qui est \u00e0 la port\u00e9e de leur bourse qui n\u2019est pas assez gonfl\u00e9e.<\/p>\n<p>Des queues interminables, sous un soleil de plomb, se forment, depuis le d\u00e9but du mois de Ramadan, en qu\u00eate d\u2019huile d\u2019olive subventionn\u00e9e. C\u2019est la m\u00eame sc\u00e8ne qui se reproduit chaque jour, devant les points de vente du producteur au consommateur.<\/p>\n<p>Des centaines de citoyens se pointent, t\u00f4t le matin, en attendant, parfois jusqu\u2019\u00e0 midi, l\u2019arriv\u00e9e du produit tant convoit\u00e9 pour son prix, relativement, abordable. A peine 1200 litres d\u2019huile v\u00e9g\u00e9tale subventionn\u00e9e sont fournis, quotidiennement. Un seul litre par client, est autoris\u00e9.<\/p>\n<p>Il est donc n\u00e9cessaire pour les citoyens d\u2019arr\u00eater de geindre et de pleurnicher, parce que ce sont eux la source de tous les maux. S\u2019ils boycottent certains produits, il est certain que les commer\u00e7ants vont r\u00e9fl\u00e9chir \u00e0 plus d\u2019une reprise, avant de hausser les prix.<\/p>\n<p class=\"dpsp-share-text\">Partager c&rsquo;est aimer!<\/p>\n<div class=\"wp-post-author-wrap wp-post-author-shortcode left\">\n<h3 class=\"awpa-title\"\/>\n<div class=\"wp-post-author\">\n<div class=\"awpa-img awpa-author-block square\"><a href=\"http:\/\/lexpertjournal.net\/fr\/author\/expert\/\"><img loading=\"lazy\" decoding=\"async\" alt=\"\" src=\"http:\/\/2.gravatar.com\/avatar\/56d99be2a6f97af88ccb49fada637fcd?s=150&#038;d=mm&#038;r=g\" srcset=\"http:\/\/2.gravatar.com\/avatar\/56d99be2a6f97af88ccb49fada637fcd?s=300&#038;d=mm&#038;r=g 2x\" class=\"avatar avatar-150 photo\" height=\"150\" width=\"150\"\/><\/a><\/div>\n<\/div>\n<\/div>\n<p>Auteur: L&rsquo;expert<br \/>\n<a href=\"http:\/\/lexpertjournal.net\/fr\/2019\/05\/27\/ramadan-et-leternelle-course-a-la-consommation-des-citoyens-egoistes-defaitistes-pleurnichards-et-faineants\/\">Cliquez ici pour lire l&rsquo;article depuis sa source.<\/a><\/p>\n","protected":false},"excerpt":{"rendered":"<p>L\u2019EXPERT \u2013 C\u2019est un \u00e9ternel recommencement que les Tunisiens sont en train de vivre, comme un mauvais film \u00e0 sc\u00e8nes r\u00e9p\u00e9titives, pour montrer que le citoyen tunisien est \u00e9go\u00efsme, pleurnichard et paresseux en plus, un citoyen qui veut tout, aux moindres frais et, en plus, sans fournir aucun effort, pour les m\u00e9riter, ou, du moins [&hellip;]<\/p>\n","protected":false},"author":1775,"featured_media":0,"comment_status":"closed","ping_status":"closed","sticky":false,"template":"","format":"standard","meta":{"fifu_image_url":"","fifu_image_alt":"","footnotes":""},"categories":[78,55],"tags":[],"class_list":["post-36842","post","type-post","status-publish","format-standard","hentry","category-economie","category-tunisie"],"_links":{"self":[{"href":"https:\/\/linitiative.ca\/International\/wp-json\/wp\/v2\/posts\/36842","targetHints":{"allow":["GET"]}}],"collection":[{"href":"https:\/\/linitiative.ca\/International\/wp-json\/wp\/v2\/posts"}],"about":[{"href":"https:\/\/linitiative.ca\/International\/wp-json\/wp\/v2\/types\/post"}],"author":[{"embeddable":true,"href":"https:\/\/linitiative.ca\/International\/wp-json\/wp\/v2\/users\/1775"}],"replies":[{"embeddable":true,"href":"https:\/\/linitiative.ca\/International\/wp-json\/wp\/v2\/comments?post=36842"}],"version-history":[{"count":0,"href":"https:\/\/linitiative.ca\/International\/wp-json\/wp\/v2\/posts\/36842\/revisions"}],"wp:attachment":[{"href":"https:\/\/linitiative.ca\/International\/wp-json\/wp\/v2\/media?parent=36842"}],"wp:term":[{"taxonomy":"category","embeddable":true,"href":"https:\/\/linitiative.ca\/International\/wp-json\/wp\/v2\/categories?post=36842"},{"taxonomy":"post_tag","embeddable":true,"href":"https:\/\/linitiative.ca\/International\/wp-json\/wp\/v2\/tags?post=36842"}],"curies":[{"name":"wp","href":"https:\/\/api.w.org\/{rel}","templated":true}]}}