{"id":36846,"date":"2019-05-27T13:04:18","date_gmt":"2019-05-27T17:04:18","guid":{"rendered":"https:\/\/linitiative.ca\/International\/festival-europeen-a-alger-belle-prestation-de-lensemble-hongrois-source-pure\/"},"modified":"2019-05-27T13:04:18","modified_gmt":"2019-05-27T17:04:18","slug":"festival-europeen-a-alger-belle-prestation-de-lensemble-hongrois-source-pure","status":"publish","type":"post","link":"https:\/\/linitiative.ca\/International\/festival-europeen-a-alger-belle-prestation-de-lensemble-hongrois-source-pure\/","title":{"rendered":"Festival europ\u00e9en \u00e0 Alger: belle prestation de l\u2019Ensemble hongrois \u00ab\u00a0Source pure\u00a0\u00bb"},"content":{"rendered":"<div>\n<div class=\"K2FeedImage\"><img decoding=\"async\" src=\"http:\/\/www.aps.dz\/media\/k2\/items\/cache\/b478428cead5492db991264474986164_S.jpg\" alt=\"Festival europ\u00e9en \u00e0 Alger: belle prestation de l\u2019Ensemble hongrois \" source pure><\/div>\n<div class=\"K2FeedIntroText\">\n<p><strong>ALGER &#8211; La sc\u00e8ne du 20e Festival culturel europ\u00e9en en Alg\u00e9rie a accueilli, dimanche soir \u00e0 Alger, l\u2019Ensemble \u00ab\u00a0Source pure\u00a0\u00bb, qui a raviv\u00e9 devant un public relativement nombreux, chants et danses du patrimoine ancestral hongrois.<\/strong><\/p>\n<\/div>\n<div class=\"K2FeedFullText\">\n<p>Pr\u00e9sent \u00e0 l\u2019avant dernier soir du festival, l\u2019Ensemble hongrois, \u00ab\u00a0Source pure\u00a0\u00bb a embarqu\u00e9 le public de la salle Ibn Zeydoun de l\u2019Office Riad El Feth (Oref) dans un voyage \u00e0 travers le temps, au c\u0153ur de la \u00ab\u00a0paysannerie archa\u00efque hongroise\u00a0\u00bb.<\/p>\n<p>Figures \u00e9minentes de la sc\u00e8ne folklorique hongroise dans ses dimensions, artistique et de recherche ethnographique, Zoltan Szabo, musicien polyvalent, sa femme, Katalin Juhasz au chant et son fils Pal Havasr\u00e9ti, \u00e9galement multi-instrumentiste, ont s\u00e9duit l\u2019assistance d\u00e8s leur entr\u00e9e avec un r\u00e9pertoire de vieux chants de paysans et une panoplie d\u2019instruments moyen\u00e2geux.\u00a0<\/p>\n<p>Vielle \u00e0 roue (anc\u00eatre des cordes), fl\u00fbte, hautbois, coboz (proche du luth), cithare, violoncelle, guimbarde (lamelle actionn\u00e9e avec les doigts et dont les vibrations finissent dans la cavit\u00e9 buccale qui sert de caisse de r\u00e9sonnance), tilinko (fl\u00fbte folklorique), ocarina (petit instrument \u00e0 vent ovo\u00efde) et clarinette, figurent parmi les instruments utilis\u00e9s.<\/p>\n<p>Pr\u00e8s d\u2019une vingtaine de pi\u00e8ces du moyen \u00e2ge, de diff\u00e9rentes r\u00e9gions hongroises a \u00e9t\u00e9 pr\u00e9sent\u00e9 au public, \u00ab\u00a0Les m\u00e9lodies des bergers\u00a0\u00bb (Ouest du Danube), \u00ab\u00a0Chants de l\u2019Est du Danube\u00a0\u00bb (aux influences roumaines), \u00ab\u00a0Chant du Sud\u00a0\u00bb, \u00ab\u00a0M\u00e9lodies pentatoniques\u00a0\u00bb, ainsi que des chansons sur le printemps, sur l\u2019eau, ou encore sur la r\u00e9colte du raisin (les vendanges), notamment.<\/p>\n<p>Le chant \u00ab\u00a0Tristesse de l\u2019hiver\u00a0\u00bb (avec une pens\u00e9e aux disparus) a \u00e9t\u00e9 rendu avec une voix nue, dans les m\u00eames variations modales qu\u2019un \u00ab\u00a0achwiq\u00a0\u00bb de Kabylie.<\/p>\n<p>Zoltan Szabo, accompagnait brillamment sa femme en doublant sa voix \u00e0 travers une interpr\u00e9tation \u00ab\u00a0diphonique\u00a0\u00bb, pendant que Pal Havasr\u00e9ti donnait la cadence en pin\u00e7ant les cordes de son vieux violoncelle et en les frappant avec son archet.<\/p>\n<hr>\n<p><em><strong>Lire aussi:\u00a0<\/strong><\/em><a href=\"http:\/\/www.aps.dz\/culture\/89828-20e-festival-europeen-le-public-algerois-renoue-avec-le-fado\">20e Festival europ\u00e9en : le public alg\u00e9rois renoue avec le Fado<\/a><\/p>\n<hr>\n<p>Des projections en noir et blanc, de vieilles photos et vid\u00e9os d\u2019archives de diff\u00e9rentes situations de vie des paysans hongrois, ont accompagn\u00e9 le trio le long de sa prestation, \u00e0 l\u2019instar du texte de la chanson \u00ab\u00a0Dil\u00a0 del dulda\u00a0\u00bb, affich\u00e9 sur l\u2019\u00e9cran et que le public, invit\u00e9 par les artistes, a chant\u00e9.<\/p>\n<p>A l\u2019issue de la prestation, les artistes ont invit\u00e9 des spectateurs \u00e0 monter sur sc\u00e8ne pour leur montrer la tradition hongroise de la \u00ab\u00a0Maison de la danse\u00a0\u00bb et les initier \u00e0 des exercices du pas de deux, sous l\u2019impulsion de quelques airs de la \u00ab\u00a0culture paysanne archa\u00efque\u00a0\u00bb.<\/p>\n<p>La musique traditionnelle hongroise pr\u00e9sente beaucoup de similitudes avec le patrimoine ancestral de plusieurs pays, dont l\u2019Alg\u00e9rie qui a re\u00e7u la visite en 1913 du grand musicien et compositeur, B\u00e9la Bartok (1881-1945) dans la ville de Biskra, o\u00f9 il est rest\u00e9 pr\u00e8s de cinq ans, collectionnant plusieurs de ses chants folkloriques qu\u2019il a enregistr\u00e9.<\/p>\n<p>Le 105e anniversaire du passage de ce grand compositeur dans la capitale des Zibans a \u00e9t\u00e9 c\u00e9l\u00e9br\u00e9 en d\u00e9cembre 2018.<\/p>\n<p>En pr\u00e9sence des ambassadeurs, de Hongrie en Alg\u00e9rie, Helga Katalin Pritz, et John O\u2019Rourke, \u00e9galement chef de la d\u00e9l\u00e9gation de l\u2019Union europ\u00e9enne en Alg\u00e9rie, ainsi que les repr\u00e9sentants de diff\u00e9rentes missions diplomatiques, de plusieurs pays invit\u00e9s, accr\u00e9dit\u00e9es \u00e0 Alger, le public a savour\u00e9 tous les moments du concert dans la d\u00e9lectation.\u00a0<\/p>\n<p>Inaugur\u00e9 le 10 mai dernier, le 20e Festival culturel europ\u00e9en, anim\u00e9 par seize pays sous le slogan du \u00ab\u00a0Vivre ensemble\u00a0\u00bb \u00e0 Alger, Beja\u00efa, Oran et Tizi Ouzou, prendra fin lundi, \u00e0 la salle Ibn-Zeydoun de l\u2019Office Riadh El Feth \u00e0 Alger.<\/p>\n<\/div>\n<\/div>\n<p>Auteur:<br \/>\n<a href=\"http:\/\/www.aps.dz\/culture\/89923-festival-europeen-a-alger-belle-prestation-de-l-ensemble-hongrois-source-pure\">Cliquez ici pour lire l&rsquo;article depuis sa source.<\/a><\/p>\n","protected":false},"excerpt":{"rendered":"<p>ALGER &#8211; La sc\u00e8ne du 20e Festival culturel europ\u00e9en en Alg\u00e9rie a accueilli, dimanche soir \u00e0 Alger, l\u2019Ensemble \u00ab\u00a0Source pure\u00a0\u00bb, qui a raviv\u00e9 devant un public relativement nombreux, chants et danses du patrimoine ancestral hongrois. Pr\u00e9sent \u00e0 l\u2019avant dernier soir du festival, l\u2019Ensemble hongrois, \u00ab\u00a0Source pure\u00a0\u00bb a embarqu\u00e9 le public de la salle Ibn Zeydoun [&hellip;]<\/p>\n","protected":false},"author":1790,"featured_media":36847,"comment_status":"closed","ping_status":"closed","sticky":false,"template":"","format":"standard","meta":{"fifu_image_url":"","fifu_image_alt":"","footnotes":""},"categories":[53,79],"tags":[],"class_list":["post-36846","post","type-post","status-publish","format-standard","has-post-thumbnail","hentry","category-algerie","category-culture"],"_links":{"self":[{"href":"https:\/\/linitiative.ca\/International\/wp-json\/wp\/v2\/posts\/36846","targetHints":{"allow":["GET"]}}],"collection":[{"href":"https:\/\/linitiative.ca\/International\/wp-json\/wp\/v2\/posts"}],"about":[{"href":"https:\/\/linitiative.ca\/International\/wp-json\/wp\/v2\/types\/post"}],"author":[{"embeddable":true,"href":"https:\/\/linitiative.ca\/International\/wp-json\/wp\/v2\/users\/1790"}],"replies":[{"embeddable":true,"href":"https:\/\/linitiative.ca\/International\/wp-json\/wp\/v2\/comments?post=36846"}],"version-history":[{"count":0,"href":"https:\/\/linitiative.ca\/International\/wp-json\/wp\/v2\/posts\/36846\/revisions"}],"wp:featuredmedia":[{"embeddable":true,"href":"https:\/\/linitiative.ca\/International\/wp-json\/"}],"wp:attachment":[{"href":"https:\/\/linitiative.ca\/International\/wp-json\/wp\/v2\/media?parent=36846"}],"wp:term":[{"taxonomy":"category","embeddable":true,"href":"https:\/\/linitiative.ca\/International\/wp-json\/wp\/v2\/categories?post=36846"},{"taxonomy":"post_tag","embeddable":true,"href":"https:\/\/linitiative.ca\/International\/wp-json\/wp\/v2\/tags?post=36846"}],"curies":[{"name":"wp","href":"https:\/\/api.w.org\/{rel}","templated":true}]}}