{"id":36850,"date":"2019-05-27T06:00:00","date_gmt":"2019-05-27T10:00:00","guid":{"rendered":"https:\/\/linitiative.ca\/International\/plusieurs-joueurs-attendus-des-aujourdhui-au-ctn\/"},"modified":"2019-05-27T06:00:00","modified_gmt":"2019-05-27T10:00:00","slug":"plusieurs-joueurs-attendus-des-aujourdhui-au-ctn","status":"publish","type":"post","link":"https:\/\/linitiative.ca\/International\/plusieurs-joueurs-attendus-des-aujourdhui-au-ctn\/","title":{"rendered":"Plusieurs joueurs attendus d\u00e8s aujourd\u2019hui au CTN"},"content":{"rendered":"<div id=\"originalText\" readability=\"91\">\n<p><strong>Ra\u00efs M\u2019bolhi est le premier arriv\u00e9 au Centre technique national de Sidi Moussa, avant m\u00eame la date du d\u00e9but de ce rassemblent qui commence officiellement le 3 juin.<\/strong><\/p>\n<p>Le portier alg\u00e9rien qui avait repris la comp\u00e9tition apr\u00e8s deux moins d\u2019arr\u00eat \u00e0 cause d\u2019une blessure au doigt a pris part r\u00e9cemment au dernier match de championnat saoudien avec sa formation d\u2019Ettifak face \u00e0 Al Ahly, un match o\u00f9 le keeper alg\u00e9rien avait conc\u00e9d\u00e9 cinq buts ! (5-0). Le s\u00e9lectionneur national veut faire travailler davantage M\u2019bolhi car il est en manque de comp\u00e9tition.\u00a0 Qu\u2019\u00e0 cela ne tienne, comme le d\u00e9but officiel du premier regroupement des Verts co\u00efncidera avec le premier jour de l\u2019A\u00efd, Belmadi a pr\u00e9f\u00e9r\u00e9 d\u00e9buter le travail avec certains joueurs plus t\u00f4t que pr\u00e9vu, histoire de gagner du temps, car il est contraint de lib\u00e9rer le groupe durant les deux premiers jours de l\u2019A\u00efd el-Fitr (le 3 et le 4 juin). \u00c0 cet effet, Belmadi a inform\u00e9 ses joueurs qu\u2019il vaudrait mieux qu\u2019ils int\u00e8grent le centre de Sidi Moussa avant le 3 juin, histoire de commencer le travail plus t\u00f4t que pr\u00e9vu. Ainsi, les joueurs qui \u00e9voluent aux pays du Golfe, en France, en Angleterre et en Espagne seront attendus pour aujourd\u2019hui.\u00a0<\/p>\n<p>D\u2019autres joueurs arriveront en fin de semaine \u00e0 Alger, comme Yacine Brahimi qui a disput\u00e9 la finale de la coupe du Portugal dimanche dernier. Youcef Bela\u00efli, l\u2019attaquant de l\u2019EST qui doit disputer la finale de la Ligue des champions retour ce vendredi arrivera un peu plus tard. Pareil pour Mahdi Tahrat qui doit disputer un match barrage pour l\u2019accession en Ligue 1 fran\u00e7aise avec son club le RC Lens le 3 juin. Enfin, les joueurs qui \u00e9voluent en S\u00e9rie A, \u00e0 l\u2019image de Fares, Ounas ou encore Bennacer seront attendus en fin de semaine, surtout qu\u2019ils doivent disputer avec leurs clubs respectifs la derni\u00e8re journ\u00e9e\u00a0 du championnat qui a \u00e9t\u00e9 programm\u00e9e pour hier.\u00a0Ce premier regroupement prendre afin le 8 juin. Les co\u00e9quipiers de Riyad Mahrez s\u2019envoleront \u00e0 destination de la capitale qatarienne pour un ultime stage pr\u00e9comp\u00e9titif d\u2019une dizaine de jours\u00a0 ponctu\u00e9\u00a0 par deux matchs amicaux face au Burundi (11 juin) et le Mali\u00a0(16 juin). Le 18 juin, les Verts seront attendus au Caire, o\u00f9 ils seront log\u00e9s \u00e0 l\u2019h\u00f4tel Royal Maxime Palace Kempinski.\u00a0<\/p>\n<p>\u00c0 propos de la liste des 23 joueurs, Djamel Belmadi aura le temps de la remettre avant le 3 juin, date limite pour envoyer \u00e0 la CAF la liste des joueurs concern\u00e9s par la CAN. Il reste encore une semaine au s\u00e9lectionneur national. L\u2019ex-num\u00e9ro 10 des Verts attend certainement la qualification officielle de l\u2019attaquant de Montpellier, Andy Delort qui sera \u00e0 coup s\u00fbr du voyage en \u00c9gypte.Il est utile de rappeler que le s\u00e9lectionneur national devrait animer une conf\u00e9rence de presse cette semaine, probablement ce mercredi au CTN de Sidi Moussa.\u00a0<\/p>\n<p>D\u2019autre part, Djamel Belmadi qui s\u2019est exprim\u00e9 sur le site officiel de la Conf\u00e9d\u00e9ration africaine de football est tr\u00e8s optimiste pour son team en \u00c9gypte. \u201cNotre objectif dans un premier temps c\u2019est de passer le premier tour puis\u00a0 se battre pour le sacre final, car nous ne serons pas en \u00c9gypte en juin\u00a0 prochain pour faire de la figuration. Il faudra se battre pour le titre\u00a0 comme toutes les grandes nations du football africain. Il faudra bien\u00a0 entrer dans la comp\u00e9tition, acqu\u00e9rir cette confiance n\u00e9cessaire puis aller\u00a0 petit \u00e0 petit le plus loin possible\u201d, a indiqu\u00e9 Belmadi.\u00a0\u00a0<\/p>\n<p>Concernant le groupe C de l\u2019Alg\u00e9rie pour la CAN-2019\u00a0 compos\u00e9 \u00e9galement du S\u00e9n\u00e9gal, de la Tanzanie et du Kenya, le s\u00e9lectionneur national pense que c\u2019est un groupe \u00e9quilibr\u00e9. \u201cJe pense que c\u2019est un groupe \u00e9quilibr\u00e9 m\u00eame si nous allons affronter le\u00a0 gros morceau qu\u2019est le S\u00e9n\u00e9gal, \u00e9quipe mondialiste. Les poulains d\u2019Aliou\u00a0 Ciss\u00e9 sont d\u2019ailleurs l\u2019une des\u00a0\u00e9quipes favorites pour le sacre final. Pour\u00a0 le Kenya et la Tanzanie, m\u00eame si ces deux pays n\u2019ont plus jou\u00e9 la CAN\u00a0 depuis plusieurs ann\u00e9es, ils restent quand m\u00eame des adversaires contre qui il faudra faire de bons matches et les remporter\u201d, a-t-il ajout\u00e9.<br \/>\u00a0<\/p>\n<p class=\"c10\"><strong>Sofiane Mehenni<\/strong><\/p>\n<\/div>\n<div id=\"text_core\" readability=\"91\">\n<p><strong>Ra\u00efs M\u2019bolhi est le premier arriv\u00e9 au Centre technique national de Sidi Moussa, avant m\u00eame la date du d\u00e9but de ce rassemblent qui commence officiellement le 3 juin.<\/strong><\/p>\n<p>Le portier alg\u00e9rien qui avait repris la comp\u00e9tition apr\u00e8s deux moins d\u2019arr\u00eat \u00e0 cause d\u2019une blessure au doigt a pris part r\u00e9cemment au dernier match de championnat saoudien avec sa formation d\u2019Ettifak face \u00e0 Al Ahly, un match o\u00f9 le keeper alg\u00e9rien avait conc\u00e9d\u00e9 cinq buts ! (5-0). Le s\u00e9lectionneur national veut faire travailler davantage M\u2019bolhi car il est en manque de comp\u00e9tition.\u00a0 Qu\u2019\u00e0 cela ne tienne, comme le d\u00e9but officiel du premier regroupement des Verts co\u00efncidera avec le premier jour de l\u2019A\u00efd, Belmadi a pr\u00e9f\u00e9r\u00e9 d\u00e9buter le travail avec certains joueurs plus t\u00f4t que pr\u00e9vu, histoire de gagner du temps, car il est contraint de lib\u00e9rer le groupe durant les deux premiers jours de l\u2019A\u00efd el-Fitr (le 3 et le 4 juin). \u00c0 cet effet, Belmadi a inform\u00e9 ses joueurs qu\u2019il vaudrait mieux qu\u2019ils int\u00e8grent le centre de Sidi Moussa avant le 3 juin, histoire de commencer le travail plus t\u00f4t que pr\u00e9vu. Ainsi, les joueurs qui \u00e9voluent aux pays du Golfe, en France, en Angleterre et en Espagne seront attendus pour aujourd\u2019hui.\u00a0<\/p>\n<p>D\u2019autres joueurs arriveront en fin de semaine \u00e0 Alger, comme Yacine Brahimi qui a disput\u00e9 la finale de la coupe du Portugal dimanche dernier. Youcef Bela\u00efli, l\u2019attaquant de l\u2019EST qui doit disputer la finale de la Ligue des champions retour ce vendredi arrivera un peu plus tard. Pareil pour Mahdi Tahrat qui doit disputer un match barrage pour l\u2019accession en Ligue 1 fran\u00e7aise avec son club le RC Lens le 3 juin. Enfin, les joueurs qui \u00e9voluent en S\u00e9rie A, \u00e0 l\u2019image de Fares, Ounas ou encore Bennacer seront attendus en fin de semaine, surtout qu\u2019ils doivent disputer avec leurs clubs respectifs la derni\u00e8re journ\u00e9e\u00a0 du championnat qui a \u00e9t\u00e9 programm\u00e9e pour hier.\u00a0Ce premier regroupement prendre afin le 8 juin. Les co\u00e9quipiers de Riyad Mahrez s\u2019envoleront \u00e0 destination de la capitale qatarienne pour un ultime stage pr\u00e9comp\u00e9titif d\u2019une dizaine de jours\u00a0 ponctu\u00e9\u00a0 par deux matchs amicaux face au Burundi (11 juin) et le Mali\u00a0(16 juin). Le 18 juin, les Verts seront attendus au Caire, o\u00f9 ils seront log\u00e9s \u00e0 l\u2019h\u00f4tel Royal Maxime Palace Kempinski.\u00a0<\/p>\n<p>\u00c0 propos de la liste des 23 joueurs, Djamel Belmadi aura le temps de la remettre avant le 3 juin, date limite pour envoyer \u00e0 la CAF la liste des joueurs concern\u00e9s par la CAN. Il reste encore une semaine au s\u00e9lectionneur national. L\u2019ex-num\u00e9ro 10 des Verts attend certainement la qualification officielle de l\u2019attaquant de Montpellier, Andy Delort qui sera \u00e0 coup s\u00fbr du voyage en \u00c9gypte.Il est utile de rappeler que le s\u00e9lectionneur national devrait animer une conf\u00e9rence de presse cette semaine, probablement ce mercredi au CTN de Sidi Moussa.\u00a0<\/p>\n<p>D\u2019autre part, Djamel Belmadi qui s\u2019est exprim\u00e9 sur le site officiel de la Conf\u00e9d\u00e9ration africaine de football est tr\u00e8s optimiste pour son team en \u00c9gypte. \u201cNotre objectif dans un premier temps c\u2019est de passer le premier tour puis\u00a0 se battre pour le sacre final, car nous ne serons pas en \u00c9gypte en juin\u00a0 prochain pour faire de la figuration. Il faudra se battre pour le titre\u00a0 comme toutes les grandes nations du football africain. Il faudra bien\u00a0 entrer dans la comp\u00e9tition, acqu\u00e9rir cette confiance n\u00e9cessaire puis aller\u00a0 petit \u00e0 petit le plus loin possible\u201d, a indiqu\u00e9 Belmadi.\u00a0\u00a0<\/p>\n<p>Concernant le groupe C de l\u2019Alg\u00e9rie pour la CAN-2019\u00a0 compos\u00e9 \u00e9galement du S\u00e9n\u00e9gal, de la Tanzanie et du Kenya, le s\u00e9lectionneur national pense que c\u2019est un groupe \u00e9quilibr\u00e9. \u201cJe pense que c\u2019est un groupe \u00e9quilibr\u00e9 m\u00eame si nous allons affronter le\u00a0 gros morceau qu\u2019est le S\u00e9n\u00e9gal, \u00e9quipe mondialiste. Les poulains d\u2019Aliou\u00a0 Ciss\u00e9 sont d\u2019ailleurs l\u2019une des\u00a0\u00e9quipes favorites pour le sacre final. Pour\u00a0 le Kenya et la Tanzanie, m\u00eame si ces deux pays n\u2019ont plus jou\u00e9 la CAN\u00a0 depuis plusieurs ann\u00e9es, ils restent quand m\u00eame des adversaires contre qui il faudra faire de bons matches et les remporter\u201d, a-t-il ajout\u00e9.<br \/>\u00a0<\/p>\n<p class=\"c10\"><strong>Sofiane Mehenni<\/strong><\/p>\n<\/div>\n<p>Auteur:<br \/>\n<a href=\"https:\/\/www.liberte-algerie.com\/sports\/plusieurs-joueurs-attendus-des-aujourdhui-au-ctn-316673\">Cliquez ici pour lire l&rsquo;article depuis sa source.<\/a><\/p>\n","protected":false},"excerpt":{"rendered":"<p>Ra\u00efs M\u2019bolhi est le premier arriv\u00e9 au Centre technique national de Sidi Moussa, avant m\u00eame la date du d\u00e9but de ce rassemblent qui commence officiellement le 3 juin. Le portier alg\u00e9rien qui avait repris la comp\u00e9tition apr\u00e8s deux moins d\u2019arr\u00eat \u00e0 cause d\u2019une blessure au doigt a pris part r\u00e9cemment au dernier match de championnat [&hellip;]<\/p>\n","protected":false},"author":1742,"featured_media":0,"comment_status":"closed","ping_status":"closed","sticky":false,"template":"","format":"standard","meta":{"fifu_image_url":"","fifu_image_alt":"","footnotes":""},"categories":[73,53],"tags":[],"class_list":["post-36850","post","type-post","status-publish","format-standard","hentry","category-actualite","category-algerie"],"_links":{"self":[{"href":"https:\/\/linitiative.ca\/International\/wp-json\/wp\/v2\/posts\/36850","targetHints":{"allow":["GET"]}}],"collection":[{"href":"https:\/\/linitiative.ca\/International\/wp-json\/wp\/v2\/posts"}],"about":[{"href":"https:\/\/linitiative.ca\/International\/wp-json\/wp\/v2\/types\/post"}],"author":[{"embeddable":true,"href":"https:\/\/linitiative.ca\/International\/wp-json\/wp\/v2\/users\/1742"}],"replies":[{"embeddable":true,"href":"https:\/\/linitiative.ca\/International\/wp-json\/wp\/v2\/comments?post=36850"}],"version-history":[{"count":0,"href":"https:\/\/linitiative.ca\/International\/wp-json\/wp\/v2\/posts\/36850\/revisions"}],"wp:attachment":[{"href":"https:\/\/linitiative.ca\/International\/wp-json\/wp\/v2\/media?parent=36850"}],"wp:term":[{"taxonomy":"category","embeddable":true,"href":"https:\/\/linitiative.ca\/International\/wp-json\/wp\/v2\/categories?post=36850"},{"taxonomy":"post_tag","embeddable":true,"href":"https:\/\/linitiative.ca\/International\/wp-json\/wp\/v2\/tags?post=36850"}],"curies":[{"name":"wp","href":"https:\/\/api.w.org\/{rel}","templated":true}]}}