{"id":36851,"date":"2019-05-27T06:00:00","date_gmt":"2019-05-27T10:00:00","guid":{"rendered":"https:\/\/linitiative.ca\/International\/les-clubs-de-la-region-sud-est-menacent-de-boycotter-le-championnat\/"},"modified":"2019-05-27T06:00:00","modified_gmt":"2019-05-27T10:00:00","slug":"les-clubs-de-la-region-sud-est-menacent-de-boycotter-le-championnat","status":"publish","type":"post","link":"https:\/\/linitiative.ca\/International\/les-clubs-de-la-region-sud-est-menacent-de-boycotter-le-championnat\/","title":{"rendered":"Les clubs de la r\u00e9gion sud-est menacent de boycotter le championnat"},"content":{"rendered":"<div id=\"originalText\" readability=\"54\">\n<p>Les clubs de la r\u00e9gion sud-est, relevant de la division nationale amateur et de l\u2019inter-r\u00e9gions, menacent de boycotter le prochain championnat national pour exprimer leur refus de la d\u00e9cision de la F\u00e9d\u00e9ration alg\u00e9rienne de football (FAF), lors de son assembl\u00e9e g\u00e9n\u00e9rale, de cr\u00e9er deux nouveaux groupes en championnat inter-r\u00e9gions (Sud-Est et Sud-Ouest), selon un communiqu\u00e9 rendu public dimanche. Sanctionnant une r\u00e9cente r\u00e9union ayant regroup\u00e9 les repr\u00e9sentants des clubs concern\u00e9s, cette option de boycott de l\u2019\u00e9dition 2019-2020 du championnat national a \u00e9t\u00e9 prise pour revendiquer notamment la cr\u00e9ation\u00a0 d\u2019un groupe du Sud-Est en Division nationale amateur, au lieu de la division inter-r\u00e9gions, pour mettre tous les clubs du pays sur un pied d\u2019\u00e9galit\u00e9 en ce qui concerne l\u2019accession aux championnats professionnels\u00a0 (Ligues 1 et 2), a-t-on pr\u00e9cis\u00e9.<\/p>\n<p>D\u2019autres revendications ont \u00e9t\u00e9 soulev\u00e9es, \u00e0 cette occasion, parmi lesquelles la n\u00e9cessit\u00e9 d\u2019accorder un soutien financier aux clubs de football en difficult\u00e9 par les compagnies p\u00e9troli\u00e8res op\u00e9rant dans le Sud, la r\u00e9alisation d\u2019un centre de formation et de pr\u00e9paration des \u00e9quipes nationales dans la r\u00e9gion ainsi que l\u2019utilisation des arbitres de la r\u00e9gion\u00a0 dans les diff\u00e9rents championnats \u00e0 l&rsquo;\u00e9chelle nationale, selon la m\u00eame source. Selon le communiqu\u00e9, ces clubs s\u2019engagent \u00e0 maintenir leur d\u00e9cision de boycotter le prochain championnat national si jamais les choses n\u2019\u00e9voluent pas dans le bon sens et que leurs revendications \u201cl\u00e9gitimes\u201d ne sont pas satisfaites par la<\/p>\n<p class=\"c10\"><strong>FAF.\u00a0<\/strong><\/p>\n<\/div>\n<div id=\"text_core\" readability=\"54\">\n<p>Les clubs de la r\u00e9gion sud-est, relevant de la division nationale amateur et de l\u2019inter-r\u00e9gions, menacent de boycotter le prochain championnat national pour exprimer leur refus de la d\u00e9cision de la F\u00e9d\u00e9ration alg\u00e9rienne de football (FAF), lors de son assembl\u00e9e g\u00e9n\u00e9rale, de cr\u00e9er deux nouveaux groupes en championnat inter-r\u00e9gions (Sud-Est et Sud-Ouest), selon un communiqu\u00e9 rendu public dimanche. Sanctionnant une r\u00e9cente r\u00e9union ayant regroup\u00e9 les repr\u00e9sentants des clubs concern\u00e9s, cette option de boycott de l\u2019\u00e9dition 2019-2020 du championnat national a \u00e9t\u00e9 prise pour revendiquer notamment la cr\u00e9ation\u00a0 d\u2019un groupe du Sud-Est en Division nationale amateur, au lieu de la division inter-r\u00e9gions, pour mettre tous les clubs du pays sur un pied d\u2019\u00e9galit\u00e9 en ce qui concerne l\u2019accession aux championnats professionnels\u00a0 (Ligues 1 et 2), a-t-on pr\u00e9cis\u00e9.<\/p>\n<p>D\u2019autres revendications ont \u00e9t\u00e9 soulev\u00e9es, \u00e0 cette occasion, parmi lesquelles la n\u00e9cessit\u00e9 d\u2019accorder un soutien financier aux clubs de football en difficult\u00e9 par les compagnies p\u00e9troli\u00e8res op\u00e9rant dans le Sud, la r\u00e9alisation d\u2019un centre de formation et de pr\u00e9paration des \u00e9quipes nationales dans la r\u00e9gion ainsi que l\u2019utilisation des arbitres de la r\u00e9gion\u00a0 dans les diff\u00e9rents championnats \u00e0 l&rsquo;\u00e9chelle nationale, selon la m\u00eame source. Selon le communiqu\u00e9, ces clubs s\u2019engagent \u00e0 maintenir leur d\u00e9cision de boycotter le prochain championnat national si jamais les choses n\u2019\u00e9voluent pas dans le bon sens et que leurs revendications \u201cl\u00e9gitimes\u201d ne sont pas satisfaites par la<\/p>\n<p class=\"c10\"><strong>FAF.\u00a0<\/strong><\/p>\n<\/div>\n<p>Auteur:<br \/>\n<a href=\"https:\/\/www.liberte-algerie.com\/sports\/les-clubs-de-la-region-sud-est-menacent-de-boycotter-le-championnat-316672\">Cliquez ici pour lire l&rsquo;article depuis sa source.<\/a><\/p>\n","protected":false},"excerpt":{"rendered":"<p>Les clubs de la r\u00e9gion sud-est, relevant de la division nationale amateur et de l\u2019inter-r\u00e9gions, menacent de boycotter le prochain championnat national pour exprimer leur refus de la d\u00e9cision de la F\u00e9d\u00e9ration alg\u00e9rienne de football (FAF), lors de son assembl\u00e9e g\u00e9n\u00e9rale, de cr\u00e9er deux nouveaux groupes en championnat inter-r\u00e9gions (Sud-Est et Sud-Ouest), selon un communiqu\u00e9 [&hellip;]<\/p>\n","protected":false},"author":1742,"featured_media":0,"comment_status":"closed","ping_status":"closed","sticky":false,"template":"","format":"standard","meta":{"fifu_image_url":"","fifu_image_alt":"","footnotes":""},"categories":[73,53],"tags":[],"class_list":["post-36851","post","type-post","status-publish","format-standard","hentry","category-actualite","category-algerie"],"_links":{"self":[{"href":"https:\/\/linitiative.ca\/International\/wp-json\/wp\/v2\/posts\/36851","targetHints":{"allow":["GET"]}}],"collection":[{"href":"https:\/\/linitiative.ca\/International\/wp-json\/wp\/v2\/posts"}],"about":[{"href":"https:\/\/linitiative.ca\/International\/wp-json\/wp\/v2\/types\/post"}],"author":[{"embeddable":true,"href":"https:\/\/linitiative.ca\/International\/wp-json\/wp\/v2\/users\/1742"}],"replies":[{"embeddable":true,"href":"https:\/\/linitiative.ca\/International\/wp-json\/wp\/v2\/comments?post=36851"}],"version-history":[{"count":0,"href":"https:\/\/linitiative.ca\/International\/wp-json\/wp\/v2\/posts\/36851\/revisions"}],"wp:attachment":[{"href":"https:\/\/linitiative.ca\/International\/wp-json\/wp\/v2\/media?parent=36851"}],"wp:term":[{"taxonomy":"category","embeddable":true,"href":"https:\/\/linitiative.ca\/International\/wp-json\/wp\/v2\/categories?post=36851"},{"taxonomy":"post_tag","embeddable":true,"href":"https:\/\/linitiative.ca\/International\/wp-json\/wp\/v2\/tags?post=36851"}],"curies":[{"name":"wp","href":"https:\/\/api.w.org\/{rel}","templated":true}]}}