{"id":36869,"date":"2019-05-26T18:53:51","date_gmt":"2019-05-26T22:53:51","guid":{"rendered":"https:\/\/linitiative.ca\/International\/le-zamalek-degypte-remporte-la-coupe-de-la-caf\/"},"modified":"2019-05-26T18:53:51","modified_gmt":"2019-05-26T22:53:51","slug":"le-zamalek-degypte-remporte-la-coupe-de-la-caf","status":"publish","type":"post","link":"https:\/\/linitiative.ca\/International\/le-zamalek-degypte-remporte-la-coupe-de-la-caf\/","title":{"rendered":"Le Zamalek d\u2019Egypte remporte la Coupe de la CAF"},"content":{"rendered":"<div class=\"single-featured\"><img alt=\"\" data-src=\"http:\/\/www.mapoujda.ma\/map\/uploads\/2019\/05\/Zamalek-RSB-CAF-CC-M-750\u00d7430-1.jpg\"\/><\/div>\n<div class=\"single-post-excerpt post-excerpt-bc\" readability=\"37\">\n<p>Le club \u00e9gyptien du Zamalek a remport\u00e9 la Coupe de la Conf\u00e9d\u00e9ration africaine de football (CAF), en s\u2019imposant aux tirs au but (temps r\u00e9glementaire 1-0, t.a.b 5-3) devant la Renaissance de Berkane, en finale retour disput\u00e9e dimanche soir au stade Borj Al Arab d\u2019Alexandrie.<\/p>\n<\/div>\n<div class=\"entry-content clearfix single-post-content\" readability=\"59\">\n<p>Les Berkanis, qui ont termin\u00e9 la rencontre \u00e0 dix apr\u00e8s l\u2019expulsion d\u2019Omar Namsaoui (87\u00e8) ont pourtant bien d\u00e9marr\u00e9 cette finale en imposant un pressing haut qui a brouill\u00e9 les cartes du club cairote. D\u00e8s la 6\u00e8 minute, Hamdi Laachir a failli ouvert la marque, mais son tir est all\u00e9 au-dessus de la transversale.<\/p>\n<p>Le Togolais Laba Kodjo, auteur du but de la victoire de la Renaissance en match aller, a r\u00e9ussi \u00e0 s\u2019infiltrer \u00e0 deux reprises (19\u00e8 et 21\u00e8) dans la d\u00e9fense \u00e9gyptienne, mais sans parvenir \u00e0 tromper la vigilance du gardien Mahmoud Janech.<\/p>\n<p>Au retour des vestiaires, l\u2019arbitre \u00e9thiopien Bamlak Tessema siffle un p\u00e9nalty en faveur des Egyptiens, apr\u00e8s recours \u00e0 la technique du VAR, transform\u00e9 par Mahmoud Alaa (55\u00e8).<\/p>\n<p>Avec ce sacre, le Zamalek devient le deuxi\u00e8me club \u00e9gyptien \u00e0 remporter ce troph\u00e9e apr\u00e8s son rival d\u2019Al Ahly (2014).<\/p>\n<p>Il s\u2019agit du premier titre continental d\u00e9croch\u00e9 par le Zamalek apr\u00e8s 16 ans de vaches maigres, lui qui avait remport\u00e9 en 2003 la Supercoupe d\u2019Afrique aux d\u00e9pens du Wydad de Casablanca.<\/p>\n<\/div>\n<p>Auteur: Soufiane ELAHMAR<br \/>\n<a href=\"http:\/\/www.mapoujda.ma\/fr\/le-zamalek-degypte-remporte-la-coupe-de-la-caf\/\">Cliquez ici pour lire l&rsquo;article depuis sa source.<\/a><\/p>\n","protected":false},"excerpt":{"rendered":"<p>Le club \u00e9gyptien du Zamalek a remport\u00e9 la Coupe de la Conf\u00e9d\u00e9ration africaine de football (CAF), en s\u2019imposant aux tirs au but (temps r\u00e9glementaire 1-0, t.a.b 5-3) devant la Renaissance de Berkane, en finale retour disput\u00e9e dimanche soir au stade Borj Al Arab d\u2019Alexandrie. Les Berkanis, qui ont termin\u00e9 la rencontre \u00e0 dix apr\u00e8s l\u2019expulsion [&hellip;]<\/p>\n","protected":false},"author":1788,"featured_media":36870,"comment_status":"closed","ping_status":"closed","sticky":false,"template":"","format":"standard","meta":{"fifu_image_url":"","fifu_image_alt":"","footnotes":""},"categories":[54,76],"tags":[],"class_list":["post-36869","post","type-post","status-publish","format-standard","has-post-thumbnail","hentry","category-maroc","category-regions"],"_links":{"self":[{"href":"https:\/\/linitiative.ca\/International\/wp-json\/wp\/v2\/posts\/36869","targetHints":{"allow":["GET"]}}],"collection":[{"href":"https:\/\/linitiative.ca\/International\/wp-json\/wp\/v2\/posts"}],"about":[{"href":"https:\/\/linitiative.ca\/International\/wp-json\/wp\/v2\/types\/post"}],"author":[{"embeddable":true,"href":"https:\/\/linitiative.ca\/International\/wp-json\/wp\/v2\/users\/1788"}],"replies":[{"embeddable":true,"href":"https:\/\/linitiative.ca\/International\/wp-json\/wp\/v2\/comments?post=36869"}],"version-history":[{"count":0,"href":"https:\/\/linitiative.ca\/International\/wp-json\/wp\/v2\/posts\/36869\/revisions"}],"wp:featuredmedia":[{"embeddable":true,"href":"https:\/\/linitiative.ca\/International\/wp-json\/"}],"wp:attachment":[{"href":"https:\/\/linitiative.ca\/International\/wp-json\/wp\/v2\/media?parent=36869"}],"wp:term":[{"taxonomy":"category","embeddable":true,"href":"https:\/\/linitiative.ca\/International\/wp-json\/wp\/v2\/categories?post=36869"},{"taxonomy":"post_tag","embeddable":true,"href":"https:\/\/linitiative.ca\/International\/wp-json\/wp\/v2\/tags?post=36869"}],"curies":[{"name":"wp","href":"https:\/\/api.w.org\/{rel}","templated":true}]}}