{"id":36879,"date":"2019-05-27T15:14:25","date_gmt":"2019-05-27T19:14:25","guid":{"rendered":"https:\/\/linitiative.ca\/International\/ligue-1-2-mca-azzi-passera-lirm-pour-etre-fixe-sur-levolution-de-sa-blessure\/"},"modified":"2019-05-27T15:14:25","modified_gmt":"2019-05-27T19:14:25","slug":"ligue-1-2-mca-azzi-passera-lirm-pour-etre-fixe-sur-levolution-de-sa-blessure","status":"publish","type":"post","link":"https:\/\/linitiative.ca\/International\/ligue-1-2-mca-azzi-passera-lirm-pour-etre-fixe-sur-levolution-de-sa-blessure\/","title":{"rendered":"Ligue 1 &amp; 2 : MCA : Azzi passera l\u2019IRM pour \u00eatre fix\u00e9 sur l\u2019\u00e9volution de sa blessure"},"content":{"rendered":"<div readability=\"32\">\n<p>Auteur : <span>Kamel M.<\/span> <span class=\"time\">lundi 27 mai 2019 10:25<\/span><\/p>\n<\/div>\n<div id=\"post_core\" readability=\"76\">\n<p>Bien qu\u2019il ait repris la comp\u00e9tition ces derniers jours, Ayoub Azzi ressent toujours des douleurs du\u00a0\u00a0 genou\u00a0 malgr\u00e9 le fait qu\u2019il ait effectu\u00e9 une intervention chirurgicale pour une ablation du m\u00e9nisque. Une situation qui n\u2019a pas manqu\u00e9 de susciter les inqui\u00e9tudes de la direction du club au sujet de l\u2019\u00e9tat de sant\u00e9 du joueur, d\u2019autant plus que le premier diagnostic \u00e9tabli a r\u00e9v\u00e9l\u00e9 qu\u2019Azzi souffrait d\u2019un \u00e9tirement\u00a0 des ligaments. Ainsi, la direction a demand\u00e9 \u00e0 Azzi de passer l\u2019IRM juste apr\u00e8s le match de l\u2019ASAM afin d\u2019\u00eatre fix\u00e9 sur la nature de l\u2019\u00e9volution de son \u00e9tat de sant\u00e9. D\u2019apr\u00e8s les sympt\u00f4mes des douleurs qu\u2019il a ressenties, il ne s\u2019est pas r\u00e9tabli de sa blessure des ligaments.<\/p>\n<p><strong>Il a rat\u00e9 la phase retour m\u00eame s\u2019il a refus\u00e9 d\u2019\u00eatre op\u00e9r\u00e9<\/strong><br \/>En effet, les responsables tiennent \u00e0 ce qu\u2019un diagnostic soit bien d\u00e9taill\u00e9 par le radiologue afin qu\u2019il soit remis \u00e0 un m\u00e9decin sp\u00e9cialiste en la mati\u00e8re, car Azzi a rat\u00e9 presque toute la phase retour du championnat. Lui qui s\u2019est bless\u00e9 face \u00e0 Al Merrikh le 31 janvier dernier, et\u00a0 n\u2019a repris la comp\u00e9tition que r\u00e9cemment avec l\u2019\u00e9quipe r\u00e9serve face \u00e0 la JSS, avant d\u2019\u00eatre titularis\u00e9 contre l\u2019USMBA. Au Mouloudia, on redoute ainsi que la blessure d\u2019Azzi soit un peu m\u00e9chante, lorsqu\u2019on sait qu\u2019il a refus\u00e9 la solution de passer sur le billard, pr\u00e9f\u00e9rant suivre des soins intensifs, malgr\u00e9 le fait que son m\u00e9decin traitant lui ait conseill\u00e9 de subir une intervention chirurgicale. Autrement dit, Azzi ne voulait pas se faire op\u00e9rer des ligaments synonyme de fin de saison, ce qui explique la seconde solution pour laquelle il a opt\u00e9. Finalement, Azzi pouvait bien s\u2019\u00e9pargner cette souffrance et de rechuter \u00e0 trois reprises, s\u2019il avait pris en compte le conseil du m\u00e9decin, car il a tout de m\u00eame rat\u00e9 presque toute la phase retour du championnat.<\/p>\n<p><strong>Il pouvait gagner du temps et risque de se retrouver dans l\u2019embarras<\/strong><br \/>Maintenant qu\u2019Azzi sera appel\u00e9 \u00e0 passer l\u2019IRM et si les r\u00e9sultats lui sont d\u00e9favorables, il n\u2019aura pas d\u2019autres solutions que de subir une intervention chirurgicale au risque que sa blessure\u00a0 se complique davantage. S\u2019il est op\u00e9r\u00e9, Azzi ratera tout simplement la pr\u00e9paration d\u2019intersaison ce qui le mettra dans une situation embarrassante, car si\u00a0 le diagnostic m\u00e9dical r\u00e9v\u00e8le qu\u2019il doit se faire op\u00e9rer des ligaments, le joueur sera indisponible pour une longue dur\u00e9e. Azzi pouvait donc bien gagner du temps s\u2019il avait suivi le conseil de son m\u00e9decin qui lui a demand\u00e9 de se faire op\u00e9rer juste apr\u00e8s sa blessure.<\/p>\n<p><strong>Son avenir au Mouloudia est tributaire des r\u00e9sultats de l\u2019IRM<\/strong><br \/>De cela on pourra dire d\u2019ores et d\u00e9j\u00e0 que l\u2019IRM que le joueur passera pourra d\u00e9terminer en grande partie son avenir au Mouloudia, car s\u2019il sera indisponible pour longtemps, la direction du club n\u2019acceptera pas de perdre une licence gratuitement et essayera de trouver un terrain d\u2019entente qui arrangerait les deux parties. Maintenant si les r\u00e9sultats lui sont favorables,\u00a0\u00a0 Azzi poussera un ouf de soulagement et pourra se consacrer aux soins afin d\u2019\u00eatre pris \u00e0 la reprise des entrainements.<\/p>\n<p><strong>Publi\u00e9 dans :<\/strong> <span>mca<\/span> <span>Azzi<\/span> <span>ASAM<\/span><\/p>\n<\/div>\n<p>Auteur:<br \/>\n<a href=\"http:\/\/www.lebuteur.com\/article\/detail?titre=mca-azzi-passera-lirm-pour-etre-fixe-sur-levolution-de-sa-blessure&#038;id=89128&#038;utm_source=feedburner&#038;utm_medium=feed&#038;utm_campaign=Feed%3A+GalerieFArtciles+%28Les+derniers+articles++-+lebuteur.com%29\">Cliquez ici pour lire l&rsquo;article depuis sa source.<\/a><\/p>\n","protected":false},"excerpt":{"rendered":"<p>Auteur : Kamel M. lundi 27 mai 2019 10:25 Bien qu\u2019il ait repris la comp\u00e9tition ces derniers jours, Ayoub Azzi ressent toujours des douleurs du\u00a0\u00a0 genou\u00a0 malgr\u00e9 le fait qu\u2019il ait effectu\u00e9 une intervention chirurgicale pour une ablation du m\u00e9nisque. Une situation qui n\u2019a pas manqu\u00e9 de susciter les inqui\u00e9tudes de la direction du club [&hellip;]<\/p>\n","protected":false},"author":1738,"featured_media":36880,"comment_status":"closed","ping_status":"closed","sticky":false,"template":"","format":"standard","meta":{"fifu_image_url":"","fifu_image_alt":"","footnotes":""},"categories":[53,75],"tags":[],"class_list":["post-36879","post","type-post","status-publish","format-standard","has-post-thumbnail","hentry","category-algerie","category-sport"],"_links":{"self":[{"href":"https:\/\/linitiative.ca\/International\/wp-json\/wp\/v2\/posts\/36879","targetHints":{"allow":["GET"]}}],"collection":[{"href":"https:\/\/linitiative.ca\/International\/wp-json\/wp\/v2\/posts"}],"about":[{"href":"https:\/\/linitiative.ca\/International\/wp-json\/wp\/v2\/types\/post"}],"author":[{"embeddable":true,"href":"https:\/\/linitiative.ca\/International\/wp-json\/wp\/v2\/users\/1738"}],"replies":[{"embeddable":true,"href":"https:\/\/linitiative.ca\/International\/wp-json\/wp\/v2\/comments?post=36879"}],"version-history":[{"count":0,"href":"https:\/\/linitiative.ca\/International\/wp-json\/wp\/v2\/posts\/36879\/revisions"}],"wp:featuredmedia":[{"embeddable":true,"href":"https:\/\/linitiative.ca\/International\/wp-json\/"}],"wp:attachment":[{"href":"https:\/\/linitiative.ca\/International\/wp-json\/wp\/v2\/media?parent=36879"}],"wp:term":[{"taxonomy":"category","embeddable":true,"href":"https:\/\/linitiative.ca\/International\/wp-json\/wp\/v2\/categories?post=36879"},{"taxonomy":"post_tag","embeddable":true,"href":"https:\/\/linitiative.ca\/International\/wp-json\/wp\/v2\/tags?post=36879"}],"curies":[{"name":"wp","href":"https:\/\/api.w.org\/{rel}","templated":true}]}}