{"id":36883,"date":"2019-05-27T15:14:30","date_gmt":"2019-05-27T19:14:30","guid":{"rendered":"https:\/\/linitiative.ca\/International\/pros-spal-fares-buteur-face-au-milan-ac-pour-la-derniere-journee-de-serie-a\/"},"modified":"2019-05-27T15:14:30","modified_gmt":"2019-05-27T19:14:30","slug":"pros-spal-fares-buteur-face-au-milan-ac-pour-la-derniere-journee-de-serie-a","status":"publish","type":"post","link":"https:\/\/linitiative.ca\/International\/pros-spal-fares-buteur-face-au-milan-ac-pour-la-derniere-journee-de-serie-a\/","title":{"rendered":"Pros : Spal : Far\u00e8s buteur face au Milan AC pour la derni\u00e8re journ\u00e9e de Serie A"},"content":{"rendered":"<div readability=\"32\">\n<p>Auteur : <span class=\"time\">lundi 27 mai 2019 13:47<\/span><\/p>\n<\/div>\n<div id=\"post_core\" readability=\"30.807106599\">\n<p>Le d\u00e9fenseur de Spal a trouv\u00e9 le chemin des filets en deuxi\u00e8me p\u00e9riode gr\u00e2ce \u00e0 un but de la t\u00eate inscrit \u00e0 la 53\u00e8me minute de jeu et qui a permis \u00e0 son \u00e9quipe d&rsquo;\u00e9galiser \u00e0 2-2 face aux Milanais. Far\u00e8s aura inscrit 3 buts lors de cette saison.<\/p>\n<p><strong>Publi\u00e9 dans :<\/strong> <span>SPAL<\/span><\/p>\n<\/div>\n<p>Auteur:<br \/>\n<a href=\"http:\/\/www.lebuteur.com\/article\/detail?titre=spal-fares-buteur-face-au-milan-ac-pour-la-derniere-journee-de-serie-a&#038;id=89138&#038;utm_source=feedburner&#038;utm_medium=feed&#038;utm_campaign=Feed%3A+GalerieFArtciles+%28Les+derniers+articles++-+lebuteur.com%29\">Cliquez ici pour lire l&rsquo;article depuis sa source.<\/a><\/p>\n","protected":false},"excerpt":{"rendered":"<p>Auteur : lundi 27 mai 2019 13:47 Le d\u00e9fenseur de Spal a trouv\u00e9 le chemin des filets en deuxi\u00e8me p\u00e9riode gr\u00e2ce \u00e0 un but de la t\u00eate inscrit \u00e0 la 53\u00e8me minute de jeu et qui a permis \u00e0 son \u00e9quipe d&rsquo;\u00e9galiser \u00e0 2-2 face aux Milanais. Far\u00e8s aura inscrit 3 buts lors de cette [&hellip;]<\/p>\n","protected":false},"author":1738,"featured_media":36884,"comment_status":"closed","ping_status":"closed","sticky":false,"template":"","format":"standard","meta":{"fifu_image_url":"","fifu_image_alt":"","footnotes":""},"categories":[53,75],"tags":[],"class_list":["post-36883","post","type-post","status-publish","format-standard","has-post-thumbnail","hentry","category-algerie","category-sport"],"_links":{"self":[{"href":"https:\/\/linitiative.ca\/International\/wp-json\/wp\/v2\/posts\/36883","targetHints":{"allow":["GET"]}}],"collection":[{"href":"https:\/\/linitiative.ca\/International\/wp-json\/wp\/v2\/posts"}],"about":[{"href":"https:\/\/linitiative.ca\/International\/wp-json\/wp\/v2\/types\/post"}],"author":[{"embeddable":true,"href":"https:\/\/linitiative.ca\/International\/wp-json\/wp\/v2\/users\/1738"}],"replies":[{"embeddable":true,"href":"https:\/\/linitiative.ca\/International\/wp-json\/wp\/v2\/comments?post=36883"}],"version-history":[{"count":0,"href":"https:\/\/linitiative.ca\/International\/wp-json\/wp\/v2\/posts\/36883\/revisions"}],"wp:featuredmedia":[{"embeddable":true,"href":"https:\/\/linitiative.ca\/International\/wp-json\/"}],"wp:attachment":[{"href":"https:\/\/linitiative.ca\/International\/wp-json\/wp\/v2\/media?parent=36883"}],"wp:term":[{"taxonomy":"category","embeddable":true,"href":"https:\/\/linitiative.ca\/International\/wp-json\/wp\/v2\/categories?post=36883"},{"taxonomy":"post_tag","embeddable":true,"href":"https:\/\/linitiative.ca\/International\/wp-json\/wp\/v2\/tags?post=36883"}],"curies":[{"name":"wp","href":"https:\/\/api.w.org\/{rel}","templated":true}]}}