{"id":36887,"date":"2019-05-27T15:14:35","date_gmt":"2019-05-27T19:14:35","guid":{"rendered":"https:\/\/linitiative.ca\/International\/ligue-1-2-usma-benguit-il-ne-fallait-pas-nous-enterrer-trop-vite\/"},"modified":"2019-05-27T15:14:35","modified_gmt":"2019-05-27T19:14:35","slug":"ligue-1-2-usma-benguit-il-ne-fallait-pas-nous-enterrer-trop-vite","status":"publish","type":"post","link":"https:\/\/linitiative.ca\/International\/ligue-1-2-usma-benguit-il-ne-fallait-pas-nous-enterrer-trop-vite\/","title":{"rendered":"Ligue 1 &amp; 2 : USMA : Benguit \u00abIl ne fallait pas nous enterrer trop vite !\u00bb"},"content":{"rendered":"<div readability=\"32\">\n<p>Auteur : <span class=\"time\">lundi 27 mai 2019 18:48<\/span><\/p>\n<\/div>\n<div id=\"post_core\" readability=\"46\">\n<p>Le milieu de terrain Raouf Benguit nous a parl\u00e9 de ce 8e titre dans l\u2019histoire du club apr\u00e8s cette belle victoire en d\u00e9placement face au CSC sur le score de 3 buts \u00e0 1. Il nous a confi\u00e9 que les joueurs n\u2019ont \u00e0 aucun moment dout\u00e9 de leurs capacit\u00e9s car ils savaient qu\u2019ils avaient les moyens de revenir avec la victoire de Constantine.<\/p>\n<p><strong>Vous \u00eates parvenus \u00e0 gagner face au CSC. Vos premi\u00e8res impressions ?<\/strong><br \/>Je suis vraiment aux anges. Comme vous l\u2019avez vu, nous sommes parvenus \u00e0 s\u2019imposer en d\u00e9placement dans un match qui \u00e9tait loin d\u2019\u00eatre facile pour nous. On a eu affaire \u00e0 une rude formation du CSC qui a tout fait pour nous mettre les b\u00e2tons dans les roues et c\u2019est l\u00e9gitime car chaque \u00e9quipe veut gagner \u00e0 domicile. On savait que personne n\u2019allait nous faire de cadeau. On savait surtout qu\u2019il fallait croire en nos chances jusqu\u2019\u00e0 la fin et c\u2019est ce qui s\u2019est pass\u00e9.<br \/><strong>Est-ce le fait d\u2019avoir marqu\u00e9 en premier qui vous a lib\u00e9r\u00e9s mentalement ?<\/strong><br \/>C\u2019est vrai, le fait d\u2019avoir trouv\u00e9 la faille rapidement en premi\u00e8re p\u00e9riode nous a mis en confiance. Et malgr\u00e9 le but \u00e9galisateur, nous n\u2019avons pas perdu espoir puisque Ibara est parvenu \u00e0 marquer le second but. En seconde manche, on n\u2019a pas recul\u00e9 puisqu\u2019on savait qu\u2019il y avait une possibilit\u00e9 d\u2019ajouter le troisi\u00e8me. On a cru en nos chances jusqu\u2019\u00e0 marquer ce troisi\u00e8me but qui nous a mis totalement \u00e0 l\u2019abri. Je suis tr\u00e8s heureux pour l\u2019USMA car ce championnat n\u2019a vraiment pas \u00e9t\u00e9 facile.<br \/><strong>Qu\u2019avez-vous \u00e0 dire \u00e0 ceux qui pensaient que l\u2019USMA a perdu le titre apr\u00e8s l\u2019\u00e9chec du MCO ?<\/strong><br \/>Je leur dis tout simplement qu\u2019il ne fallait pas nous enterrer trop vite. Les grands ne meurent jamais. Nous avons certes connu des moments difficiles mais \u00e0 aucun moment nous avons dout\u00e9 en nous. On savait qu\u2019il fallait gagner cette rencontre et c\u2019est ce que nous avons fait au final. On \u00e9tait h\u00e9ro\u00efques dans ce match. Je remercie l\u2019ensemble des joueurs, le staff, les dirigeants mais surtout les supporters qui nous ont soutenus jusqu\u2019\u00e0 la fin. Ils nous ont encourag\u00e9s et les avoir \u00e0 nos c\u00f4t\u00e9s a \u00e9t\u00e9 une source de motivation pour tout le groupe.<br \/><strong>Quel est votre sentiment surtout que c\u2019est votre premier titre avec l\u2019USMA ?<\/strong><br \/>Il est clair que je me souviendrai longtemps de ce titre car c\u2019est le premier de ma carri\u00e8re. Je suis tr\u00e8s heureux. Je dirai que cela fait des mois que nous sommes leaders. On m\u00e9rite amplement de terminer champion cette saison. C\u2019est un travail de toute une saison et nous n\u2019avons vraiment pas vol\u00e9 cette 8e \u00e9toile. J\u2019esp\u00e8re que ce titre ne sera pas le dernier pour moi et que ce sera le d\u00e9but d\u2019une longue s\u00e9rie.<br \/><strong>Un dernier mot pour vos supporters qui se sont d\u00e9plac\u00e9s en force \u00e0 Hamlaoui\u2026<\/strong><br \/>Je tiens \u00e0 les remercier du fond du c\u0153ur car ils ont tenu leur parole. Ils \u00e9taient venus nous encourager apr\u00e8s le faux pas face au MCO. Les avoir \u00e0 nos c\u00f4t\u00e9s nous a vraiment motiv\u00e9s. Ce sont des supporters qui croient vraiment en leur \u00e9quipe. Je suis tr\u00e8s soulag\u00e9 car nous avons \u00e9t\u00e9 \u00e0 la hauteur de leurs attentes. J\u2019esp\u00e8re qu\u2019on a pu leur rendre le sourire avec ce titre bien m\u00e9rit\u00e9.<br \/>\u00a0<\/p>\n<\/div>\n<p>Auteur:<br \/>\n<a href=\"http:\/\/www.lebuteur.com\/article\/detail?titre=usma-benguit-il-ne-fallait-pas-nous-enterrer-trop-vite&#038;id=89141&#038;utm_source=feedburner&#038;utm_medium=feed&#038;utm_campaign=Feed%3A+GalerieFArtciles+%28Les+derniers+articles++-+lebuteur.com%29\">Cliquez ici pour lire l&rsquo;article depuis sa source.<\/a><\/p>\n","protected":false},"excerpt":{"rendered":"<p>Auteur : lundi 27 mai 2019 18:48 Le milieu de terrain Raouf Benguit nous a parl\u00e9 de ce 8e titre dans l\u2019histoire du club apr\u00e8s cette belle victoire en d\u00e9placement face au CSC sur le score de 3 buts \u00e0 1. Il nous a confi\u00e9 que les joueurs n\u2019ont \u00e0 aucun moment dout\u00e9 de leurs [&hellip;]<\/p>\n","protected":false},"author":1738,"featured_media":36888,"comment_status":"closed","ping_status":"closed","sticky":false,"template":"","format":"standard","meta":{"fifu_image_url":"","fifu_image_alt":"","footnotes":""},"categories":[53,75],"tags":[],"class_list":["post-36887","post","type-post","status-publish","format-standard","has-post-thumbnail","hentry","category-algerie","category-sport"],"_links":{"self":[{"href":"https:\/\/linitiative.ca\/International\/wp-json\/wp\/v2\/posts\/36887","targetHints":{"allow":["GET"]}}],"collection":[{"href":"https:\/\/linitiative.ca\/International\/wp-json\/wp\/v2\/posts"}],"about":[{"href":"https:\/\/linitiative.ca\/International\/wp-json\/wp\/v2\/types\/post"}],"author":[{"embeddable":true,"href":"https:\/\/linitiative.ca\/International\/wp-json\/wp\/v2\/users\/1738"}],"replies":[{"embeddable":true,"href":"https:\/\/linitiative.ca\/International\/wp-json\/wp\/v2\/comments?post=36887"}],"version-history":[{"count":0,"href":"https:\/\/linitiative.ca\/International\/wp-json\/wp\/v2\/posts\/36887\/revisions"}],"wp:featuredmedia":[{"embeddable":true,"href":"https:\/\/linitiative.ca\/International\/wp-json\/"}],"wp:attachment":[{"href":"https:\/\/linitiative.ca\/International\/wp-json\/wp\/v2\/media?parent=36887"}],"wp:term":[{"taxonomy":"category","embeddable":true,"href":"https:\/\/linitiative.ca\/International\/wp-json\/wp\/v2\/categories?post=36887"},{"taxonomy":"post_tag","embeddable":true,"href":"https:\/\/linitiative.ca\/International\/wp-json\/wp\/v2\/tags?post=36887"}],"curies":[{"name":"wp","href":"https:\/\/api.w.org\/{rel}","templated":true}]}}