{"id":36894,"date":"2019-05-26T19:00:00","date_gmt":"2019-05-26T23:00:00","guid":{"rendered":"https:\/\/linitiative.ca\/International\/carburant-autosuffisance-de-lalgerie\/"},"modified":"2019-05-26T19:00:00","modified_gmt":"2019-05-26T23:00:00","slug":"carburant-autosuffisance-de-lalgerie","status":"publish","type":"post","link":"https:\/\/linitiative.ca\/International\/carburant-autosuffisance-de-lalgerie\/","title":{"rendered":"Carburant  : autosuffisance de l\u2019Alg\u00e9rie"},"content":{"rendered":"<p>L&rsquo;Alg\u00e9rie qui d\u00e9tient d\u00e9sormais une production en produits carburant (essence et gasoil) permettant une autosuffisance, \u00abne va plus importer de carburant\u00bb, a annonc\u00e9 le ministre. \u00abNous n&rsquo;allons plus importer de carburant. Nous avons une production qui permet \u00e0 l&rsquo;Alg\u00e9rie une autosuffisance\u00bb, a pr\u00e9cis\u00e9 M. Arkab. Selon lui, l&rsquo;apport de la raffinerie de Sidi Rzine (Alger), l&rsquo;augmentation des raffineries existantes, ainsi que l&rsquo;acquisition de la raffinerie d&rsquo;\u00abAugusta\u00bb en Italie, ont permis \u00e0 l&rsquo;Alg\u00e9rie d&rsquo;avoir des quantit\u00e9s importantes de produits p\u00e9troliers et satisfaire le march\u00e9 local. M. Arkab, a ajout\u00e9 que d&rsquo;importants volumes de GPLc (\u00e9nergie propre) sont venus remplacer l&rsquo;essence import\u00e9. Il a rappel\u00e9, dans ce contexte, que la consommation de GPLc qui a stagn\u00e9 pendant une longue p\u00e9riode autour de 300.000 tonnes jusqu&rsquo;en 2015, a connu une \u00abcroissance tr\u00e8s forte\u00bb ces derni\u00e8res ann\u00e9es, pour atteindre 650.000 tonnes en 2018.<br \/>A une question sur la mise en \u0153uvre du Programme national de d\u00e9veloppement des \u00e9nergies renouvelables, M. Arkab a pr\u00e9cis\u00e9 que plusieurs centrales solaires, d&rsquo;une capacit\u00e9 totale 400 MWC, ont \u00e9t\u00e9 r\u00e9alis\u00e9es \u00e0 travers le pays, gr\u00e2ce \u00e0 ce programme. \u00abGr\u00e2ce aux projets r\u00e9alis\u00e9s, nous avons form\u00e9 pr\u00e8s de 400 ing\u00e9nieurs et techniciens sp\u00e9cialis\u00e9s dans la gestion des renouvelables\u00bb, a-t-il fait savoir. \u00abNous sommes d\u00e9cid\u00e9s \u00e0 concr\u00e9tiser la totalit\u00e9 du programme sur les moyen et long termes, ce qui nous permettra notamment d&rsquo;\u00e9conomiser sur la consommation du gaz d\u00e9di\u00e9 au fonctionnement des centrales \u00e9lectriques\u00bb, a assur\u00e9 le ministre, soulignant que \u00ab20 milliards de m3 de gaz sont actuellement consomm\u00e9s pour g\u00e9n\u00e9rer 20.000 MW d&rsquo;\u00e9lectricit\u00e9\u00bb. Il a, cependant, reconnu que ce programme a \u00e9t\u00e9 \u00abun peu frein\u00e9\u00bb et \u00abd\u00e9rang\u00e9\u00bb par la \u00abprobl\u00e9matique de financement\u00bb.<br \/>\u00a0<\/p>\n<p>Auteur: elmoudjahid<br \/>\n<a href=\"http:\/\/www.elmoudjahid.com\/fr\/actualites\/137352\">Cliquez ici pour lire l&rsquo;article depuis sa source.<\/a><\/p>\n","protected":false},"excerpt":{"rendered":"<p>L&rsquo;Alg\u00e9rie qui d\u00e9tient d\u00e9sormais une production en produits carburant (essence et gasoil) permettant une autosuffisance, \u00abne va plus importer de carburant\u00bb, a annonc\u00e9 le ministre. \u00abNous n&rsquo;allons plus importer de carburant. Nous avons une production qui permet \u00e0 l&rsquo;Alg\u00e9rie une autosuffisance\u00bb, a pr\u00e9cis\u00e9 M. Arkab. Selon lui, l&rsquo;apport de la raffinerie de Sidi Rzine (Alger), [&hellip;]<\/p>\n","protected":false},"author":1744,"featured_media":0,"comment_status":"closed","ping_status":"closed","sticky":false,"template":"","format":"standard","meta":{"fifu_image_url":"","fifu_image_alt":"","footnotes":""},"categories":[73,53],"tags":[],"class_list":["post-36894","post","type-post","status-publish","format-standard","hentry","category-actualite","category-algerie"],"_links":{"self":[{"href":"https:\/\/linitiative.ca\/International\/wp-json\/wp\/v2\/posts\/36894","targetHints":{"allow":["GET"]}}],"collection":[{"href":"https:\/\/linitiative.ca\/International\/wp-json\/wp\/v2\/posts"}],"about":[{"href":"https:\/\/linitiative.ca\/International\/wp-json\/wp\/v2\/types\/post"}],"author":[{"embeddable":true,"href":"https:\/\/linitiative.ca\/International\/wp-json\/wp\/v2\/users\/1744"}],"replies":[{"embeddable":true,"href":"https:\/\/linitiative.ca\/International\/wp-json\/wp\/v2\/comments?post=36894"}],"version-history":[{"count":0,"href":"https:\/\/linitiative.ca\/International\/wp-json\/wp\/v2\/posts\/36894\/revisions"}],"wp:attachment":[{"href":"https:\/\/linitiative.ca\/International\/wp-json\/wp\/v2\/media?parent=36894"}],"wp:term":[{"taxonomy":"category","embeddable":true,"href":"https:\/\/linitiative.ca\/International\/wp-json\/wp\/v2\/categories?post=36894"},{"taxonomy":"post_tag","embeddable":true,"href":"https:\/\/linitiative.ca\/International\/wp-json\/wp\/v2\/tags?post=36894"}],"curies":[{"name":"wp","href":"https:\/\/api.w.org\/{rel}","templated":true}]}}