{"id":36896,"date":"2019-05-26T19:00:00","date_gmt":"2019-05-26T23:00:00","guid":{"rendered":"https:\/\/linitiative.ca\/International\/abderrezak-makri-a-constantine-le-peuple-est-solidaire-avec-linstitution-militaire\/"},"modified":"2019-05-26T19:00:00","modified_gmt":"2019-05-26T23:00:00","slug":"abderrezak-makri-a-constantine-le-peuple-est-solidaire-avec-linstitution-militaire","status":"publish","type":"post","link":"https:\/\/linitiative.ca\/International\/abderrezak-makri-a-constantine-le-peuple-est-solidaire-avec-linstitution-militaire\/","title":{"rendered":"Abderrezak Makri \u00e0 Constantine :  \u00abLe peuple est solidaire  avec l\u2019institution militaire\u00bb"},"content":{"rendered":"<p>Le pr\u00e9sident du Mouvement de la soci\u00e9t\u00e9 pour la paix (MSP), Abderrezak Makri, a affirm\u00e9, samedi soir depuis Constantine, que les positions de son parti tenaient essentiellement compte de deux crit\u00e8res, \u00e0 savoir une refondation en profondeur du syst\u00e8me et le strict respect de la volont\u00e9 populaire. \u00abNous avons pris nos positions en nous fondant sur deux principes\u00a0: le premier est une r\u00e9forme radicale du syst\u00e8me, qui passe par la r\u00e9union des conditions \u00e0 m\u00eame de garantir un climat politique serein et un scrutin libre et r\u00e9gulier. Le second est la volont\u00e9 populaire, car nous ne pouvons nous mettre en porte-\u00e0-faux avec les revendications brandies par des millions d\u2019Alg\u00e9riens depuis trois mois, et la plus importante est justement le refus par celui-ci que les \u00e9lections soient supervis\u00e9es par des figures du r\u00e9gime\u2009\u00bb, a-t-il d\u00e9clar\u00e9, en marge de l\u2019iftar organis\u00e9 par le bureau de wilaya du MSP, \u00e0 la nouvelle ville Ali-Mendjeli, et auquel ont \u00e9t\u00e9 convi\u00e9s les militants et les sympathisants de cette formation politique.<br \/>Abordant les relations entre le Hirak et l\u2019institution militaire, M.\u00a0Makri a attest\u00e9 que \u00ab\u2009tout le peuple \u00e9tait solidaire avec l\u2019institution militaire\u00bb, et que celle-ci \u00aba r\u00e9agi positivement en promettant de concr\u00e9tiser la demande du peuple\u00bb. Il ajoute\u00a0: \u00abAu MSP, nous encourageons l\u2019engagement de l\u2019arm\u00e9e \u00e0 accompagner une transition d\u00e9mocratique respectant la volont\u00e9 populaire, et prenant en consid\u00e9ration les propositions de l\u2019\u00e9lite politique et intellectuelle.\u00bb<br \/><strong>Issam B.<\/strong><\/p>\n<p>Auteur: elmoudjahid<br \/>\n<a href=\"http:\/\/www.elmoudjahid.com\/fr\/actualites\/137354\">Cliquez ici pour lire l&rsquo;article depuis sa source.<\/a><\/p>\n","protected":false},"excerpt":{"rendered":"<p>Le pr\u00e9sident du Mouvement de la soci\u00e9t\u00e9 pour la paix (MSP), Abderrezak Makri, a affirm\u00e9, samedi soir depuis Constantine, que les positions de son parti tenaient essentiellement compte de deux crit\u00e8res, \u00e0 savoir une refondation en profondeur du syst\u00e8me et le strict respect de la volont\u00e9 populaire. \u00abNous avons pris nos positions en nous fondant [&hellip;]<\/p>\n","protected":false},"author":1744,"featured_media":0,"comment_status":"closed","ping_status":"closed","sticky":false,"template":"","format":"standard","meta":{"fifu_image_url":"","fifu_image_alt":"","footnotes":""},"categories":[73,53],"tags":[],"class_list":["post-36896","post","type-post","status-publish","format-standard","hentry","category-actualite","category-algerie"],"_links":{"self":[{"href":"https:\/\/linitiative.ca\/International\/wp-json\/wp\/v2\/posts\/36896","targetHints":{"allow":["GET"]}}],"collection":[{"href":"https:\/\/linitiative.ca\/International\/wp-json\/wp\/v2\/posts"}],"about":[{"href":"https:\/\/linitiative.ca\/International\/wp-json\/wp\/v2\/types\/post"}],"author":[{"embeddable":true,"href":"https:\/\/linitiative.ca\/International\/wp-json\/wp\/v2\/users\/1744"}],"replies":[{"embeddable":true,"href":"https:\/\/linitiative.ca\/International\/wp-json\/wp\/v2\/comments?post=36896"}],"version-history":[{"count":0,"href":"https:\/\/linitiative.ca\/International\/wp-json\/wp\/v2\/posts\/36896\/revisions"}],"wp:attachment":[{"href":"https:\/\/linitiative.ca\/International\/wp-json\/wp\/v2\/media?parent=36896"}],"wp:term":[{"taxonomy":"category","embeddable":true,"href":"https:\/\/linitiative.ca\/International\/wp-json\/wp\/v2\/categories?post=36896"},{"taxonomy":"post_tag","embeddable":true,"href":"https:\/\/linitiative.ca\/International\/wp-json\/wp\/v2\/tags?post=36896"}],"curies":[{"name":"wp","href":"https:\/\/api.w.org\/{rel}","templated":true}]}}