{"id":36897,"date":"2019-05-26T19:00:00","date_gmt":"2019-05-26T23:00:00","guid":{"rendered":"https:\/\/linitiative.ca\/International\/onm-appel-a-une-conference-nationale\/"},"modified":"2019-05-26T19:00:00","modified_gmt":"2019-05-26T23:00:00","slug":"onm-appel-a-une-conference-nationale","status":"publish","type":"post","link":"https:\/\/linitiative.ca\/International\/onm-appel-a-une-conference-nationale\/","title":{"rendered":"ONM : Appel \u00e0 une conf\u00e9rence nationale"},"content":{"rendered":"<p>L&rsquo;Organisation nationale des moudjahidine (ONM) a appel\u00e9, hier, \u00e0 la tenue d&rsquo;une conf\u00e9rence nationale pour l&rsquo;\u00e9laboration d&rsquo;une feuille de route, \u00e0 m\u00eame de r\u00e9pondre aux revendications populaires dans les plus brefs d\u00e9lais et permettre aux institutions du pays de poursuivre normalement leur processus dans le cadre d&rsquo;une vision nationale compl\u00e9mentaire.<br \/>L&rsquo;organisation a \u00e9voqu\u00e9, dans un communiqu\u00e9, les diff\u00e9rentes interactions sur la sc\u00e8ne nationale et leurs r\u00e9percussions qui \u00abnous imposent de r\u00e9unir les conditions pour abriter un dialogue national s\u00e9rieux et responsable, proposant la tenue d&rsquo;une conf\u00e9rence nationale regroupant l&rsquo;ensemble des acteurs, \u00e0 savoir des repr\u00e9sentants du hirak populaire, des partis politiques, des organisations nationales, des syndicats et autres\u00bb.<br \/>Cette conf\u00e9rence constitue \u00able cadre ad\u00e9quat pour d\u00e9battre et approuver les \u00e9tapes \u00e0 entreprendre dans le cadre d&rsquo;une vision nationale globale qui servirait de feuille de route \u00e0 m\u00eame de r\u00e9pondre, dans les plus brefs d\u00e9lais, aux revendications du peuple et de permettre aux institutions de l&rsquo;\u00c9tat de poursuivre normalement leur fonctionnement\u00bb, selon l&rsquo;organisation.<br \/>Pour l&rsquo;ONM, il existe plusieurs \u00e9l\u00e9ments de sortie de crise qui rev\u00eatent une grande importance dans le cadre de cette conf\u00e9rence en tant que principaux axes \u00e0 d\u00e9battre, avec \u00e0 leur t\u00eate l&rsquo;\u00e9tape de transition \u00abnon encore approuv\u00e9e\u00bb, outre la question des \u00e9lections qui exige plusieurs conditions juridiques, organisationnelles, techniques et administratives \u00abqui ne peuvent \u00eatre r\u00e9unies\u00bb.<br \/>L&rsquo;Organisation propose \u00able cautionnement ou l&rsquo;\u00e9lection d&rsquo;une personnalit\u00e9 nationale ou d&rsquo;une instance regroupant plusieurs personnalit\u00e9s qui supervisent la direction de l&rsquo;\u00e9tape de transition pour une dur\u00e9e maximale d&rsquo;une ann\u00e9e\u00bb. Outre la poursuite de la r\u00e9vision de la loi relative au r\u00e9gime \u00e9lectoral, cette personnalit\u00e9 ou instance supervisera la gestion de la p\u00e9riode de transition, et ce \u00e0 travers la formation d&rsquo;une commission ind\u00e9pendante charg\u00e9e de la supervision de toutes les \u00e9tapes de l&rsquo;\u00e9lection. L&rsquo;organisation propose, dans ce cadre, la constitution d&rsquo;un gouvernement technocrate par les dirigeants de la p\u00e9riode de transition, \u00ablequel ne sera pas en droit d&rsquo;avoir un lien direct avec le processus \u00e9lectoral\u00bb, mais se chargera plut\u00f4t de la mise en place des diff\u00e9rents moyens pour l&rsquo;organisation de ces \u00e9ch\u00e9ances. L&rsquo;ONM a mis en avant, dans ce sens, le r\u00f4le de l&rsquo;Arm\u00e9e nationale populaire (ANP) dans cette conjoncture que traverse le pays, qui, \u00abau-del\u00e0 de ses engagements d&rsquo;assumer sa responsabilit\u00e9 dans la pr\u00e9servation de la perennit\u00e9 de l&rsquo;\u00c9tat (&#8230;), a prouv\u00e9 son souci d&rsquo;assurer et d&rsquo;accompagner le mouvement populaire\u00bb. La feuille des suggestions propos\u00e9es par l&rsquo;ONM s&rsquo;inscrit dans le cadre de la r\u00e9ponse \u00e0 l&rsquo;appel lanc\u00e9 par le Haut Commandement de l&rsquo;ANP afin de relancer un dialogue national menant \u00e0 l&rsquo;\u00e9laboration d&rsquo;une vision qui permet la r\u00e9solution de la situation actuelle.<br \/>\u00a0<\/p>\n<p>Auteur: elmoudjahid<br \/>\n<a href=\"http:\/\/www.elmoudjahid.com\/fr\/actualites\/137355\">Cliquez ici pour lire l&rsquo;article depuis sa source.<\/a><\/p>\n","protected":false},"excerpt":{"rendered":"<p>L&rsquo;Organisation nationale des moudjahidine (ONM) a appel\u00e9, hier, \u00e0 la tenue d&rsquo;une conf\u00e9rence nationale pour l&rsquo;\u00e9laboration d&rsquo;une feuille de route, \u00e0 m\u00eame de r\u00e9pondre aux revendications populaires dans les plus brefs d\u00e9lais et permettre aux institutions du pays de poursuivre normalement leur processus dans le cadre d&rsquo;une vision nationale compl\u00e9mentaire.L&rsquo;organisation a \u00e9voqu\u00e9, dans un communiqu\u00e9, [&hellip;]<\/p>\n","protected":false},"author":1744,"featured_media":0,"comment_status":"closed","ping_status":"closed","sticky":false,"template":"","format":"standard","meta":{"fifu_image_url":"","fifu_image_alt":"","footnotes":""},"categories":[73,53],"tags":[],"class_list":["post-36897","post","type-post","status-publish","format-standard","hentry","category-actualite","category-algerie"],"_links":{"self":[{"href":"https:\/\/linitiative.ca\/International\/wp-json\/wp\/v2\/posts\/36897","targetHints":{"allow":["GET"]}}],"collection":[{"href":"https:\/\/linitiative.ca\/International\/wp-json\/wp\/v2\/posts"}],"about":[{"href":"https:\/\/linitiative.ca\/International\/wp-json\/wp\/v2\/types\/post"}],"author":[{"embeddable":true,"href":"https:\/\/linitiative.ca\/International\/wp-json\/wp\/v2\/users\/1744"}],"replies":[{"embeddable":true,"href":"https:\/\/linitiative.ca\/International\/wp-json\/wp\/v2\/comments?post=36897"}],"version-history":[{"count":0,"href":"https:\/\/linitiative.ca\/International\/wp-json\/wp\/v2\/posts\/36897\/revisions"}],"wp:attachment":[{"href":"https:\/\/linitiative.ca\/International\/wp-json\/wp\/v2\/media?parent=36897"}],"wp:term":[{"taxonomy":"category","embeddable":true,"href":"https:\/\/linitiative.ca\/International\/wp-json\/wp\/v2\/categories?post=36897"},{"taxonomy":"post_tag","embeddable":true,"href":"https:\/\/linitiative.ca\/International\/wp-json\/wp\/v2\/tags?post=36897"}],"curies":[{"name":"wp","href":"https:\/\/api.w.org\/{rel}","templated":true}]}}