{"id":36900,"date":"2019-05-26T19:00:00","date_gmt":"2019-05-26T23:00:00","guid":{"rendered":"https:\/\/linitiative.ca\/International\/situation-politique-rechercher-des-solutions-tirees-de-la-constitution\/"},"modified":"2019-05-26T19:00:00","modified_gmt":"2019-05-26T23:00:00","slug":"situation-politique-rechercher-des-solutions-tirees-de-la-constitution","status":"publish","type":"post","link":"https:\/\/linitiative.ca\/International\/situation-politique-rechercher-des-solutions-tirees-de-la-constitution\/","title":{"rendered":"Situation politique :  rechercher des solutions  tir\u00e9es de la constitution"},"content":{"rendered":"<p><strong>Dans sa majorit\u00e9 absolue, l\u2019opinion ne s\u2019attend pas \u00e0 ce qu\u2019il y ait d\u2019\u00e9lection pr\u00e9sidentielle le 4 juillet. Toutefois, en pr\u00e9vision de la\u00a0 d\u00e9cision du Conseil constitutionnel devant statuer d\u00e9finitivement sur le sort de ce rendez-vous des urnes, des sp\u00e9cialistes en droit sont unanimes \u00e0 affirmer que m\u00eame en cas de report, le cadre de la l\u00e9galit\u00e9 constitutionnelle est pr\u00e9serv\u00e9. En d\u2019autres termes, et quoi qu\u2019il en sera de la mani\u00e8re \u00e0 suivre,\u00a0 le peuple finira par \u00e9lire son pr\u00e9sident.<\/strong><\/p>\n<p>Le chemin qui m\u00e8nera \u00e0 l\u2019urne est donc in\u00e9vitable. Quelle est donc la voie\u00a0 la\u00a0 plus indiqu\u00e9e pour y\u00a0 parvenir ? Selon des experts\u00a0 en droit, dans\u00a0 le cas o\u00f9 le Conseil constitutionnel d\u00e9cide de la suspension de la pr\u00e9sidentielle du\u00a0 4 juillet en raison de l\u2019absence de candidats ou de rejet de dossiers de candidats ne r\u00e9unissant\u00a0\u00a0 pas les conditions l\u00e9gales, le Chef de\u00a0 l\u2019Etat\u00a0 est\u00a0 en mesure de convoquer de nouveau le\u00a0 corps\u00a0 \u00e9lectoral pour l\u2019organisation de ce m\u00eame rendez-vous. Mme Fatiha Benabou, professeure \u00e0 la Facult\u00e9 de droit d\u2019Alger,\u00a0 affirme \u00e0 ce propos que la Constitution \u00ab\u00a0autorise le chef de l\u2019Etat dans ce cas \u00e0 convoquer, de nouveau, le corps \u00e9lectoral et \u00e0 fixer une nouvelle date pour l\u2019\u00e9lection pr\u00e9sidentielle\u00bb.<br \/>Cit\u00e9e par l\u2019APS, elle tiendra aussi \u00e0 mettre\u00a0 en exergue le fait que \u00abla loi n\u2019autorise aucune instance ni institution d\u2019arr\u00eater le processus \u00e9lectoral, quelle qu\u2019en soit la circonstance\u00bb. Dans\u00a0 la\u00a0 m\u00eame\u00a0 optique, elle\u00a0 rappellera aussi\u00a0 que \u00able mandat du chef actuel de l\u2019Etat prendra fin le 09 juillet prochain, mais la Constitution et les institutions constitutionnelles resteront \u00e0 ce titre fonctionnelles\u00bb. Elle consid\u00e8re de ce fait qu\u2019il y a possibilit\u00e9 de voir ces \u00abinstitutions\u00a0 prendre en charge la pr\u00e9paration du prochain rendez-vous \u00e9lectoral\u00bb.\u00a0 Elles\u00a0 seront assist\u00e9es,\u00a0 ajoute Mme Benabou,\u00a0 \u00abpar un gouvernement en charge de g\u00e9rer la prochaine phase jusqu\u2019\u00e0 l\u2019\u00e9lection du nouveau pr\u00e9sident de la R\u00e9publique, conform\u00e9ment aux dispositions de l\u2019article 104 de la Constitution\u00bb. Elle\u00a0 fera comprendre qu\u2019en d\u00e9pit d\u2019une telle situation\u00a0qui conduira \u00e0\u00a0 une transition et un vide constitutionnel, \u00abla loi fondamentale\u00a0 restera\u00a0 en vigueur\u00a0 et ses dispositions applicables\u00bb. Selon l\u2019experte, l\u2019annulation de l\u2019application de la Constitution n\u2019est envisag\u00e9e qu\u2019en cas d\u2019effondrement de\u00a0 l\u2019Etat. Mme Benabou pr\u00e9conise\u00a0 en outre\u00a0 que \u00abla\u00a0 p\u00e9riode\u00a0 de transition pr\u00e9vue requiert des solutions politiques en vue d\u2019\u00e9viter l\u2019impasse\u00bb.\u00a0\u00a0<br \/>Cela\u00a0 conf\u00e8re\u00a0 toute son\u00a0 importance \u00e0 l\u2019id\u00e9e d\u2019ouvrir sans tarder de nouvelles\u00a0 perspectives\u00a0 de\u00a0 concertation\u00a0 et de\u00a0 dialogue inclusif prenant\u00a0 en compte\u00a0 les revendications du peuple\u00a0 qu\u2019il\u00a0 y a lieu de\u00a0 cristalliser absolument, et ce, sans\u00a0 remettre\u00a0 en\u00a0 cause en aucun\u00a0 cas les acquis\u00a0 dont jouit l\u2019Alg\u00e9rie\u00a0\u00a0 en termes\u00a0 de stabilit\u00e9, y\u00a0 compris\u00a0 \u00e0 l\u2019\u00e9chelle institutionnelle.\u00a0<\/p>\n<p><strong>Quelle place pour le dialogue et la concertation ?<\/strong><\/p>\n<p>Les avis de la majorit\u00e9 des\u00a0\u00a0 chefs de file des\u00a0 partis\u00a0 politiques, des\u00a0 personnalit\u00e9s et des repr\u00e9sentants de la\u00a0 soci\u00e9t\u00e9 civile\u00a0 convergent\u00a0\u00a0 sur la\u00a0\u00a0 n\u00e9cessit\u00e9 de r\u00e9unir les conditions\u00a0 idoines\u00a0 \u00e0 m\u00eame\u00a0 d\u2019ouvrir le d\u00e9bat, sans exclusion aucune, en vue\u00a0 de\u00a0 d\u00e9cider\u00a0 des contours de\u00a0 l\u2019Alg\u00e9rie\u00a0 nouvelle\u00a0 et de\u00a0 la\u00a0 mise en place d\u2019un syst\u00e8me\u00a0 de repr\u00e9sentation\u00a0 d\u00e9mocratique\u00a0\u00a0 apte\u00a0\u00a0\u00a0 \u00e0\u00a0 prendre\u00a0 en charge\u00a0 les aspirations de la soci\u00e9t\u00e9. A ce titre, l\u2019enseignant et sp\u00e9cialiste en droit constitutionnel, Walid Laggoune,\u00a0 met en avant\u00a0 l\u2019imp\u00e9ratif de \u00abrechercher d\u2019autres solutions\u00a0 tir\u00e9es de la Constitution et d\u2019initier des consultations pour l\u2019application\u00a0\u00a0 des articles 7 et 8, et ce, en r\u00e9ponse \u00e0 la volont\u00e9 et \u00e0 la souverainet\u00e9 populaires\u00bb, d\u2019autant, a-t-il dit, que \u00abla Constitution renferme des outils bas\u00e9s sur le principe de la souverainet\u00e9 populaire\u00bb.<br \/>De son c\u00f4t\u00e9, l\u2019ancien membre du Conseil constitutionnel, Amer Rekhila\u00a0 avance l\u2019id\u00e9e de \u201cprolongation\u201d du mandat du chef de l\u2019Etat qui arrivera \u00e0\u00a0\u00a0 son terme le 9 juillet prochain, et ce, \u00e0 travers l\u2019activation du deuxi\u00e8me alin\u00e9a de l\u2019article 103 de la Constitution.\u00a0\u00a0<br \/>L\u2019article 103 pr\u00e9voit qu\u2019en cas de d\u00e9c\u00e8s ou d\u2019emp\u00eachement l\u00e9gal de l\u2019un des deux candidats au deuxi\u00e8me tour, le Conseil constitutionnel d\u00e9clare qu\u2019il doit \u00eatre proc\u00e9d\u00e9 de nouveau \u00e0 l\u2019ensemble des op\u00e9rations \u00e9lectorales.<br \/>Il proroge, dans ce cas, les d\u00e9lais d\u2019organisation de nouvelles \u00e9lections\u00a0 pour une dur\u00e9e maximale de soixante (60) jours. Lors de l\u2019application des\u00a0\u00a0 dispositions du pr\u00e9sent article, le Pr\u00e9sident de la R\u00e9publique en exercice ou celui qui assume la fonction de Chef de l\u2019Etat demeure en fonction jusqu\u2019\u00e0 la prestation de serment du Pr\u00e9sident de la R\u00e9publique\u201d.<br \/>Karim Aoudia\u00a0\u00a0<br \/>\u00a0<\/p>\n<p>Auteur: elmoudjahid<br \/>\n<a href=\"http:\/\/www.elmoudjahid.com\/fr\/actualites\/137359\">Cliquez ici pour lire l&rsquo;article depuis sa source.<\/a><\/p>\n","protected":false},"excerpt":{"rendered":"<p>Dans sa majorit\u00e9 absolue, l\u2019opinion ne s\u2019attend pas \u00e0 ce qu\u2019il y ait d\u2019\u00e9lection pr\u00e9sidentielle le 4 juillet. Toutefois, en pr\u00e9vision de la\u00a0 d\u00e9cision du Conseil constitutionnel devant statuer d\u00e9finitivement sur le sort de ce rendez-vous des urnes, des sp\u00e9cialistes en droit sont unanimes \u00e0 affirmer que m\u00eame en cas de report, le cadre de [&hellip;]<\/p>\n","protected":false},"author":1744,"featured_media":0,"comment_status":"closed","ping_status":"closed","sticky":false,"template":"","format":"standard","meta":{"fifu_image_url":"","fifu_image_alt":"","footnotes":""},"categories":[73,53],"tags":[],"class_list":["post-36900","post","type-post","status-publish","format-standard","hentry","category-actualite","category-algerie"],"_links":{"self":[{"href":"https:\/\/linitiative.ca\/International\/wp-json\/wp\/v2\/posts\/36900","targetHints":{"allow":["GET"]}}],"collection":[{"href":"https:\/\/linitiative.ca\/International\/wp-json\/wp\/v2\/posts"}],"about":[{"href":"https:\/\/linitiative.ca\/International\/wp-json\/wp\/v2\/types\/post"}],"author":[{"embeddable":true,"href":"https:\/\/linitiative.ca\/International\/wp-json\/wp\/v2\/users\/1744"}],"replies":[{"embeddable":true,"href":"https:\/\/linitiative.ca\/International\/wp-json\/wp\/v2\/comments?post=36900"}],"version-history":[{"count":0,"href":"https:\/\/linitiative.ca\/International\/wp-json\/wp\/v2\/posts\/36900\/revisions"}],"wp:attachment":[{"href":"https:\/\/linitiative.ca\/International\/wp-json\/wp\/v2\/media?parent=36900"}],"wp:term":[{"taxonomy":"category","embeddable":true,"href":"https:\/\/linitiative.ca\/International\/wp-json\/wp\/v2\/categories?post=36900"},{"taxonomy":"post_tag","embeddable":true,"href":"https:\/\/linitiative.ca\/International\/wp-json\/wp\/v2\/tags?post=36900"}],"curies":[{"name":"wp","href":"https:\/\/api.w.org\/{rel}","templated":true}]}}