{"id":36901,"date":"2019-05-26T19:00:00","date_gmt":"2019-05-26T23:00:00","guid":{"rendered":"https:\/\/linitiative.ca\/International\/lancien-doyen-de-la-faculte-de-droit-dalger-madjid-benchikh-renoncer-a-lelection-ne-signifie-pas-le-chaos\/"},"modified":"2019-05-26T19:00:00","modified_gmt":"2019-05-26T23:00:00","slug":"lancien-doyen-de-la-faculte-de-droit-dalger-madjid-benchikh-renoncer-a-lelection-ne-signifie-pas-le-chaos","status":"publish","type":"post","link":"https:\/\/linitiative.ca\/International\/lancien-doyen-de-la-faculte-de-droit-dalger-madjid-benchikh-renoncer-a-lelection-ne-signifie-pas-le-chaos\/","title":{"rendered":"L\u2019ancien Doyen de la facult\u00e9 de droit d\u2019Alger,  Madjid Benchikh : \u00abRenoncer \u00e0 l\u2019\u00e9lection ne signifie pas le chaos\u00bb"},"content":{"rendered":"<p>Le renoncement \u00e0 l&rsquo;organisation de l&rsquo;\u00e9lection pr\u00e9sidentielle du 4 juillet prochain \u00abne signifie pas avancer vers le chaos, mais engager un processus politique pour construire un ordre \u00e0 m\u00eame de r\u00e9pondre aux aspirations du peuple alg\u00e9rien, notamment de sa jeunesse\u00bb, a indiqu\u00e9 l&rsquo;ancien doyen de la facult\u00e9 de droit d&rsquo;Alger, Madjid Benchikh. \u00abRenoncer \u00e0 l&rsquo;organisation des \u00e9lections du 4 juillet c\u2019est, non pas avancer vers le chaos, mais, au contraire, engager un processus politique qui permettrait de quitter un ordre constitutionnel autoritaire et sans l\u00e9gitimit\u00e9 populaire pour construire un ordre qui r\u00e9ponde aux aspirations de notre peuple et notamment de sa jeunesse\u00bb, a d\u00e9clar\u00e9 M. Benchikh dans un entretien accord\u00e9 au quotidien national El-Watan publi\u00e9 hier. Dans le m\u00eame contexte, cet \u00e9minent juriste a ajout\u00e9 que \u00abcontinuer \u00e0 vouloir organiser ces \u00e9lections contre la volont\u00e9 mille fois exprim\u00e9e de dizaines de millions d\u2019Alg\u00e9riens et maintenir Bensalah (chef de l&rsquo;Etat), Bedoui (Premier ministre), le Parlement et le Conseil constitutionnel indique un attachement au syst\u00e8me actuel sur lequel il est l\u00e9gitime de s&rsquo;interroger, surtout lorsque de tels discours viennent de ceux qui ont soutenu le 4e et le 5e mandats\u00bb. \u00abTout bien consid\u00e9r\u00e9, il n\u2019y a donc aucun danger \u00e0 annuler les \u00e9lections\u00bb, a-t-il dit, estimant que \u00abcela va diminuer la pression, et, du coup, permettra d\u2019engager un dialogue avec la soci\u00e9t\u00e9 civile, avec les syndicats autonomes, avec les personnalit\u00e9s ind\u00e9pendantes qui aspirent \u00e0 la construction de la d\u00e9mocratie et peuvent, d\u00e8s lors, apporter leur contribution \u00e0 cette construction\u00bb. Selon lui, il ne s&rsquo;agit pas de \u00abse projeter dans le vide\u00bb mais de \u00abs\u2019engager dans la voie de la construction d\u2019une nouvelle R\u00e9publique qui reposera sur l\u2019adh\u00e9sion des populations\u00bb. \u00abUn jour ou l&rsquo;autre, nous aurons besoin d\u2019aller vers des \u00e9lections libres et honn\u00eates\u00bb, a-t-il encore ass\u00e9n\u00e9, soulignant que \u00abc\u2019est une exigence de la vie d\u00e9mocratique (&#8230;) mais il faut pr\u00e9parer s\u00e9rieusement ces \u00e9lections, et, avant, il faut pr\u00e9parer ou cr\u00e9er le cadre et les conditions dans lesquels elles se d\u00e9rouleront. Il faudra du temps. Il faudra n\u00e9gocier la dur\u00e9e n\u00e9cessaire \u00e0 cette pr\u00e9paration\u00bb. Revenant sur les marches et manifestations populaires enclench\u00e9es le 22 f\u00e9vrier dernier, M. Benchikh a relev\u00e9 que \u00abla mobilisation populaire a obtenu des victoires d&rsquo;\u00e9tape importantes qui doivent \u00eatre soulign\u00e9es\u00bb, estimant que \u00able Hirak est devenu rapidement un v\u00e9ritable soul\u00e8vement populaire qui montre un peuple debout, qui affirme sa dignit\u00e9 et revendique les droits humains et les libert\u00e9s d\u00e9mocratiques\u00bb. Notant que la mobilisation populaire a \u00abboulevers\u00e9 les donn\u00e9es de la sc\u00e8ne politique\u00bb, il a appel\u00e9 le peuple \u00e0 \u00abcontinuer \u00e0 se mobiliser pour arriver \u00e0 une transition d\u00e9mocratique\u00bb.<br \/>Pour M. Benchikh, \u00ables partis politiques actuels seront probablement balay\u00e9s, d&rsquo;autant qu\u2019ils sont pour la plupart tr\u00e8s peu repr\u00e9sentatifs\u00bb, affirmant qu&rsquo;\u00e0 tous points de vue, \u00abce soul\u00e8vement marque un tournant dans la vie politique de notre pays\u00bb. Sollicit\u00e9 par un Collectif de la soci\u00e9t\u00e9 civile pour une transition d\u00e9mocratique pour l&rsquo;aider \u00e0 l\u2019\u00e9laboration d&rsquo;une feuille de route, il a indiqu\u00e9 avoir fait des propositions \u00e0 ce Collectif qui a adopt\u00e9 une \u00abD\u00e9claration de principes gouvernant la transition d\u00e9mocratique\u00bb.<br \/>Cette D\u00e9claration, a-t-il d\u00e9taill\u00e9, propose la cr\u00e9ation d\u2019une instance pr\u00e9sidentielle coll\u00e9giale, un gouvernement de comp\u00e9tences, un conseil de la transition de 20 \u00e0 30 membres et une instance ind\u00e9pendante pour l&rsquo;organisation et le contr\u00f4le des \u00e9lections. \u00abIl s&rsquo;agit d\u2019instances largement admises devant \u00eatre cr\u00e9\u00e9es dans le cadre d\u2019un compromis historique \u00e9tabli par le dialogue entre les forces attach\u00e9es au soul\u00e8vement populaire et les repr\u00e9sentants du pouvoir politique\u00bb, a conclu l&rsquo;ancien directeur de l&rsquo;Ecole doctorale de droit et de sciences humaines de l&rsquo;universit\u00e9 de Cergy-Pontoise (Paris, Val d&rsquo;Oise) et auteur de plusieurs ouvrages.<br \/>\u00a0<\/p>\n<p>Auteur: elmoudjahid<br \/>\n<a href=\"http:\/\/www.elmoudjahid.com\/fr\/actualites\/137360\">Cliquez ici pour lire l&rsquo;article depuis sa source.<\/a><\/p>\n","protected":false},"excerpt":{"rendered":"<p>Le renoncement \u00e0 l&rsquo;organisation de l&rsquo;\u00e9lection pr\u00e9sidentielle du 4 juillet prochain \u00abne signifie pas avancer vers le chaos, mais engager un processus politique pour construire un ordre \u00e0 m\u00eame de r\u00e9pondre aux aspirations du peuple alg\u00e9rien, notamment de sa jeunesse\u00bb, a indiqu\u00e9 l&rsquo;ancien doyen de la facult\u00e9 de droit d&rsquo;Alger, Madjid Benchikh. \u00abRenoncer \u00e0 l&rsquo;organisation [&hellip;]<\/p>\n","protected":false},"author":1744,"featured_media":0,"comment_status":"closed","ping_status":"closed","sticky":false,"template":"","format":"standard","meta":{"fifu_image_url":"","fifu_image_alt":"","footnotes":""},"categories":[73,53],"tags":[],"class_list":["post-36901","post","type-post","status-publish","format-standard","hentry","category-actualite","category-algerie"],"_links":{"self":[{"href":"https:\/\/linitiative.ca\/International\/wp-json\/wp\/v2\/posts\/36901","targetHints":{"allow":["GET"]}}],"collection":[{"href":"https:\/\/linitiative.ca\/International\/wp-json\/wp\/v2\/posts"}],"about":[{"href":"https:\/\/linitiative.ca\/International\/wp-json\/wp\/v2\/types\/post"}],"author":[{"embeddable":true,"href":"https:\/\/linitiative.ca\/International\/wp-json\/wp\/v2\/users\/1744"}],"replies":[{"embeddable":true,"href":"https:\/\/linitiative.ca\/International\/wp-json\/wp\/v2\/comments?post=36901"}],"version-history":[{"count":0,"href":"https:\/\/linitiative.ca\/International\/wp-json\/wp\/v2\/posts\/36901\/revisions"}],"wp:attachment":[{"href":"https:\/\/linitiative.ca\/International\/wp-json\/wp\/v2\/media?parent=36901"}],"wp:term":[{"taxonomy":"category","embeddable":true,"href":"https:\/\/linitiative.ca\/International\/wp-json\/wp\/v2\/categories?post=36901"},{"taxonomy":"post_tag","embeddable":true,"href":"https:\/\/linitiative.ca\/International\/wp-json\/wp\/v2\/tags?post=36901"}],"curies":[{"name":"wp","href":"https:\/\/api.w.org\/{rel}","templated":true}]}}