{"id":36905,"date":"2019-05-27T10:23:07","date_gmt":"2019-05-27T14:23:07","guid":{"rendered":"https:\/\/linitiative.ca\/International\/89935-volley-coupe-d-algerie-messieurs-la-finale-gs-petroliers-omk-el-milia-jeudi-a-blida\/"},"modified":"2019-05-27T10:23:07","modified_gmt":"2019-05-27T14:23:07","slug":"89935-volley-coupe-d-algerie-messieurs-la-finale-gs-petroliers-omk-el-milia-jeudi-a-blida","status":"publish","type":"post","link":"https:\/\/linitiative.ca\/International\/89935-volley-coupe-d-algerie-messieurs-la-finale-gs-petroliers-omk-el-milia-jeudi-a-blida\/","title":{"rendered":"Volley\/Coupe d&rsquo;Alg\u00e9rie messieurs: la finale GS P\u00e9troliers-OMK El-Milia jeudi \u00e0 Blida"},"content":{"rendered":"<div>\n<div class=\"K2FeedIntroText\">\n<p><strong>ALGER &#8211; La finale de la Coupe d&rsquo;Alg\u00e9rie de volley-ball, seniors messieurs, opposant le GS P\u00e9troliers (tenant) \u00e0 l&rsquo;OMK El-Milia se d\u00e9roulera jeudi (23h00) \u00e0 la salle OMS du complexe olympique Mustapha-Tchaker (Blida), a indiqu\u00e9 la F\u00e9d\u00e9ration alg\u00e9rienne de la discipline (FAVB).<\/strong><\/p>\n<\/div>\n<div class=\"K2FeedFullText\">\n<p>Les P\u00e9troliers \u00e9taient les premiers \u00e0 se qualifier pour la finale en battant l&rsquo;ASV Blida sur le score de 3 sets \u00e0 0 (25-17, 25-18, 25-14) vendredi soir \u00e0 la salle OMS de Bou Isma\u00efl (Tipasa).<\/p>\n<p>Les volleyeurs de l&rsquo;OMK El-Milia ont rejoint le GS P\u00e9troliers en finale apr\u00e8s leur victoire devant l&rsquo;ES Tadjenanet par 3 sets \u00e0 2\u00a0 (29-27, 24-26, 25-16, 29-31, 18-16), dimanche \u00e0 Constantine.<\/p>\n<p>C&rsquo;est la 2e finale de l&rsquo;OMK El-Milia apr\u00e8s celle perdue en 2017 devant le NR Bordj Bou Arr\u00e9ridj.<\/p>\n<\/div>\n<p><img loading=\"lazy\" decoding=\"async\" src=\"http:\/\/feeds.feedburner.com\/~r\/aps-sport\/~4\/SJEde1p4hFw\" height=\"1\" width=\"1\" alt=\"\"><\/div>\n<p>Auteur:<br \/>\n<a href=\"http:\/\/www.aps.dz\/sport\/89935-volley-coupe-d-algerie-messieurs-la-finale-gs-petroliers-omk-el-milia-jeudi-a-blida?utm_source=feedburner&#038;utm_medium=feed&#038;utm_campaign=Feed%3A+aps-sport+%28APS+-+SPORT%29\">Cliquez ici pour lire l&rsquo;article depuis sa source.<\/a><\/p>\n","protected":false},"excerpt":{"rendered":"<p>ALGER &#8211; La finale de la Coupe d&rsquo;Alg\u00e9rie de volley-ball, seniors messieurs, opposant le GS P\u00e9troliers (tenant) \u00e0 l&rsquo;OMK El-Milia se d\u00e9roulera jeudi (23h00) \u00e0 la salle OMS du complexe olympique Mustapha-Tchaker (Blida), a indiqu\u00e9 la F\u00e9d\u00e9ration alg\u00e9rienne de la discipline (FAVB). Les P\u00e9troliers \u00e9taient les premiers \u00e0 se qualifier pour la finale en battant [&hellip;]<\/p>\n","protected":false},"author":1790,"featured_media":0,"comment_status":"closed","ping_status":"closed","sticky":false,"template":"","format":"standard","meta":{"fifu_image_url":"","fifu_image_alt":"","footnotes":""},"categories":[53,75],"tags":[],"class_list":["post-36905","post","type-post","status-publish","format-standard","hentry","category-algerie","category-sport"],"_links":{"self":[{"href":"https:\/\/linitiative.ca\/International\/wp-json\/wp\/v2\/posts\/36905","targetHints":{"allow":["GET"]}}],"collection":[{"href":"https:\/\/linitiative.ca\/International\/wp-json\/wp\/v2\/posts"}],"about":[{"href":"https:\/\/linitiative.ca\/International\/wp-json\/wp\/v2\/types\/post"}],"author":[{"embeddable":true,"href":"https:\/\/linitiative.ca\/International\/wp-json\/wp\/v2\/users\/1790"}],"replies":[{"embeddable":true,"href":"https:\/\/linitiative.ca\/International\/wp-json\/wp\/v2\/comments?post=36905"}],"version-history":[{"count":0,"href":"https:\/\/linitiative.ca\/International\/wp-json\/wp\/v2\/posts\/36905\/revisions"}],"wp:attachment":[{"href":"https:\/\/linitiative.ca\/International\/wp-json\/wp\/v2\/media?parent=36905"}],"wp:term":[{"taxonomy":"category","embeddable":true,"href":"https:\/\/linitiative.ca\/International\/wp-json\/wp\/v2\/categories?post=36905"},{"taxonomy":"post_tag","embeddable":true,"href":"https:\/\/linitiative.ca\/International\/wp-json\/wp\/v2\/tags?post=36905"}],"curies":[{"name":"wp","href":"https:\/\/api.w.org\/{rel}","templated":true}]}}