{"id":36926,"date":"2019-05-27T13:56:00","date_gmt":"2019-05-27T17:56:00","guid":{"rendered":"https:\/\/linitiative.ca\/International\/mostaganem-inauguration-du-premier-bureau-de-poste-itinerant\/"},"modified":"2019-05-27T13:56:00","modified_gmt":"2019-05-27T17:56:00","slug":"mostaganem-inauguration-du-premier-bureau-de-poste-itinerant","status":"publish","type":"post","link":"https:\/\/linitiative.ca\/International\/mostaganem-inauguration-du-premier-bureau-de-poste-itinerant\/","title":{"rendered":"MOSTAGANEM : Inauguration du premier bureau de Poste itin\u00e9rant"},"content":{"rendered":"<p><br id=\"sep_para_1\" class=\"sep_para access\"\/><\/p>\n<div id=\"para_1\" class=\"para_31303914 resize\">\n<div class=\"texte access firstletter\">Le wali de Mostaganem, M.Rebhi Abdenour en pr\u00e9sence du directeur d\u2019Alg\u00e9rie poste de la wilaya M.Benosmane Bendhiba\u00a0 ainsi que des cadres de cette direction, a proc\u00e9d\u00e9 hier lundi, dans la matin\u00e9e, au\u00a0 niveau du si\u00e8ge de la wilaya, \u00e0 l\u2019inauguration du\u00a0 premier bureau de poste itin\u00e9rant. Install\u00e9 dans un bus fabriqu\u00e9 par une soci\u00e9t\u00e9 nationale, ce bureau ambulant est destin\u00e9 \u00e0 sillonner tous les quartiers de la ville, ainsi que les localit\u00e9s enclav\u00e9es de la wilaya. En effet,\u00a0 cette louable initiative, qui fait partie d\u2019un projet national lanc\u00e9 par la direction g\u00e9n\u00e9rale d\u2019Alg\u00e9rie Poste, touchant\u00a0 plusieurs wilayas dont celle de Mostaganem, a \u00e9t\u00e9 accueillie favorablement par la population et plus particuli\u00e8rement les usagers de la poste puisqu\u2019elle est venue \u00e0 point nomm\u00e9, notamment \u00e0 quelques jours de la f\u00eate de l\u2019A\u00efd El-Fitr et \u00e0 l\u2019approche de la saison estivale.\u00a0 Consid\u00e9r\u00e9e comme la premi\u00e8re du genre au niveau de l\u2019Afrique, cette initiative a pour objectif de faciliter et de rapprocher des clients les services d\u2019Alg\u00e9rie Poste, comme l\u2019avait indiqu\u00e9 M. Benosmane Bendhiba, directeur de l\u2019unit\u00e9 d\u2019Alg\u00e9rie Poste de la wilaya de Mostaganem lors d\u2019une d\u00e9claration faite \u00e0 la presse \u00e0 l\u2019occasion de la mise en service, hier.<\/div>\n<\/div>\n<p>Auteur: G.Yacine<br \/>\n<a href=\"https:\/\/www.reflexiondz.net\/MOSTAGANEM-Inauguration-du-premier-bureau-de-Poste-itinerant_a56016.html\">Cliquez ici pour lire l&rsquo;article depuis sa source.<\/a><\/p>\n","protected":false},"excerpt":{"rendered":"<p>Le wali de Mostaganem, M.Rebhi Abdenour en pr\u00e9sence du directeur d\u2019Alg\u00e9rie poste de la wilaya M.Benosmane Bendhiba\u00a0 ainsi que des cadres de cette direction, a proc\u00e9d\u00e9 hier lundi, dans la matin\u00e9e, au\u00a0 niveau du si\u00e8ge de la wilaya, \u00e0 l\u2019inauguration du\u00a0 premier bureau de poste itin\u00e9rant. Install\u00e9 dans un bus fabriqu\u00e9 par une soci\u00e9t\u00e9 nationale, [&hellip;]<\/p>\n","protected":false},"author":1740,"featured_media":0,"comment_status":"closed","ping_status":"closed","sticky":false,"template":"","format":"standard","meta":{"fifu_image_url":"","fifu_image_alt":"","footnotes":""},"categories":[53,76],"tags":[],"class_list":["post-36926","post","type-post","status-publish","format-standard","hentry","category-algerie","category-regions"],"_links":{"self":[{"href":"https:\/\/linitiative.ca\/International\/wp-json\/wp\/v2\/posts\/36926","targetHints":{"allow":["GET"]}}],"collection":[{"href":"https:\/\/linitiative.ca\/International\/wp-json\/wp\/v2\/posts"}],"about":[{"href":"https:\/\/linitiative.ca\/International\/wp-json\/wp\/v2\/types\/post"}],"author":[{"embeddable":true,"href":"https:\/\/linitiative.ca\/International\/wp-json\/wp\/v2\/users\/1740"}],"replies":[{"embeddable":true,"href":"https:\/\/linitiative.ca\/International\/wp-json\/wp\/v2\/comments?post=36926"}],"version-history":[{"count":0,"href":"https:\/\/linitiative.ca\/International\/wp-json\/wp\/v2\/posts\/36926\/revisions"}],"wp:attachment":[{"href":"https:\/\/linitiative.ca\/International\/wp-json\/wp\/v2\/media?parent=36926"}],"wp:term":[{"taxonomy":"category","embeddable":true,"href":"https:\/\/linitiative.ca\/International\/wp-json\/wp\/v2\/categories?post=36926"},{"taxonomy":"post_tag","embeddable":true,"href":"https:\/\/linitiative.ca\/International\/wp-json\/wp\/v2\/tags?post=36926"}],"curies":[{"name":"wp","href":"https:\/\/api.w.org\/{rel}","templated":true}]}}