{"id":36934,"date":"2019-05-27T04:45:29","date_gmt":"2019-05-27T08:45:29","guid":{"rendered":"https:\/\/linitiative.ca\/International\/perspective-de-report-de-la-presidentielle-loptimisme-de-la-classe-politique\/"},"modified":"2019-05-27T04:45:29","modified_gmt":"2019-05-27T08:45:29","slug":"perspective-de-report-de-la-presidentielle-loptimisme-de-la-classe-politique","status":"publish","type":"post","link":"https:\/\/linitiative.ca\/International\/perspective-de-report-de-la-presidentielle-loptimisme-de-la-classe-politique\/","title":{"rendered":"Perspective de report de la pr\u00e9sidentielle : L\u2019optimisme de la classe politique"},"content":{"rendered":"<h4 class=\"title-14\"\/>\n<div class=\"featured_image\"><img width=\"761\" height=\"854\" data-cfsrc=\"https:\/\/www.elwatan.com\/wp-content\/uploads\/2019\/05\/sofiane-col-e1558921668646.jpeg\" class=\"attachment-post-thumbnail size-post-thumbnail wp-post-image c1\" alt=\"\" srcset=\"https:\/\/www.elwatan.com\/wp-content\/uploads\/2019\/05\/sofiane-col-e1558921668646.jpeg 761w, https:\/\/www.elwatan.com\/wp-content\/uploads\/2019\/05\/sofiane-col-e1558921668646-267x300.jpeg 267w\" sizes=\"(max-width: 761px) 100vw, 761px\"\/><noscript><\/p>\n<p><img loading=\"lazy\" decoding=\"async\" width=\"761\" height=\"854\" src=\"https:\/\/www.elwatan.com\/wp-content\/uploads\/2019\/05\/sofiane-col-e1558921668646.jpeg\" class=\"attachment-post-thumbnail size-post-thumbnail wp-post-image\" alt=\"\" srcset=\"https:\/\/www.elwatan.com\/wp-content\/uploads\/2019\/05\/sofiane-col-e1558921668646.jpeg 761w, https:\/\/www.elwatan.com\/wp-content\/uploads\/2019\/05\/sofiane-col-e1558921668646-267x300.jpeg 267w\" sizes=\"auto, (max-width: 761px) 100vw, 761px\"\/><\/p>\n<p><\/noscript> <span class=\"featured-image-caption\">Le pr\u00e9sident de Jil Jadid Soufiane Djilali ( photo : Sami K. )<\/span><\/div>\n<p>La classe politique et les observateurs de la sc\u00e8ne nationale ne sont nullement surpris par l\u2019absence de candidats \u00e0 la pr\u00e9sidentielle du 4 juillet.<\/p>\n<p>Lorsque l\u2019on sait que depuis le 22 f\u00e9vrier, les Alg\u00e9riens disent \u00abnon\u00bb \u00e0 cette \u00e9lection, il est \u00e9vident que l\u2019on essuie un tel \u00e9chec. \u00abOn ne peut pas faire une \u00e9lection sans \u00e9lecteurs.<\/p>\n<p>Les Alg\u00e9riens rejettent ce scrutin. Ils r\u00e9clament une p\u00e9riode de transition avec l\u2019ouverture d\u2019un dialogue constructif et le d\u00e9part de toutes les figures de l\u2019ancien r\u00e9gime. Il fallait abdiquer\u00bb, affirme Soufiane Djilali, leader de Jil Jadid, qui d\u00e9nonce l\u2019obstination du pouvoir qui a engag\u00e9, selon lui, depuis trois mois, un rapport de force au lieu d\u2019\u00e9tablir un dialogue s\u00e9rieux.<\/p>\n<p>Soufiane Djilali rappelle que son parti et d\u2019autres formations de l\u2019opposition ont appel\u00e9 \u00e0 une p\u00e9riode de transition, mais le pouvoir a refus\u00e9, parce qu\u2019il avait d\u2019autres calculs. \u00abOn aurait pu gagner deux mois et \u00e9pargner aux Alg\u00e9riens ces mouvements de foule. Mais l\u2019ent\u00eatement du pouvoir a men\u00e9 le pays dans une impasse\u00bb, accuse Djilali, affirmant que le report de l\u2019\u00e9lection est une grande victoire pour le mouvement populaire.<\/p>\n<p>\u00abAvec cette nouvelle donne, le pouvoir vient de perdre la partie. Il sera donc dans l\u2019obligation d\u2019ouvrir le dialogue pour une gestion consensuelle de la p\u00e9riode de transition, d\u2019autant plus qu\u2019\u00e0 partir du 9 juillet, on se retrouvera dans une phase non constitutionnelle, non pr\u00e9vue par la Constitution\u00bb, rappelle-t-il.<\/p>\n<p>L\u2019annulation de cette \u00e9lection d\u00e9cid\u00e9e de mani\u00e8re unilat\u00e9rale par le r\u00e9gime est pour le FFS un grand acquis qui couronne plusieurs semaines de grande mobilisation et de sacrifices. \u00abContrairement \u00e0 quelques avis fatalistes et alarmistes, l\u2019annulation de cette \u00e9lection pr\u00e9sidentielle constitue une chance pour l\u2019avenir de la d\u00e9mocratie dans notre pays\u00bb, note le premier secr\u00e9taire du parti, pr\u00e9cisant que la crise politique multiforme qui a longtemps paralys\u00e9 notre nation et hypoth\u00e9qu\u00e9 l\u2019avenir de notre peuple ne pouvait et ne devait pas se r\u00e9sorber \u00e0 travers un autre coup de force \u00e9lectoral.<\/p>\n<p><strong>Une \u00e9lection d\u00e9cid\u00e9e de mani\u00e8re unilat\u00e9rale<\/strong><\/p>\n<p>De l\u2019avis du FFS, beaucoup de temps a \u00e9t\u00e9 perdu depuis l\u2019entame de la glorieuse r\u00e9volution populaire pacifique, \u00e0 cause des man\u0153uvres souterraines des tenants du pouvoir r\u00e9el et de leur ent\u00eatement \u00e0 faire aboutir une feuille de route politique d\u00e9cri\u00e9e et d\u00e9nonc\u00e9e par la majorit\u00e9 de la classe politique et de l\u2019ensemble de nos valeureux compatriotes.<\/p>\n<p>\u00abIl n\u2019y a pas de fatalit\u00e9 historique, car les solutions existent, le vide constitutionnel est \u00e9ph\u00e9m\u00e8re devant la gravit\u00e9 de la situation et l\u2019imp\u00e9rative n\u00e9cessit\u00e9 de pr\u00e9voir des solutions politiques pacifiques et d\u00e9mocratiques\u00bb, fait remarquer le responsable du FFS, pour qui il est plus que temps, aujourd\u2019hui, de se conformer \u00e0 la volont\u00e9 populaire en engageant le pays dans une transition d\u00e9mocratique qui verra l\u2019\u00e9lection d\u2019une Assembl\u00e9e constituante souveraine et l\u2019av\u00e8nement de la IIe R\u00e9publique.<\/p>\n<p>Le Parti des travailleurs, dirig\u00e9 par Louisa Hanoune, se f\u00e9licite de voir que ni les man\u0153uvres ni les menaces et encore moins les intimidations ne sont venues \u00e0 bout de la volont\u00e9 de la majorit\u00e9 du peuple, qui a massivement rejet\u00e9 l\u2019\u00e9lection du 4 juillet. Pour le PT, il est certain que ce scrutin pr\u00e9vu par le pouvoir comme moyen de sauvetage du syst\u00e8me n\u2019aura pas lieu.<\/p>\n<p><strong>La transition d\u00e9mocratique s\u2019impose<\/strong><\/p>\n<p>\u00abLa mobilisation avait d\u00e9fait auparavant les plans visant le sauvetage du syst\u00e8me, \u00e0 commencer par la mise en \u00e9chec du 5e\u00a0mandat, du prolongement du 4e mandat et la mise en route de l\u2019article 102 de la Constitution qui a conduit \u00e0 la tentative d\u2019imposer la pr\u00e9sidentielle du 4 juillet.\u00bb<\/p>\n<p>Le secr\u00e9tariat politique du parti s\u2019est r\u00e9uni hier et a rappel\u00e9 que la secr\u00e9taire g\u00e9n\u00e9rale du PT, Louisa Hanoune, avait annonc\u00e9, plusieurs semaines avant son incarc\u00e9ration, le refus du parti de s\u2019inscrire dans les initiatives du r\u00e9gime, en retirant notamment son groupe parlementaire de l\u2019APN et en refusant de participer \u00e0 la pr\u00e9sidentielle du 4 juillet.<\/p>\n<p>Pour le PT, la transition r\u00e9ellement d\u00e9mocratique qui permettra au peuple d\u2019exercer sa pleine souverainet\u00e9, en rupture avec le syst\u00e8me, ses institutions, ses symboles et ses pratiques, serait un processus constituant qui, partant de la base, culminera avec la mise en place d\u2019une Assembl\u00e9e nationale constituante et souveraine, compos\u00e9e de d\u00e9l\u00e9gu\u00e9s \u00e9lus et r\u00e9vocables.<\/p>\n<p>Mohamed Adimi, du parti Talaie El Hourriyet, estime que le pouvoir doit se rendre compte qu\u2019il ne peut plus tourner le dos aux exigences de la rue. \u00abNous entamons une nouvelle \u00e9tape qui impose le report de l\u2019\u00e9lection, l\u2019ouverture d\u2019un dialogue fructueux et surtout la d\u00e9mission de Bedoui et de son gouvernement\u00bb, note Adimi, persuad\u00e9 que le pouvoir annoncera le report des \u00e9lections, mais avant cela, le parti de Ali Benflis exige la mise sur pied d\u2019une instance ind\u00e9pendante charg\u00e9e de l\u2019organisation et de la surveillance des \u00e9lections.<\/p>\n<div class=\"yuzo_related_post style-1\" data-version=\"5.12.88\">\n<p><h3>Related Post<\/h3>\n<\/p>\n<div class=\"yuzo_wraps\">\n<div class=\"relatedthumb relatedpost-563211 c11\"><a href=\"https:\/\/www.elwatan.com\/edition\/actualite\/constantine-nous-avons-repondu-a-cet-appel-a-contrecoeur-11-03-2019\"\/><\/p>\n<p><span class=\"yuzo__text--title c10\">Constantine : \u00abNous avons r\u00e9pondu \u00e0 cet appel \u00e0 co&#8230;<\/span><\/div>\n<div class=\"relatedthumb relatedpost-567124 c11\"><a href=\"https:\/\/www.elwatan.com\/edition\/actualite\/la-success-storie-du-fleuron-de-lautomobile-seat-01-04-2019\"\/><\/p>\n<p><span class=\"yuzo__text--title c10\">La success storie du fleuron de l\u2019automobile Seat&#8230;<\/span><\/div>\n<div class=\"relatedthumb relatedpost-163250 c11\"><a href=\"https:\/\/www.elwatan.com\/edition\/economie\/contrat-sonatrach-petrofac-de-600-millions-de-dollars-la-filiale-gcb-rejoint-le-projet-28-11-2018\"\/><\/p>\n<p><span class=\"yuzo__text--title c10\">Contrat Sonatrach-P\u00e9trofac de 600 millions de doll&#8230;<\/span><\/div>\n<div class=\"relatedthumb relatedpost-382271 c11\"><a href=\"https:\/\/www.elwatan.com\/edito\/effondrement-politique-26-12-2018\"\/><\/p>\n<p><span class=\"yuzo__text--title c10\">Effondrement politique<\/span><\/div>\n<\/div>\n<\/div>\n<p><span class=\"post-views-label\">Post Views:<\/span> <span class=\"post-views-count\">2\u00a0854<\/span><\/p>\n<p>Auteur: Hicham Chouadria<br \/>\n<a href=\"https:\/\/www.elwatan.com\/edition\/actualite\/perspective-de-report-de-la-presidentielle-loptimisme-de-la-classe-politique-27-05-2019\">Cliquez ici pour lire l&rsquo;article depuis sa source.<\/a><\/p>\n","protected":false},"excerpt":{"rendered":"<p>Le pr\u00e9sident de Jil Jadid Soufiane Djilali ( photo : Sami K. ) La classe politique et les observateurs de la sc\u00e8ne nationale ne sont nullement surpris par l\u2019absence de candidats \u00e0 la pr\u00e9sidentielle du 4 juillet. Lorsque l\u2019on sait que depuis le 22 f\u00e9vrier, les Alg\u00e9riens disent \u00abnon\u00bb \u00e0 cette \u00e9lection, il est \u00e9vident [&hellip;]<\/p>\n","protected":false},"author":1743,"featured_media":36935,"comment_status":"closed","ping_status":"closed","sticky":false,"template":"","format":"standard","meta":{"fifu_image_url":"","fifu_image_alt":"","footnotes":""},"categories":[73,53],"tags":[],"class_list":["post-36934","post","type-post","status-publish","format-standard","has-post-thumbnail","hentry","category-actualite","category-algerie"],"_links":{"self":[{"href":"https:\/\/linitiative.ca\/International\/wp-json\/wp\/v2\/posts\/36934","targetHints":{"allow":["GET"]}}],"collection":[{"href":"https:\/\/linitiative.ca\/International\/wp-json\/wp\/v2\/posts"}],"about":[{"href":"https:\/\/linitiative.ca\/International\/wp-json\/wp\/v2\/types\/post"}],"author":[{"embeddable":true,"href":"https:\/\/linitiative.ca\/International\/wp-json\/wp\/v2\/users\/1743"}],"replies":[{"embeddable":true,"href":"https:\/\/linitiative.ca\/International\/wp-json\/wp\/v2\/comments?post=36934"}],"version-history":[{"count":0,"href":"https:\/\/linitiative.ca\/International\/wp-json\/wp\/v2\/posts\/36934\/revisions"}],"wp:featuredmedia":[{"embeddable":true,"href":"https:\/\/linitiative.ca\/International\/wp-json\/"}],"wp:attachment":[{"href":"https:\/\/linitiative.ca\/International\/wp-json\/wp\/v2\/media?parent=36934"}],"wp:term":[{"taxonomy":"category","embeddable":true,"href":"https:\/\/linitiative.ca\/International\/wp-json\/wp\/v2\/categories?post=36934"},{"taxonomy":"post_tag","embeddable":true,"href":"https:\/\/linitiative.ca\/International\/wp-json\/wp\/v2\/tags?post=36934"}],"curies":[{"name":"wp","href":"https:\/\/api.w.org\/{rel}","templated":true}]}}