{"id":36937,"date":"2019-05-27T05:00:11","date_gmt":"2019-05-27T09:00:11","guid":{"rendered":"https:\/\/linitiative.ca\/International\/apc-de-sidi-bel-abbes-toufik-adda-boudjella-reprend-les-commandes\/"},"modified":"2019-05-27T05:00:11","modified_gmt":"2019-05-27T09:00:11","slug":"apc-de-sidi-bel-abbes-toufik-adda-boudjella-reprend-les-commandes","status":"publish","type":"post","link":"https:\/\/linitiative.ca\/International\/apc-de-sidi-bel-abbes-toufik-adda-boudjella-reprend-les-commandes\/","title":{"rendered":"APC\u00a0de Sidi Bel Abb\u00e8s :\u00a0Toufik Adda Boudjella reprend les commandes"},"content":{"rendered":"<h4 class=\"title-14\"\/>\n<div class=\"featured_image\"><img width=\"800\" height=\"431\" data-cfsrc=\"https:\/\/www.elwatan.com\/wp-content\/uploads\/2019\/05\/apc-de-sba.gif\" class=\"attachment-post-thumbnail size-post-thumbnail wp-post-image c1\" alt=\"\"\/><noscript><\/p>\n<p><img loading=\"lazy\" decoding=\"async\" width=\"800\" height=\"431\" src=\"https:\/\/www.elwatan.com\/wp-content\/uploads\/2019\/05\/apc-de-sba.gif\" class=\"attachment-post-thumbnail size-post-thumbnail wp-post-image\" alt=\"\"\/><\/p>\n<p><\/noscript><\/div>\n<p class=\"p4\"><span class=\"s3\"><strong>S<\/strong><\/span><span class=\"s4\">ous le coup d\u2019une mesure de substitution de pouvoirs depuis presque quatre mois, le maire de Sidi Bel Abb\u00e8s,\u00a0Toufik Adda Boujellal, a repris, hier, les commandes de l\u2019ex\u00e9cutif communal.<\/span><\/p>\n<p class=\"p4\"><span class=\"s4\">Une c\u00e9r\u00e9monie officielle, pr\u00e9sid\u00e9e par le wali, s\u2019est tenue hier en fin de matin\u00e9e \u00e0 l\u2019H\u00f4tel de Ville pour formaliser la lev\u00e9e de la substitution de pouvoirs. Prenant la parole lors de cette c\u00e9r\u00e9monie, Adda Boujellal a tenu, d\u2019abord, a pr\u00e9sent\u00e9 ses excuses \u00e0 la population de Sidi Bel Abb\u00e8s pour tout le\u00a0<em>\u00abtemps perdu\u00a0et les retards enregistr\u00e9s dans le lancement de plusieurs projets de d\u00e9veloppement\u00bb<\/em>.<\/span><\/p>\n<p class=\"p4\"><span class=\"s4\">Tout en saluant les efforts consentis par le pr\u00e9sident de l\u2019Assembl\u00e9e de wilaya pour aplanir les divergences entre les membres de l\u2019Assembl\u00e9e, le maire a pris l\u2019engagement de relancer l\u2019ensemble des chantiers de d\u00e9veloppement dans le chef-lieu de la wilaya.<\/span><\/p>\n<p class=\"p4\"><span class=\"s4\">Pour rappel, la gestion de l\u2019APC avait \u00e9t\u00e9 d\u00e9volue, durant toute cette p\u00e9riode, \u00e0 M. Merine, un administrateur rattach\u00e9 aux services de la wilaya. Les pouvoirs publics ont recouru \u00e0 deux reprises \u00e0 la substitution des pouvoirs, qui consiste \u00e0 transf\u00e9rer des attributions de gestion de la collectivit\u00e9 \u00e0 un repr\u00e9sentant\u00a0du wali.<\/span><\/p>\n<p class=\"p4\"><span class=\"s4\">Cette mesure a \u00e9t\u00e9 prise cons\u00e9cutivement par deux walis (en 2018 et 2019), et ce, \u00e0 la suite de graves dissensions n\u00e9es au sein de l\u2019Assembl\u00e9e populaire communale au lendemain de son \u00e9lection en novembre 2017. Selon le chef de l\u2019ex\u00e9cutif de la wilaya, une rallonge financi\u00e8re de 30 milliards de centimes, dans le cadre du budget de l\u2019Etat, sera allou\u00e9e \u00e0 l\u2019APC pour des actions d\u2019am\u00e9lioration urbaine.<strong><em>\u00a0<\/em><\/strong><\/span><\/p>\n<div class=\"yuzo_related_post style-1\" data-version=\"5.12.88\">\n<p><h3>Related Post<\/h3>\n<\/p>\n<div class=\"yuzo_wraps\">\n<div class=\"relatedthumb relatedpost-373208 c11\"><a href=\"https:\/\/www.elwatan.com\/edition\/actualite\/le-mae-egyptien-dimanche-a-alger-11-11-2011\"\/><\/p>\n<p><span class=\"yuzo__text--title c10\">Le MAE \u00e9gyptien dimanche \u00e0 Alger<\/span><\/div>\n<div class=\"relatedthumb relatedpost-581566 c11\"><a href=\"https:\/\/www.elwatan.com\/regions\/centre\/tipasa\/tipasa-le-wali-ecarte-la-presse-et-perpetue-la-gestion-opaque-26-05-2019\"\/><\/p>\n<p><span class=\"yuzo__text--title c10\">Tipasa\u00a0: Le wali \u00e9carte la presse et perp\u00e9tue la g&#8230;<\/span><\/div>\n<div class=\"relatedthumb relatedpost-226593 c11\"><a href=\"https:\/\/www.elwatan.com\/regions\/est\/actu-est\/lancement-dun-prix-en-hommage-a-benguettaf-03-12-2018\"\/><\/p>\n<p><span class=\"yuzo__text--title c10\">Lancement d\u2019un prix en hommage \u00e0 Benguettaf<\/span><\/div>\n<div class=\"relatedthumb relatedpost-565117 c11\"><a href=\"https:\/\/www.elwatan.com\/edition\/actualite\/les-graves-revelations-de-seddik-chihab-porte-parole-du-parti-de-lex-premier-ministre-des-forces-inconstitutionnelles-dirigent-le-pays-depuis-7-ans-21-03-2019\"\/><\/p>\n<p><span class=\"yuzo__text--title c10\">Les graves r\u00e9v\u00e9lations de Seddik Chihab, porte-par&#8230;<\/span><\/div>\n<\/div>\n<\/div>\n<p><span class=\"post-views-label\">Post Views:<\/span> <span class=\"post-views-count\">120<\/span><\/p>\n<p>Auteur: Anis Khecheba<br \/>\n<a href=\"https:\/\/www.elwatan.com\/regions\/ouest\/bel-abes\/apc-de-sidi-bel-abbes-toufik-adda-boudjella-reprend-les-commandes-27-05-2019\">Cliquez ici pour lire l&rsquo;article depuis sa source.<\/a><\/p>\n","protected":false},"excerpt":{"rendered":"<p>Sous le coup d\u2019une mesure de substitution de pouvoirs depuis presque quatre mois, le maire de Sidi Bel Abb\u00e8s,\u00a0Toufik Adda Boujellal, a repris, hier, les commandes de l\u2019ex\u00e9cutif communal. Une c\u00e9r\u00e9monie officielle, pr\u00e9sid\u00e9e par le wali, s\u2019est tenue hier en fin de matin\u00e9e \u00e0 l\u2019H\u00f4tel de Ville pour formaliser la lev\u00e9e de la substitution de [&hellip;]<\/p>\n","protected":false},"author":1743,"featured_media":36938,"comment_status":"closed","ping_status":"closed","sticky":false,"template":"","format":"standard","meta":{"fifu_image_url":"","fifu_image_alt":"","footnotes":""},"categories":[73,53],"tags":[],"class_list":["post-36937","post","type-post","status-publish","format-standard","has-post-thumbnail","hentry","category-actualite","category-algerie"],"_links":{"self":[{"href":"https:\/\/linitiative.ca\/International\/wp-json\/wp\/v2\/posts\/36937","targetHints":{"allow":["GET"]}}],"collection":[{"href":"https:\/\/linitiative.ca\/International\/wp-json\/wp\/v2\/posts"}],"about":[{"href":"https:\/\/linitiative.ca\/International\/wp-json\/wp\/v2\/types\/post"}],"author":[{"embeddable":true,"href":"https:\/\/linitiative.ca\/International\/wp-json\/wp\/v2\/users\/1743"}],"replies":[{"embeddable":true,"href":"https:\/\/linitiative.ca\/International\/wp-json\/wp\/v2\/comments?post=36937"}],"version-history":[{"count":0,"href":"https:\/\/linitiative.ca\/International\/wp-json\/wp\/v2\/posts\/36937\/revisions"}],"wp:featuredmedia":[{"embeddable":true,"href":"https:\/\/linitiative.ca\/International\/wp-json\/"}],"wp:attachment":[{"href":"https:\/\/linitiative.ca\/International\/wp-json\/wp\/v2\/media?parent=36937"}],"wp:term":[{"taxonomy":"category","embeddable":true,"href":"https:\/\/linitiative.ca\/International\/wp-json\/wp\/v2\/categories?post=36937"},{"taxonomy":"post_tag","embeddable":true,"href":"https:\/\/linitiative.ca\/International\/wp-json\/wp\/v2\/tags?post=36937"}],"curies":[{"name":"wp","href":"https:\/\/api.w.org\/{rel}","templated":true}]}}