{"id":36939,"date":"2019-05-27T05:00:18","date_gmt":"2019-05-27T09:00:18","guid":{"rendered":"https:\/\/linitiative.ca\/International\/mascara-sit-in-pour-denoncer-les-atteintes-aux-droits-fondamentaux\/"},"modified":"2019-05-27T05:00:18","modified_gmt":"2019-05-27T09:00:18","slug":"mascara-sit-in-pour-denoncer-les-atteintes-aux-droits-fondamentaux","status":"publish","type":"post","link":"https:\/\/linitiative.ca\/International\/mascara-sit-in-pour-denoncer-les-atteintes-aux-droits-fondamentaux\/","title":{"rendered":"Mascara :\u00a0Sit-in pour d\u00e9noncer les atteintes aux droits fondamentaux"},"content":{"rendered":"<h4 class=\"title-14\"\/>\n<div class=\"featured_image\"><img width=\"800\" height=\"533\" data-cfsrc=\"https:\/\/www.elwatan.com\/wp-content\/uploads\/2019\/05\/MASCARA.gif\" class=\"attachment-post-thumbnail size-post-thumbnail wp-post-image c1\" alt=\"\"\/><noscript><\/p>\n<p><img loading=\"lazy\" decoding=\"async\" width=\"800\" height=\"533\" src=\"https:\/\/www.elwatan.com\/wp-content\/uploads\/2019\/05\/MASCARA.gif\" class=\"attachment-post-thumbnail size-post-thumbnail wp-post-image\" alt=\"\"\/><\/p>\n<p><\/noscript><\/div>\n<p class=\"p4\"><span class=\"s3\"><strong>C<\/strong><\/span><span class=\"s4\">e samedi, \u00e0 moins de deux heures de la rupture du je\u00fbne (Iftar), des journalistes, enseignants universitaires, syndicalistes autonomes et de nombreux militants du \u00abhirak\u00bb ont observ\u00e9, pour la quatri\u00e8me semaine cons\u00e9cutive, un sit-in devant la Maison de la presse Bakhti Benaouda de Mascara pour d\u00e9noncer les <em>\u00abatteintes aux libert\u00e9s syndicales et les licenciements et autres mesures disciplinaires abusives et arbitraires contre toute voix discordante\u00bb<\/em>.<\/span><\/p>\n<p class=\"p4\"><span class=\"s4\">Comme \u00e0 l\u2019accoutum\u00e9e, les participants \u00e0 ce sit-in ont brandi plusieurs pancartes sur lesquelles on pouvait lire, entre autres, <em>\u00abNon \u00e0 l\u2019entrave de l\u2019activit\u00e9 syndicale\u00bb<\/em>, <em>\u00abLa libert\u00e9 d\u2019expression est le fondement de toute d\u00e9mocratie\u00bb<\/em>, <em>\u00abHalte \u00e0 la r\u00e9pression syndicale\u00bb\u00a0et \u00abLes licenciements abusifs sont des crimes\u00bb<\/em>. Dans son intervention, un ancien d\u00e9put\u00e9 a d\u00e9nonc\u00e9 le recours de certains responsables aux sanctions abusives \u00e0 l\u2019encontre des salari\u00e9s pour cause d\u2019appartenance syndicale ou politique.<\/span><\/p>\n<p class=\"p4\"><span class=\"s4\"><em>\u00abOn marchera et on manifestera jusqu\u2019\u00e0 provoquer le changement qui demeure notre plus grand espoir pour une Alg\u00e9rie meilleure o\u00f9 on pourrait vire d\u00e9cemment avec plus de dignit\u00e9\u00bb<\/em>, a tenu \u00e0 relater M. Makhlouf. De son c\u00f4t\u00e9, M. Bahlouli Abou El Fadl, enseignant universitaire, militant des droits de l\u2019homme et journaliste, a insist\u00e9 sur la n\u00e9cessit\u00e9 de pr\u00e9server la libert\u00e9 d\u2019expression et le respect du droit syndical.<\/span><\/p>\n<p class=\"p4\"><span class=\"s4\"><em>\u00abNous continuerons de nous mobiliser chaque jour, chaque semaine, pour prot\u00e9ger et pr\u00e9server nos droits fondamentaux, notamment le droit \u00e0 la libert\u00e9 d\u2019expression pour tous et le droit syndical afin de garantir \u00e0 tout travailleur le droit de s\u2019organiser en syndicat, le droit de revendiquer et de lutter pour ses revendications\u00bb<\/em>.<\/span><\/p>\n<p class=\"p4\"><span class=\"s4\">Les militants du \u00abhirak\u00bb, Sekandri Bachir, Hamiani Bousekrine et Abdelkerim Bentata ont demand\u00e9 aux autorit\u00e9s de la wilaya <em>\u00abde cesser les sanctions abusives et de r\u00e9int\u00e9grer les deux fonctionnaires de la direction de la Jeunesse et des Sports (DJS), en l\u2019occurrence Mohamed Benkorbaa et Taouche Mohieddine, licenci\u00e9s abusivement\u00bb<\/em>.<\/span><\/p>\n<p class=\"p4\"><span class=\"s4\">Les manifestants se sont donn\u00e9s rendez vous pour mercredi prochain. <em>\u00abNous continuerons nos sit-in tant que nos revendications ne seront pas satisfaites et les droits humains ne seront pas respect\u00e9s pour tous\u00bb<\/em>, dira Manseur Si Mohamed, coordinateur de wilaya du syndicat national des journalistes (SNJ) \u00e0 Mascara et journaliste de <em>La Nouvelle R\u00e9publique.<\/em><\/span><\/p>\n<div class=\"yuzo_related_post style-1\" data-version=\"5.12.88\">\n<p><h3>Related Post<\/h3>\n<\/p>\n<div class=\"yuzo_wraps\">\n<div class=\"relatedthumb relatedpost-382583 c12\"><a href=\"https:\/\/www.elwatan.com\/regions\/ouest\/mascara\/mascara-quatre-familles-vivent-dans-des-conditions-precaires-a-mamounia-27-12-2018\"\/><\/p>\n<p><span class=\"yuzo__text--title c11\">Mascara : Quatre familles vivent dans des conditio&#8230;<\/span><\/div>\n<div class=\"relatedthumb relatedpost-343518 c12\"><a href=\"https:\/\/www.elwatan.com\/edition\/actualite\/graves-revelations-de-lavocat-du-journaliste-adlene-mellah-larrestation-sest-faite-sur-la-base-de-requisitions-du-18-fevrier-2018-18-12-2018\"\/><\/p>\n<p><span class=\"yuzo__text--title c11\">Graves r\u00e9v\u00e9lations de l\u2019avocat du journaliste Adl&#8230;<\/span><\/div>\n<div class=\"relatedthumb relatedpost-242102 c12\"><a href=\"https:\/\/www.elwatan.com\/regions\/centre\/alger\/cite-des-5000-logements-aadl-de-reghaia-des-problemes-qui-alterent-le-cadre-de-vie-04-12-2018\"\/><\/p>\n<p><span class=\"yuzo__text--title c11\">Cit\u00e9 des 5000 logements AADL de R\u00e9gha\u00efa : Des prob&#8230;<\/span><\/div>\n<div class=\"relatedthumb relatedpost-559543 c12\"><a href=\"https:\/\/www.elwatan.com\/regions\/ouest\/oran\/protection-de-lenvironnement-des-experts-allemands-a-oran-21-02-2019\"\/><\/p>\n<p><span class=\"yuzo__text--title c11\">Protection de l\u2019environnement :\u00a0Des experts allema&#8230;<\/span><\/div>\n<\/div>\n<\/div>\n<p><span class=\"post-views-label\">Post Views:<\/span> <span class=\"post-views-count\">85<\/span><\/p>\n<p>Auteur: Anis Khecheba<br \/>\n<a href=\"https:\/\/www.elwatan.com\/regions\/ouest\/mascara\/mascara-sit-in-pour-denoncer-les-atteintes-aux-droits-fondamentaux-27-05-2019\">Cliquez ici pour lire l&rsquo;article depuis sa source.<\/a><\/p>\n","protected":false},"excerpt":{"rendered":"<p>Ce samedi, \u00e0 moins de deux heures de la rupture du je\u00fbne (Iftar), des journalistes, enseignants universitaires, syndicalistes autonomes et de nombreux militants du \u00abhirak\u00bb ont observ\u00e9, pour la quatri\u00e8me semaine cons\u00e9cutive, un sit-in devant la Maison de la presse Bakhti Benaouda de Mascara pour d\u00e9noncer les \u00abatteintes aux libert\u00e9s syndicales et les licenciements et [&hellip;]<\/p>\n","protected":false},"author":1743,"featured_media":36940,"comment_status":"closed","ping_status":"closed","sticky":false,"template":"","format":"standard","meta":{"fifu_image_url":"","fifu_image_alt":"","footnotes":""},"categories":[73,53],"tags":[],"class_list":["post-36939","post","type-post","status-publish","format-standard","has-post-thumbnail","hentry","category-actualite","category-algerie"],"_links":{"self":[{"href":"https:\/\/linitiative.ca\/International\/wp-json\/wp\/v2\/posts\/36939","targetHints":{"allow":["GET"]}}],"collection":[{"href":"https:\/\/linitiative.ca\/International\/wp-json\/wp\/v2\/posts"}],"about":[{"href":"https:\/\/linitiative.ca\/International\/wp-json\/wp\/v2\/types\/post"}],"author":[{"embeddable":true,"href":"https:\/\/linitiative.ca\/International\/wp-json\/wp\/v2\/users\/1743"}],"replies":[{"embeddable":true,"href":"https:\/\/linitiative.ca\/International\/wp-json\/wp\/v2\/comments?post=36939"}],"version-history":[{"count":0,"href":"https:\/\/linitiative.ca\/International\/wp-json\/wp\/v2\/posts\/36939\/revisions"}],"wp:featuredmedia":[{"embeddable":true,"href":"https:\/\/linitiative.ca\/International\/wp-json\/"}],"wp:attachment":[{"href":"https:\/\/linitiative.ca\/International\/wp-json\/wp\/v2\/media?parent=36939"}],"wp:term":[{"taxonomy":"category","embeddable":true,"href":"https:\/\/linitiative.ca\/International\/wp-json\/wp\/v2\/categories?post=36939"},{"taxonomy":"post_tag","embeddable":true,"href":"https:\/\/linitiative.ca\/International\/wp-json\/wp\/v2\/tags?post=36939"}],"curies":[{"name":"wp","href":"https:\/\/api.w.org\/{rel}","templated":true}]}}