{"id":36941,"date":"2019-05-27T05:00:25","date_gmt":"2019-05-27T09:00:25","guid":{"rendered":"https:\/\/linitiative.ca\/International\/sidi-lakhdar-mostaganem-dysfonctionnement-dans-la-collecte-des-ordures-menageres\/"},"modified":"2019-05-27T05:00:25","modified_gmt":"2019-05-27T09:00:25","slug":"sidi-lakhdar-mostaganem-dysfonctionnement-dans-la-collecte-des-ordures-menageres","status":"publish","type":"post","link":"https:\/\/linitiative.ca\/International\/sidi-lakhdar-mostaganem-dysfonctionnement-dans-la-collecte-des-ordures-menageres\/","title":{"rendered":"Sidi Lakhdar (Mostaganem) :\u00a0Dysfonctionnement dans la collecte des ordures m\u00e9nag\u00e8res"},"content":{"rendered":"<h4 class=\"title-14\"\/>\n<div class=\"featured_image\"><img width=\"800\" height=\"491\" data-cfsrc=\"https:\/\/www.elwatan.com\/wp-content\/uploads\/2019\/05\/decharge.gif\" class=\"attachment-post-thumbnail size-post-thumbnail wp-post-image c1\" alt=\"\"\/><noscript><\/p>\n<p><img loading=\"lazy\" decoding=\"async\" width=\"800\" height=\"491\" src=\"https:\/\/www.elwatan.com\/wp-content\/uploads\/2019\/05\/decharge.gif\" class=\"attachment-post-thumbnail size-post-thumbnail wp-post-image\" alt=\"\"\/><\/p>\n<p><\/noscript><\/div>\n<p class=\"p4\"><span class=\"s3\">Sidi Lakhdar a perdu son lustre d\u2019antan. Deuxi\u00e8me commune de la wilaya apr\u00e8s celle de Mostaganem, cette station baln\u00e9aire enregistre beaucoup de lacunes en mati\u00e8re de gestion et de collecte des ordures m\u00e9nag\u00e8res.<\/span><\/p>\n<p class=\"p4\"><span class=\"s4\"><strong>L<\/strong><\/span><span class=\"s3\">es habitants de Sidi Lakhdar se plaignent de la mauvaise collecte des ordures m\u00e9nag\u00e8res qui s\u2019effectue d\u2019une mani\u00e8re irr\u00e9guli\u00e8re et incompl\u00e8te par les services de la commune. Autant dire que la cit\u00e9 baln\u00e9aire de Sidi Lakhdar, deuxi\u00e8me commune de la wilaya apr\u00e8s celle Mostaganem, a perdu son lustre d\u2019antan en mati\u00e8re de propret\u00e9. Elle enregistre beaucoup de lacunes en mati\u00e8re de gestion et de collecte des ordures m\u00e9nag\u00e8res.<\/span><\/p>\n<p class=\"p4\"><span class=\"s3\">De nombreux quartiers croulent depuis plusieurs jours sous les ordures m\u00e9nag\u00e8res, en raison des perturbations fr\u00e9quentes dans le programme de la collecte, a-t-on constat\u00e9 sur place. Les \u00e9boueurs ne se sont pas manifest\u00e9s depuis au moins trois jours, causant ainsi de grands d\u00e9sagr\u00e9ments aux habitants, qui se sont retrouv\u00e9s contraints de s\u2019accommoder<span class=\"Apple-converted-space\">\u00a0<\/span> des odeurs naus\u00e9abondes, particuli\u00e8rement en cette p\u00e9riode de chaleur et de Ramadhan.<\/span><\/p>\n<p class=\"p4\"><span class=\"s3\">Les riverains assistent ainsi, impuissants, au pi\u00e8tre spectacle des ordures m\u00e9nag\u00e8res abandonn\u00e9es \u00e0 m\u00eame la chauss\u00e9e, d\u00e9gageant des odeurs pestilentielles et engendrant plusieurs d\u00e9sagr\u00e9ments. Une tourn\u00e9e dans les diff\u00e9rents quartiers et rues de la ville montre l\u2019ampleur de cette r\u00e9alit\u00e9. Des ordures et autres d\u00e9chets sont jet\u00e9s partout \u00e0 m\u00eame le sol. De nombreux habitants rencontr\u00e9s ont d\u00e9plor\u00e9 cette situation, tout en faisant incomber la responsabilit\u00e9 aux d\u00e9faillances dans la gestion des ordures au niveau de leur ville.<\/span><\/p>\n<p class=\"p4\"><span class=\"s3\"><em>\u00abLes d\u00e9chets m\u00e9nagers n\u2019ont pas \u00e9t\u00e9 collect\u00e9s depuis trois jours. Une v\u00e9ritable catastrophe en ce mois sacr\u00e9 et p\u00e9riode de chaleur. M\u00eame si les enl\u00e8vements se font, le travail ne se fait pas d\u2019une mani\u00e8re convenable\u00bb<\/em>, s\u2019exclame un riverain. <em>\u00abCette situation illustre le peu d\u2019int\u00e9r\u00eat qu\u2019accordent les responsables locaux concern\u00e9s au cadre de vie des habitants\u00bb<\/em>, s\u2019indignent d\u2019autres.<\/span><\/p>\n<p class=\"p4\"><span class=\"s3\">Un appel urgent est donc lanc\u00e9 en direction des autorit\u00e9s locales afin qu\u2019elles renforcent le ramassage des d\u00e9chets m\u00e9nagers, d\u2019autant que l\u2019\u00e9t\u00e9 approche \u00e0 grands pas. D\u2019autres se demandent, avec cette situation ex\u00e9crable, comment le tourisme peut se d\u00e9velopper d\u2019une fa\u00e7on harmonieuse \u00e0 Sidi Lakhdar. Il faut savoir en effet que cette commune dispose de grandes opportunit\u00e9s et d\u2019atouts culturels de valeur. Malheureusement, elle occupe, ces derni\u00e8res ann\u00e9es, une part marginale dans l\u2019\u00e9conomie de la r\u00e9gion.<\/span><\/p>\n<div class=\"yuzo_related_post style-1\" data-version=\"5.12.88\">\n<p><h3>Related Post<\/h3>\n<\/p>\n<div class=\"yuzo_wraps\">\n<div class=\"relatedthumb relatedpost-557353 c11\"><a href=\"https:\/\/www.elwatan.com\/regions\/est\/actu-est\/croissant-rouge-algerien-a-guelma-des-dons-aux-populations-pour-affronter-lhiver-09-02-2019\"\/><\/p>\n<p><span class=\"yuzo__text--title c10\">Croissant-Rouge alg\u00e9rien \u00e0 Guelma : Des dons aux p&#8230;<\/span><\/div>\n<div class=\"relatedthumb relatedpost-573301 c11\"><a href=\"https:\/\/www.elwatan.com\/pages-hebdo\/magazine\/un-lieu-emblematique-de-la-revolution-du-22-fevrier-25-04-2019\"\/><\/p>\n<p><span class=\"yuzo__text--title c10\">Un lieu embl\u00e9matique de la R\u00e9volution du 22 f\u00e9vrie&#8230;<\/span><\/div>\n<div class=\"relatedthumb relatedpost-414096 c11\"><a href=\"https:\/\/www.elwatan.com\/regions\/kabylie\/bejaia\/fermetures-de-routes-des-coleres-et-des-miseres-30-12-2018\"\/><\/p>\n<p><span class=\"yuzo__text--title c10\">Fermetures de routes\u00a0: Des col\u00e8res et des mis\u00e8res&#8230;<\/span><\/div>\n<div class=\"relatedthumb relatedpost-151008 c11\"><a href=\"https:\/\/www.elwatan.com\/edition\/culture\/gpra-un-mandat-historique-19-septembre-1958-3-aout-1962-les-bonnes-feuilles-21-09-2018\"\/><\/p>\n<p><span class=\"yuzo__text--title c10\">\u201cGPRA. Un mandat historique. 19 septembre 19&#8230;<\/span><\/div>\n<\/div>\n<\/div>\n<p><span class=\"post-views-label\">Post Views:<\/span> <span class=\"post-views-count\">51<\/span><\/p>\n<p>Auteur: Anis Khecheba<br \/>\n<a href=\"https:\/\/www.elwatan.com\/regions\/ouest\/mostaganem\/sidi-lakhdar-mostaganem-dysfonctionnement-dans-la-collecte-des-ordures-menageres-27-05-2019\">Cliquez ici pour lire l&rsquo;article depuis sa source.<\/a><\/p>\n","protected":false},"excerpt":{"rendered":"<p>Sidi Lakhdar a perdu son lustre d\u2019antan. Deuxi\u00e8me commune de la wilaya apr\u00e8s celle de Mostaganem, cette station baln\u00e9aire enregistre beaucoup de lacunes en mati\u00e8re de gestion et de collecte des ordures m\u00e9nag\u00e8res. Les habitants de Sidi Lakhdar se plaignent de la mauvaise collecte des ordures m\u00e9nag\u00e8res qui s\u2019effectue d\u2019une mani\u00e8re irr\u00e9guli\u00e8re et incompl\u00e8te par [&hellip;]<\/p>\n","protected":false},"author":1743,"featured_media":36942,"comment_status":"closed","ping_status":"closed","sticky":false,"template":"","format":"standard","meta":{"fifu_image_url":"","fifu_image_alt":"","footnotes":""},"categories":[73,53],"tags":[],"class_list":["post-36941","post","type-post","status-publish","format-standard","has-post-thumbnail","hentry","category-actualite","category-algerie"],"_links":{"self":[{"href":"https:\/\/linitiative.ca\/International\/wp-json\/wp\/v2\/posts\/36941","targetHints":{"allow":["GET"]}}],"collection":[{"href":"https:\/\/linitiative.ca\/International\/wp-json\/wp\/v2\/posts"}],"about":[{"href":"https:\/\/linitiative.ca\/International\/wp-json\/wp\/v2\/types\/post"}],"author":[{"embeddable":true,"href":"https:\/\/linitiative.ca\/International\/wp-json\/wp\/v2\/users\/1743"}],"replies":[{"embeddable":true,"href":"https:\/\/linitiative.ca\/International\/wp-json\/wp\/v2\/comments?post=36941"}],"version-history":[{"count":0,"href":"https:\/\/linitiative.ca\/International\/wp-json\/wp\/v2\/posts\/36941\/revisions"}],"wp:featuredmedia":[{"embeddable":true,"href":"https:\/\/linitiative.ca\/International\/wp-json\/"}],"wp:attachment":[{"href":"https:\/\/linitiative.ca\/International\/wp-json\/wp\/v2\/media?parent=36941"}],"wp:term":[{"taxonomy":"category","embeddable":true,"href":"https:\/\/linitiative.ca\/International\/wp-json\/wp\/v2\/categories?post=36941"},{"taxonomy":"post_tag","embeddable":true,"href":"https:\/\/linitiative.ca\/International\/wp-json\/wp\/v2\/tags?post=36941"}],"curies":[{"name":"wp","href":"https:\/\/api.w.org\/{rel}","templated":true}]}}