{"id":36943,"date":"2019-05-27T05:00:43","date_gmt":"2019-05-27T09:00:43","guid":{"rendered":"https:\/\/linitiative.ca\/International\/quelle-transition-pour-lapres-4-juillet\/"},"modified":"2019-05-27T05:00:43","modified_gmt":"2019-05-27T09:00:43","slug":"quelle-transition-pour-lapres-4-juillet","status":"publish","type":"post","link":"https:\/\/linitiative.ca\/International\/quelle-transition-pour-lapres-4-juillet\/","title":{"rendered":"Quelle transition pour l\u2019apr\u00e8s-4 juillet\u00a0?"},"content":{"rendered":"<h4 class=\"title-14\"\/>\n<p>Les 45 jours d\u00e9di\u00e9s au d\u00e9p\u00f4t des dossiers de candidature pour l\u2019\u00e9lection pr\u00e9sidentielle du 4 juillet prochain ont expir\u00e9 avant-hier \u00e0 minuit. Le Conseil constitutionnel a annonc\u00e9, hier, le d\u00e9p\u00f4t de deux dossiers par les candidats libres Abdelhakim Hamadi et Hamid Touahri.<\/p>\n<p>Il est peu probable que ces deux-l\u00e0 aient r\u00e9ussi \u00e0 r\u00e9unir les 60\u00a0000 signatures r\u00e9parties sur 25 wilayas, comme le stipule la Constitution. Aucune personnalit\u00e9 d\u2019envergure n\u2019a d\u00e9pos\u00e9 de dossier pour cette \u00e9lection rejet\u00e9e par de larges pans de la soci\u00e9t\u00e9.<\/p>\n<p>M\u00eame Belkacem Sahli de l\u2019Alliance nationale r\u00e9publicaine (ANR) et Abdelaziz Bela\u00efd du Front El Moustakbel (FM), qui avaient dans un premier temps d\u00e9pos\u00e9 leurs lettres d\u2019intention, ont finalement d\u00e9cid\u00e9 de ne pas se pr\u00e9senter.<\/p>\n<p>Pour ces deux derniers, qui ne sont pourtant pas connus pour \u00eatre de farouches opposants au pouvoir, les conditions de la tenue d\u2019une \u00e9lection libre ne sont pas r\u00e9unies. L\u2019\u00e9lection du 4 juillet sera sans aucun doute \u00abreport\u00e9e\u00bb ou \u00abannul\u00e9e\u00bb. Mais que se passera-t-il par la suite\u00a0? Il faut dire que plusieurs chefs de parti politique n\u2019ont cess\u00e9 d\u2019affirmer, depuis plusieurs semaines d\u00e9j\u00e0, que cette \u00e9lection n\u2019avait aucune chance de se tenir. Toutes les formations politiques de l\u2019opposition avaient, par ailleurs, d\u00e9cid\u00e9 de la boycotter. Et m\u00eame dans le cas o\u00f9 elle serait maintenue, elle n\u2019aurait aucune l\u00e9gitimit\u00e9.<\/p>\n<p>Pour certains, la persistance du pouvoir en place \u00e0 maintenir, co\u00fbte que co\u00fbte, ce processus \u00e9lectoral a fait perdre du temps au pays, tout en le menant quand m\u00eame vers l\u2019impasse. \u00abLe syst\u00e8me, en s\u2019accrochant \u00e0 sa solution constitutionnelle autour de l\u2019article 102, que nous avons pr\u00e9venu d\u00e8s le d\u00e9but, nous a finalement men\u00e9 vers l\u2019impasse avec en plus une perte de temps\u00bb, a estim\u00e9 Sa\u00efd Salhi, vice-pr\u00e9sident de la Ligue alg\u00e9rienne de d\u00e9fense des droits de l\u2019homme (LADDH). \u00abAu lieu d\u2019engager un dialogue depuis trois mois, le pouvoir a engag\u00e9 un rapport de force. Il vient de le perdre\u00bb, a d\u00e9clar\u00e9, de son c\u00f4t\u00e9, Soufiane Djilali, pr\u00e9sident de Jil Jadid.<\/p>\n<p>Le chef d\u2019\u00e9tat-major de l\u2019ANP, Ahmed Ga\u00efd Salah, avait, \u00e0 maintes reprises, exprim\u00e9 son rejet de toute id\u00e9e de \u00abvide constitutionnel\u00bb qui m\u00e8nerait in\u00e9luctablement vers une \u00abtransition\u00bb, r\u00e9clam\u00e9e par la quasi-totalit\u00e9 des partis de l\u2019opposition. \u00abAu-del\u00e0 du 4 juillet, ou c\u2019est la transition politique en dehors de la Constitution, ou c\u2019est le prolongement de la crise qui risque encore de s\u2019exacerber et d\u2019exposer le pays \u00e0 des dangers plus graves\u00bb, a indiqu\u00e9 Sa\u00efd Salhi.<\/p>\n<p>Que se passera-t-il maintenant\u00a0? Des partis et personnalit\u00e9s politiques ont soumis diverses propositions de sortie de crise. La derni\u00e8re en date \u00e9tant celle d\u2019Ahmed Taleb Ibrahimi, qui a plaid\u00e9 pour une \u00absolution politique\u00bb en s\u2019appuyant sur les articles 7 et 8 de la Constitution.<\/p>\n<p>D\u2019autres, avant lui, ont \u00e9galement propos\u00e9 leurs feuilles de route, \u00e0 l\u2019image de Talaie El Hourriyet, le FFS, RCD, Jil Jadid, les Forces du changement, un conglom\u00e9rat de formations et personnalit\u00e9s politiques se r\u00e9unissant chez le FJD \u2013 Adala \u2013 de Abdallah Djaballah, le MSP, le PT, les dynamiques du Collectif de la soci\u00e9t\u00e9 civile pour une transition d\u00e9mocratique ou m\u00eame l\u2019Organisation nationale des moudjahidine (ONM), pour ne citer que celles-l\u00e0.<\/p>\n<p>Hormis pour quelques partis qui plaident pour la \u00abConstituante\u00bb, la majorit\u00e9 de ces propositions s\u2019articulent autour d\u2019une transition de 6 \u00e0 12 mois durant laquelle sera mis en place un m\u00e9canisme permettant de r\u00e9unir les conditions d\u2019organisation d\u2019une \u00e9lection pr\u00e9sidentielle libre et transparente. Une p\u00e9riode qui sera men\u00e9e par une personnalit\u00e9 ou plusieurs (pr\u00e9sidium) \u00abaccept\u00e9es\u00bb par la population et c\u2019est \u00e0 celle-ci, ou celles-l\u00e0, qu\u2019\u00e9choira la mission de nommer un \u00abgouvernement de transition\u00bb.<\/p>\n<p>Pour certains donc, le \u00abvide constitutionnel\u00bb, dans lequel se retrouve \u00abautomatiquement\u00bb le pays apr\u00e8s le \u00abreport\u00bb ou l\u2019\u00abannulation\u00bb de cette pr\u00e9sidentielle, m\u00e8nera in\u00e9luctablement vers une transition. N\u00e9anmoins, les d\u00e9bats initi\u00e9s ces derniers jours dans quelques m\u00e9dias publics laissent supposer que l\u2019option du maintien du chef de l\u2019Etat, Abdelkader Bensalah, dont le d\u00e9part est fortement r\u00e9clam\u00e9 par les manifestants, est sur la table.<\/p>\n<p>L\u2019agence officielle APS a balanc\u00e9, hier, une d\u00e9p\u00eache portant l\u2019intitul\u00e9 \u00abla Constitution autorise le chef de l\u2019Etat \u00e0 convoquer le corps \u00e9lectoral \u00e0 nouveau en cas de suspension des \u00e9lections\u00bb dans laquelle des sp\u00e9cialistes se sont exprim\u00e9s sur la d\u00e9marche \u00e0 suivre dans pareil cas (absence de candidat), m\u00eame si la Loi fondamentale du pays n\u2019a pas pr\u00e9vu cette situation.<\/p>\n<p>Par ailleurs, des informations, relay\u00e9es par des m\u00e9dias proches de l\u2019actuel pouvoir, font d\u00e9j\u00e0 \u00e9tat de la pr\u00e9paration par le gouvernement Bedoui d\u2019un texte de loi relatif \u00e0 l\u2019instance \u00abd\u2019organisation\u00bb des \u00e9lections qui, d\u2019apr\u00e8s eux, sera soumis prochainement \u00e0 l\u2019actuel Parlement.<\/p>\n<p>La population va-t-elle accepter dans deux ou trois mois ce qu\u2019elle a rejet\u00e9 aujourd\u2019hui, \u00e0 savoir l\u2019organisation d\u2019une \u00e9lection pr\u00e9sidentielle par les symboles de l\u2019ancien r\u00e9gime\u00a0? Il est clair qu\u2019il y a unanimit\u00e9 chez les manifestants sur la n\u00e9cessit\u00e9 du d\u00e9part de Bensalah et Bedoui comme pr\u00e9alable en vue de prendre part \u00e0 un quelconque processus futur de sortie de crise.<\/p>\n<p>Le pouvoir en place se mettra-t-il \u00e0 table pour enclencher le dialogue tant attendu avec les diff\u00e9rents acteurs de la sc\u00e8ne politique, en optant pour une solution politique, ou s\u2019ent\u00eatera-t-il \u00e0 vouloir organiser \u00abunilat\u00e9ralement\u00bb cette pr\u00e9sidentielle ? Les jours \u00e0 venir nous le diront\u2026<\/p>\n<div class=\"yuzo_related_post style-1\" data-version=\"5.12.88\">\n<p><h3>Related Post<\/h3>\n<\/p>\n<div class=\"yuzo_wraps\">\n<div class=\"relatedthumb relatedpost-364060 c11\"><a href=\"https:\/\/www.elwatan.com\/edition\/actualite\/seaal-ouvre-des-points-daccueil-pendant-ramadhan-29-07-2011\"\/><\/p>\n<p><span class=\"yuzo__text--title c10\">Seaal ouvre des points d\u2019accueil pendant Ramadhan&#8230;<\/span><\/div>\n<div class=\"relatedthumb relatedpost-562834 c11\"><a href=\"https:\/\/www.elwatan.com\/edition\/culture\/lettre-adressee-par-un-civil-aux-generaux-de-larmee-nationale-populaire-09-03-2019\"\/><\/p>\n<p><span class=\"yuzo__text--title c10\">Lettre adress\u00e9e par un civil aux g\u00e9n\u00e9raux de l\u2019Arm&#8230;<\/span><\/div>\n<div class=\"relatedthumb relatedpost-294663 c11\"><a href=\"https:\/\/www.elwatan.com\/edition\/culture\/lotfi-double-kanon-et-safy-boutella-en-vedette-12-07-2009\"\/><\/p>\n<p><span class=\"yuzo__text--title c10\">Lotfi Double Kanon et Safy Boutella en vedette<\/span><\/div>\n<div class=\"relatedthumb relatedpost-231896 c11\"><a href=\"https:\/\/www.elwatan.com\/pages-hebdo\/sup-eco\/societe-financiere-dinvestissement-de-participation-et-de-placement-sofinance-21-05-2007\"\/><\/p>\n<p><span class=\"yuzo__text--title c10\">Soci\u00e9t\u00e9 financi\u00e8re d\u2019investissement, de participat&#8230;<\/span><\/div>\n<\/div>\n<\/div>\n<p><span class=\"post-views-label\">Post Views:<\/span> <span class=\"post-views-count\">933<\/span><\/p>\n<p>Auteur: Hicham Chouadria<br \/>\n<a href=\"https:\/\/www.elwatan.com\/edition\/actualite\/quelle-transition-pour-lapres-4-juillet-27-05-2019\">Cliquez ici pour lire l&rsquo;article depuis sa source.<\/a><\/p>\n","protected":false},"excerpt":{"rendered":"<p>Les 45 jours d\u00e9di\u00e9s au d\u00e9p\u00f4t des dossiers de candidature pour l\u2019\u00e9lection pr\u00e9sidentielle du 4 juillet prochain ont expir\u00e9 avant-hier \u00e0 minuit. Le Conseil constitutionnel a annonc\u00e9, hier, le d\u00e9p\u00f4t de deux dossiers par les candidats libres Abdelhakim Hamadi et Hamid Touahri. Il est peu probable que ces deux-l\u00e0 aient r\u00e9ussi \u00e0 r\u00e9unir les 60\u00a0000 [&hellip;]<\/p>\n","protected":false},"author":1743,"featured_media":0,"comment_status":"closed","ping_status":"closed","sticky":false,"template":"","format":"standard","meta":{"fifu_image_url":"","fifu_image_alt":"","footnotes":""},"categories":[73,53],"tags":[],"class_list":["post-36943","post","type-post","status-publish","format-standard","hentry","category-actualite","category-algerie"],"_links":{"self":[{"href":"https:\/\/linitiative.ca\/International\/wp-json\/wp\/v2\/posts\/36943","targetHints":{"allow":["GET"]}}],"collection":[{"href":"https:\/\/linitiative.ca\/International\/wp-json\/wp\/v2\/posts"}],"about":[{"href":"https:\/\/linitiative.ca\/International\/wp-json\/wp\/v2\/types\/post"}],"author":[{"embeddable":true,"href":"https:\/\/linitiative.ca\/International\/wp-json\/wp\/v2\/users\/1743"}],"replies":[{"embeddable":true,"href":"https:\/\/linitiative.ca\/International\/wp-json\/wp\/v2\/comments?post=36943"}],"version-history":[{"count":0,"href":"https:\/\/linitiative.ca\/International\/wp-json\/wp\/v2\/posts\/36943\/revisions"}],"wp:attachment":[{"href":"https:\/\/linitiative.ca\/International\/wp-json\/wp\/v2\/media?parent=36943"}],"wp:term":[{"taxonomy":"category","embeddable":true,"href":"https:\/\/linitiative.ca\/International\/wp-json\/wp\/v2\/categories?post=36943"},{"taxonomy":"post_tag","embeddable":true,"href":"https:\/\/linitiative.ca\/International\/wp-json\/wp\/v2\/tags?post=36943"}],"curies":[{"name":"wp","href":"https:\/\/api.w.org\/{rel}","templated":true}]}}