{"id":36944,"date":"2019-05-27T05:00:58","date_gmt":"2019-05-27T09:00:58","guid":{"rendered":"https:\/\/linitiative.ca\/International\/tiaret-un-appartement-ravage-par-le-feu\/"},"modified":"2019-05-27T05:00:58","modified_gmt":"2019-05-27T09:00:58","slug":"tiaret-un-appartement-ravage-par-le-feu","status":"publish","type":"post","link":"https:\/\/linitiative.ca\/International\/tiaret-un-appartement-ravage-par-le-feu\/","title":{"rendered":"Tiaret :\u00a0Un appartement ravag\u00e9 par le feu \u00a0"},"content":{"rendered":"<h4 class=\"title-14\"\/>\n<p class=\"p4\"><span class=\"s8\"><strong>U<\/strong><\/span><span class=\"s7\">n incommensurable drame, heureusement sans cons\u00e9quences humaines, vient de frapper la famille Zaoui Mohamed. L\u2019appartement qu\u2019occupe cette famille depuis plus de 25 ans au 5<sup>e<\/sup> \u00e9tage dans un immeuble situ\u00e9 au c\u0153ur de la ville de Tiaret, a \u00e9t\u00e9 ravag\u00e9 par le feu et les cinq membres de cette famille se sont retrouv\u00e9s du jour au lendemain dans le d\u00e9nuement totalement.<\/span><\/p>\n<p class=\"p4\"><span class=\"s7\">Le d\u00e9sarroi en plein mois de car\u00eame. La femme de Mohamed Zaoui, ex- star du football de la JSMT et du MCO et international, n\u2019arrivait pas \u00e0 croire qu\u2019elle avait miraculeusement \u00e9chapp\u00e9 elle et ses trois enfants aux flammes qui se d\u00e9gageaient des balcons. La voix \u00e9trangl\u00e9e, elle nous a racont\u00e9, hier, comment elle s\u2019est r\u00e9veill\u00e9e \u00e0 9 heures du matin ne se doutant de rien pour voir l\u2019appartement s\u2019enflammer.<\/span><\/p>\n<p class=\"p4\"><span class=\"s7\"><em>\u00abJ\u2019avais tout juste le temps d\u2019extirper mes enfants du lit et de m\u2019enfuir alors que mon mari \u00e9tait sorti depuis sept heures du matin pour sa s\u00e9ance de dialyse\u00bb<\/em>. Les sapeurs-pompiers arriv\u00e9s sur les lieux ont eu d\u2019ailleurs du mal \u00e0 circonscrire le feu et mis du temps pour \u00e9teindre les flammes sous une indescriptible psychose chez les voisins de ce mythique b\u00e2timent, l\u2019un des tous premiers construits durant l\u2019\u00e9poque coloniale. Notre interlocutrice, encore sous le choc mais courageuse, voudrait voir vite se tourner cette sombre page.<\/span><\/p>\n<p class=\"p4\"><span class=\"s7\"><em>\u00abLa b\u00e2tisse est vieille et l\u2019entretien pose probl\u00e8me, on ne demande qu\u2019\u00e0 quitter ce lieu et mettre \u00e0 notre disposition un logement situ\u00e9 dans les bas \u00e9tages car Zaoui Mohamed depuis ses d\u00e9boires en mati\u00e8re de sant\u00e9 n\u2019arrive plus \u00e0 escalader les \u00e9tages sans se faire du mal\u00bb<\/em>. Puisse Dieu et les hommes en charge de la gestion immobili\u00e8re et les autorit\u00e9s voler au secours de cette famille et surtout d\u2019un homme populaire \u00e0 Tiaret qui a beaucoup consacr\u00e9 au sport roi. <span class=\"Apple-converted-space\">\u00a0 \u00a0 \u00a0\u00a0<\/span><\/span><\/p>\n<div class=\"yuzo_related_post style-1\" data-version=\"5.12.88\">\n<p><h3>Related Post<\/h3>\n<\/p>\n<div class=\"yuzo_wraps\">\n<div class=\"relatedthumb relatedpost-568292 c11\"><a href=\"https:\/\/www.elwatan.com\/pages-hebdo\/sante\/barometre-algerie-la-prise-en-charge-reste-tres-insuffisante-07-04-2019\"\/><\/p>\n<p><span class=\"yuzo__text--title c10\">Barom\u00e8tre Alg\u00e9rie : La prise en charge reste tr\u00e8s &#8230;<\/span><\/div>\n<div class=\"relatedthumb relatedpost-232831 c11\"><a href=\"https:\/\/www.elwatan.com\/pages-hebdo\/sup-eco\/engagements-daide-a-lafrique-04-06-2007\"\/><\/p>\n<p><span class=\"yuzo__text--title c10\">Engagements d\u2019aide \u00e0 l\u2019Afrique<\/span><\/div>\n<div class=\"relatedthumb relatedpost-464252 c11\"><a href=\"https:\/\/www.elwatan.com\/regions\/sud\/actu-sud\/el-menea-des-gardes-proprete-pour-le-quartier-belaid-2-14-08-2014\"\/><\/p>\n<p><span class=\"yuzo__text--title c10\">El M\u00e9n\u00e9a : Des gardes \u00abpropret\u00e9\u00bb pour le quartier &#8230;<\/span><\/div>\n<div class=\"relatedthumb relatedpost-554330 c11\"><a href=\"https:\/\/www.elwatan.com\/edition\/sports\/les-constantinois-survolent-leur-poule-21-01-2019\"\/><\/p>\n<p><span class=\"yuzo__text--title c10\">Les Constantinois survolent leur poule<\/span><\/div>\n<\/div>\n<\/div>\n<p><span class=\"post-views-label\">Post Views:<\/span> <span class=\"post-views-count\">187<\/span><\/p>\n<p>Auteur: Anis Khecheba<br \/>\n<a href=\"https:\/\/www.elwatan.com\/regions\/ouest\/tiaret\/tiaret-un-appartement-ravage-par-le-feu-27-05-2019\">Cliquez ici pour lire l&rsquo;article depuis sa source.<\/a><\/p>\n","protected":false},"excerpt":{"rendered":"<p>Un incommensurable drame, heureusement sans cons\u00e9quences humaines, vient de frapper la famille Zaoui Mohamed. L\u2019appartement qu\u2019occupe cette famille depuis plus de 25 ans au 5e \u00e9tage dans un immeuble situ\u00e9 au c\u0153ur de la ville de Tiaret, a \u00e9t\u00e9 ravag\u00e9 par le feu et les cinq membres de cette famille se sont retrouv\u00e9s du jour [&hellip;]<\/p>\n","protected":false},"author":1743,"featured_media":0,"comment_status":"closed","ping_status":"closed","sticky":false,"template":"","format":"standard","meta":{"fifu_image_url":"","fifu_image_alt":"","footnotes":""},"categories":[73,53],"tags":[],"class_list":["post-36944","post","type-post","status-publish","format-standard","hentry","category-actualite","category-algerie"],"_links":{"self":[{"href":"https:\/\/linitiative.ca\/International\/wp-json\/wp\/v2\/posts\/36944","targetHints":{"allow":["GET"]}}],"collection":[{"href":"https:\/\/linitiative.ca\/International\/wp-json\/wp\/v2\/posts"}],"about":[{"href":"https:\/\/linitiative.ca\/International\/wp-json\/wp\/v2\/types\/post"}],"author":[{"embeddable":true,"href":"https:\/\/linitiative.ca\/International\/wp-json\/wp\/v2\/users\/1743"}],"replies":[{"embeddable":true,"href":"https:\/\/linitiative.ca\/International\/wp-json\/wp\/v2\/comments?post=36944"}],"version-history":[{"count":0,"href":"https:\/\/linitiative.ca\/International\/wp-json\/wp\/v2\/posts\/36944\/revisions"}],"wp:attachment":[{"href":"https:\/\/linitiative.ca\/International\/wp-json\/wp\/v2\/media?parent=36944"}],"wp:term":[{"taxonomy":"category","embeddable":true,"href":"https:\/\/linitiative.ca\/International\/wp-json\/wp\/v2\/categories?post=36944"},{"taxonomy":"post_tag","embeddable":true,"href":"https:\/\/linitiative.ca\/International\/wp-json\/wp\/v2\/tags?post=36944"}],"curies":[{"name":"wp","href":"https:\/\/api.w.org\/{rel}","templated":true}]}}