{"id":36945,"date":"2019-05-27T05:03:41","date_gmt":"2019-05-27T09:03:41","guid":{"rendered":"https:\/\/linitiative.ca\/International\/oran-les-citoyens-manifestent-contre-linsecurite-generee-par-les-chauffeurs-de-bus\/"},"modified":"2019-05-27T05:03:41","modified_gmt":"2019-05-27T09:03:41","slug":"oran-les-citoyens-manifestent-contre-linsecurite-generee-par-les-chauffeurs-de-bus","status":"publish","type":"post","link":"https:\/\/linitiative.ca\/International\/oran-les-citoyens-manifestent-contre-linsecurite-generee-par-les-chauffeurs-de-bus\/","title":{"rendered":"Oran : Les citoyens manifestent contre l\u2019ins\u00e9curit\u00e9 g\u00e9n\u00e9r\u00e9e par les chauffeurs de bus"},"content":{"rendered":"<h4 class=\"title-14\"\/>\n<div class=\"featured_image\"><img width=\"800\" height=\"516\" data-cfsrc=\"https:\/\/www.elwatan.com\/wp-content\/uploads\/2019\/05\/bus-accident.gif\" class=\"attachment-post-thumbnail size-post-thumbnail wp-post-image c1\" alt=\"\"\/><noscript><\/p>\n<p><img loading=\"lazy\" decoding=\"async\" width=\"800\" height=\"516\" src=\"https:\/\/www.elwatan.com\/wp-content\/uploads\/2019\/05\/bus-accident.gif\" class=\"attachment-post-thumbnail size-post-thumbnail wp-post-image\" alt=\"\"\/><\/p>\n<p><\/noscript><\/div>\n<p class=\"p3\"><span class=\"s4\">Des dizaines d\u2019Oranais, outr\u00e9s par le comportement des chauffards de bus, ont organis\u00e9, hier, un sit-in pour exiger que des mesures draconiennes soient prises \u00e0 leur encontre par les pouvoirs publics.<\/span><\/p>\n<p class=\"p3\"><span class=\"s5\"><strong>E<\/strong><\/span><span class=\"s4\">xigeant des mesures draconiennes contre les chauffards de bus qui ne cessent de faire des victimes, des centaines d\u2019Oranais, parmi eux des \u00e9tudiants, se sont rassembl\u00e9s hier matin non loin de l\u2019universit\u00e9 des sciences et de la technologie (USTO) Mohamed Boudiaf pour d\u00e9noncer le comportement des chauffards de bus, responsables de bon nombre d\u2019accidents de la circulation, dont plusieurs ont \u00e9t\u00e9 mortels. Les protestataires accusent les chauffards de bus d\u2019\u00eatre les premiers responsables de cette situation.<\/span><\/p>\n<p class=\"p3\"><span class=\"s4\">Ils d\u00e9noncent l\u2019ins\u00e9curit\u00e9 \u00e0 bord de ces moyens de transport en commun et les drames \u00e0 r\u00e9p\u00e9tition. A titre de rappel, samedi, l\u2019accident qui s\u2019est produit au quartier\u00a0USTO, samedi vers 9h, suite \u00e0 une collision entre deux bus desservant les lignes 11 et 51, a fait 22 bless\u00e9s. Ces derniers ont \u00e9t\u00e9 \u00e9vacu\u00e9s vers le service des urgences de l\u2019h\u00f4pital 1<sup>er<\/sup> Novembre 1954. Selon un communiqu\u00e9 de la direction de la sant\u00e9, 19 bless\u00e9s ont quitt\u00e9 l\u2019h\u00f4pital, alors que 3 autres, dont la situation est critique, sont toujours gard\u00e9s en observation.<\/span><\/p>\n<p class=\"p3\"><span class=\"s4\">Les accidents impliquant des bus et mettant en p\u00e9ril la vie des passagers sont devenus fr\u00e9quents. Ce n\u2019est pas la premi\u00e8re fois qu\u2019un bus de transport en commun est impliqu\u00e9 dans un accident. Depuis le d\u00e9but de l\u2019ann\u00e9e en cours, pr\u00e8s de 80 bless\u00e9s et un mort ont \u00e9t\u00e9 recens\u00e9s dans des accidents impliquant des bus. Le dernier drame de ce genre remonte au 17 mai, \u00e0 l\u2019entr\u00e9e de la commune d\u2019Arzew, suite \u00e0 une collision entre un minibus desservant la ligne Oran-Arzew et une voiture de marque Renault 21.<\/span><\/p>\n<p class=\"p3\"><span class=\"s4\">Vingt-cinq personnes ont \u00e9t\u00e9 bless\u00e9es. Fin avril, un sexag\u00e9naire a \u00e9t\u00e9 mortellement fauch\u00e9 par un bus \u00e0 Bir El Djir. Le m\u00eame mois, \u00e0 Boutl\u00e9lis, un bus a d\u00e9rap\u00e9 et s\u2019est encastr\u00e9 dans le mur, faisant 5 bless\u00e9s.<\/span><\/p>\n<p class=\"p3\"><span class=\"s4\">En mars, un accident impliquant deux bus de transport de voyageurs (43 et 41) a fait 12 bless\u00e9s sur la RN11, pr\u00e8s de la localit\u00e9 de Sidi El Bachir, dans la commune de Bir El Djir, et 12 autres personnes ont \u00e9t\u00e9 bless\u00e9es lorsqu\u2019un bus activant sur la ligne 19 reliant Oran \u00e0 Oued Tl\u00e9lat a d\u00e9rap\u00e9 avant de se renverser. N\u2019est-il pas temps de tirer la sonnette d\u2019alarme et d\u2019exiger une plus grande prudence des chauffeurs des transports en commun ?<\/span><\/p>\n<div class=\"yuzo_related_post style-1\" data-version=\"5.12.88\">\n<p><h3>Related Post<\/h3>\n<\/p>\n<div class=\"yuzo_wraps\">\n<div class=\"relatedthumb relatedpost-565634 c11\"><a href=\"https:\/\/www.elwatan.com\/edition\/actualite\/des-partis-politiques-proposent-linstallation-dune-presidence-collegiale-apres-le-depart-de-bouteflika-24-03-2019\"\/><\/p>\n<p><span class=\"yuzo__text--title c10\">Des partis politiques proposent l\u2019installation d\u2019u&#8230;<\/span><\/div>\n<div class=\"relatedthumb relatedpost-499880 c11\"><a href=\"https:\/\/www.elwatan.com\/regions\/sud\/actu-sud\/breves-dillizi-5-23-12-2015\"\/><\/p>\n<p><span class=\"yuzo__text--title c10\">Br\u00e8ves d\u2019Illizi<\/span><\/div>\n<div class=\"relatedthumb relatedpost-138864 c11\"><a href=\"https:\/\/www.elwatan.com\/regions\/est\/actu-est\/une-etoile-montante-2-04-07-2018\"\/><\/p>\n<p><span class=\"yuzo__text--title c10\">Une \u00e9toile montante<\/span><\/div>\n<div class=\"relatedthumb relatedpost-562585 c11\"><a href=\"https:\/\/www.elwatan.com\/edition\/sports\/coupe-de-la-ligue-feminine-le-fc-constantine-remporte-la-3e-edition-08-03-2019\"\/><\/p>\n<p><span class=\"yuzo__text--title c10\">Coupe de la Ligue f\u00e9minine : Le FC Constantine rem&#8230;<\/span><\/div>\n<\/div>\n<\/div>\n<p><span class=\"post-views-label\">Post Views:<\/span> <span class=\"post-views-count\">910<\/span><\/p>\n<p>Auteur: Anis Khecheba<br \/>\n<a href=\"https:\/\/www.elwatan.com\/regions\/ouest\/oran\/oran-les-citoyens-manifestent-contre-linsecurite-generee-par-les-chauffeurs-de-bus-27-05-2019\">Cliquez ici pour lire l&rsquo;article depuis sa source.<\/a><\/p>\n","protected":false},"excerpt":{"rendered":"<p>Des dizaines d\u2019Oranais, outr\u00e9s par le comportement des chauffards de bus, ont organis\u00e9, hier, un sit-in pour exiger que des mesures draconiennes soient prises \u00e0 leur encontre par les pouvoirs publics. Exigeant des mesures draconiennes contre les chauffards de bus qui ne cessent de faire des victimes, des centaines d\u2019Oranais, parmi eux des \u00e9tudiants, se [&hellip;]<\/p>\n","protected":false},"author":1743,"featured_media":0,"comment_status":"closed","ping_status":"closed","sticky":false,"template":"","format":"standard","meta":{"fifu_image_url":"","fifu_image_alt":"","footnotes":""},"categories":[73,53],"tags":[],"class_list":["post-36945","post","type-post","status-publish","format-standard","hentry","category-actualite","category-algerie"],"_links":{"self":[{"href":"https:\/\/linitiative.ca\/International\/wp-json\/wp\/v2\/posts\/36945","targetHints":{"allow":["GET"]}}],"collection":[{"href":"https:\/\/linitiative.ca\/International\/wp-json\/wp\/v2\/posts"}],"about":[{"href":"https:\/\/linitiative.ca\/International\/wp-json\/wp\/v2\/types\/post"}],"author":[{"embeddable":true,"href":"https:\/\/linitiative.ca\/International\/wp-json\/wp\/v2\/users\/1743"}],"replies":[{"embeddable":true,"href":"https:\/\/linitiative.ca\/International\/wp-json\/wp\/v2\/comments?post=36945"}],"version-history":[{"count":0,"href":"https:\/\/linitiative.ca\/International\/wp-json\/wp\/v2\/posts\/36945\/revisions"}],"wp:attachment":[{"href":"https:\/\/linitiative.ca\/International\/wp-json\/wp\/v2\/media?parent=36945"}],"wp:term":[{"taxonomy":"category","embeddable":true,"href":"https:\/\/linitiative.ca\/International\/wp-json\/wp\/v2\/categories?post=36945"},{"taxonomy":"post_tag","embeddable":true,"href":"https:\/\/linitiative.ca\/International\/wp-json\/wp\/v2\/tags?post=36945"}],"curies":[{"name":"wp","href":"https:\/\/api.w.org\/{rel}","templated":true}]}}