{"id":36947,"date":"2019-05-26T17:11:00","date_gmt":"2019-05-26T21:11:00","guid":{"rendered":"https:\/\/linitiative.ca\/International\/mahmoud-anis-bettaieb-de-la-necessite-sociale-de-revoir-le-regime-parlementaire-en-tunisie\/"},"modified":"2019-05-26T17:11:00","modified_gmt":"2019-05-26T21:11:00","slug":"mahmoud-anis-bettaieb-de-la-necessite-sociale-de-revoir-le-regime-parlementaire-en-tunisie","status":"publish","type":"post","link":"https:\/\/linitiative.ca\/International\/mahmoud-anis-bettaieb-de-la-necessite-sociale-de-revoir-le-regime-parlementaire-en-tunisie\/","title":{"rendered":"Mahmoud Anis Bettaieb : De la n\u00e9cessit\u00e9 \u00absociale\u00bb de revoir le r\u00e9gime parlementaire en Tunisie"},"content":{"rendered":"<p>Depuis les \u00e9lections de la constituante, et m\u00eame avant avec le haut conseil pour la r\u00e9alisation des objectifs de la r\u00e9volution, le syst\u00e8me politique tunisien a mut\u00e9 vers un r\u00e9gime parlementaire. Les premiers ministres de l\u2019apr\u00e8s r\u00e9volutions \u00e9taient de facto des chefs de gouvernement qui tenaient leurs pouvoirs et leur l\u00e9gitimit\u00e9 des blocs \u00abparlementaires\u00bb les soutenants. Ce choix du r\u00e9gime parlementaire a \u00e9t\u00e9 par la suite repris et valid\u00e9 par la constitution de 2014.<br \/>Un r\u00e9gime parlementaire est celui qui est bas\u00e9 sur la collaboration des pouvoirs entre le corps l\u00e9gislatif (le Parlement) et le corps ex\u00e9cutif (le gouvernement). Dans un r\u00e9gime parlementaire, le Premier ministre est le chef du Parti politique qui, \u00e0 l\u2019issue des \u00e9lections g\u00e9n\u00e9rales, a r\u00e9ussi \u00e0 faire \u00e9lire le plus grand nombre de d\u00e9put\u00e9s. C\u2019est ce que pr\u00e9voit l\u2019article 89 de la constitution tunisienne.<\/p>\n<p>Sans vouloir me prononcer sur le choix de ce r\u00e9gime, je me contenterai d\u2019apporter quelques pr\u00e9cisions tir\u00e9es non de son utilit\u00e9 politique mais plut\u00f4t de son \u00ab utilit\u00e9 sociale \u00bb.<br \/>Elire 217 repr\u00e9sentants du peuple dans un pays imbu d\u2019un pass\u00e9 ou le culte de la personnalit\u00e9 et l\u2019omnipr\u00e9sence des pr\u00e9sidents Bourguiba et Ben Ali, me para\u00eet contraire \u00e0 une logique d\u00e9mocratique.<\/p>\n<p>En fait, ces 217 \u00e9lus sont devenus des Superman, le culte et l\u2019adoration des personnes, ne sont plus focalis\u00e9s sur une personne mais plut\u00f4t sur les parlementaires auquel on pourra ais\u00e9ment ajouter les chefs de partis, les journalistes, les juges, et d\u2019une fa\u00e7on g\u00e9n\u00e9rale tout d\u00e9tenteur d\u2019un soi-disant pouvoir.<br \/>Le pays adore les titres, la preuve, il use et abuse du pr\u00e9fixe \u00abpr\u00e9sident\u00bb ou \u00abRaies\u00bb. Les juges sont adul\u00e9s de ce titre, les pr\u00e9sidents des communes, les pr\u00e9sidents des partis, les pr\u00e9sidents d\u2019associations sportives et autres.<\/p>\n<p>La corruption et les passe-droits trouvent autant de portes faciles \u00e0 ouvrir avec autant de \u00abRaies\u00bb. Le peuple, principal fabriquant de ses bourreaux, se r\u00e9gale, du moins pour ceux qui arrivent \u00e0 obtenir leur s\u00e9same, et en m\u00eame temps souffre et demande que cette situation cesse et s\u2019en aille \u00e0 jamais.<br \/>Le contr\u00f4le sur les \u00e9lus et les \u00ab pr\u00e9sidents \u00bb de toutes sortes est quasi absent. La lev\u00e9e de l\u2019immunit\u00e9 est une chim\u00e8re. Et les proc\u00e8s pour abus de pouvoir, corruption et autres n\u2019existent quasiment pas.<\/p>\n<p>Les \u00e9lections d\u2019octobre 2019, n\u2019apporteront \u00e0 notre avis aucune solution, la situation perdurera et s\u2019aggravera. Le syst\u00e8me est d\u00e9sormais bien huil\u00e9, l\u2019exp\u00e9rience s\u2019est accrue et les carnets d\u2019adresses sont bien \u00e9toff\u00e9s.<\/p>\n<p>Une des solutions \u00e0 ce brouhaha et \u00e0 cette d\u00e9liquescence de l\u2019Etat est justement le retour de l\u2019Etat. La confiance doit s\u2019instaurer entre les citoyens et l\u2019Etat en tant qu\u2019institution et non pas dans des personnes qui se disent la repr\u00e9senter alors qu\u2019ils ne repr\u00e9sentent que leur propre int\u00e9r\u00eat.<br \/>Il faudrait vraisemblablement revoir le syst\u00e8me \u00e9lectoral en supprimant justement ce r\u00e9gime parlementaire, principal pourvoyeur du blocage politique et de d\u00e9rives en toutes sortes. Mais en m\u00eame temps, il faut b\u00e2tir des institutions stables et fortes, comme la cour Constitutionnelle et d\u2019une fa\u00e7on plus large un syst\u00e8me judiciaire performant et libre de toute charge. A d\u00e9faut, aucun syst\u00e8me politique ne pourra fonctionner.<\/p>\n<p class=\"c2\"><strong>Mahmoud Anis Bettaieb<\/strong><\/p>\n<p>Auteur:<br \/>\n<a href=\"https:\/\/www.leaders.com.tn\/article\/27178-mahmoud-anis-bettaieb-de-la-necessite-sociale-de-revoir-le-regime-parlementaire-en-tunisie\">Cliquez ici pour lire l&rsquo;article depuis sa source.<\/a><\/p>\n","protected":false},"excerpt":{"rendered":"<p>Depuis les \u00e9lections de la constituante, et m\u00eame avant avec le haut conseil pour la r\u00e9alisation des objectifs de la r\u00e9volution, le syst\u00e8me politique tunisien a mut\u00e9 vers un r\u00e9gime parlementaire. Les premiers ministres de l\u2019apr\u00e8s r\u00e9volutions \u00e9taient de facto des chefs de gouvernement qui tenaient leurs pouvoirs et leur l\u00e9gitimit\u00e9 des blocs \u00abparlementaires\u00bb les [&hellip;]<\/p>\n","protected":false},"author":1772,"featured_media":0,"comment_status":"closed","ping_status":"closed","sticky":false,"template":"","format":"standard","meta":{"fifu_image_url":"","fifu_image_alt":"","footnotes":""},"categories":[73,55],"tags":[],"class_list":["post-36947","post","type-post","status-publish","format-standard","hentry","category-actualite","category-tunisie"],"_links":{"self":[{"href":"https:\/\/linitiative.ca\/International\/wp-json\/wp\/v2\/posts\/36947","targetHints":{"allow":["GET"]}}],"collection":[{"href":"https:\/\/linitiative.ca\/International\/wp-json\/wp\/v2\/posts"}],"about":[{"href":"https:\/\/linitiative.ca\/International\/wp-json\/wp\/v2\/types\/post"}],"author":[{"embeddable":true,"href":"https:\/\/linitiative.ca\/International\/wp-json\/wp\/v2\/users\/1772"}],"replies":[{"embeddable":true,"href":"https:\/\/linitiative.ca\/International\/wp-json\/wp\/v2\/comments?post=36947"}],"version-history":[{"count":0,"href":"https:\/\/linitiative.ca\/International\/wp-json\/wp\/v2\/posts\/36947\/revisions"}],"wp:attachment":[{"href":"https:\/\/linitiative.ca\/International\/wp-json\/wp\/v2\/media?parent=36947"}],"wp:term":[{"taxonomy":"category","embeddable":true,"href":"https:\/\/linitiative.ca\/International\/wp-json\/wp\/v2\/categories?post=36947"},{"taxonomy":"post_tag","embeddable":true,"href":"https:\/\/linitiative.ca\/International\/wp-json\/wp\/v2\/tags?post=36947"}],"curies":[{"name":"wp","href":"https:\/\/api.w.org\/{rel}","templated":true}]}}