{"id":36948,"date":"2019-05-27T06:53:00","date_gmt":"2019-05-27T10:53:00","guid":{"rendered":"https:\/\/linitiative.ca\/International\/comar-dor-2019-une-bonne-cuvee-de-romans-session-dediee-au-regrette-rachid-ben-yedder-album-photos\/"},"modified":"2019-05-27T06:53:00","modified_gmt":"2019-05-27T10:53:00","slug":"comar-dor-2019-une-bonne-cuvee-de-romans-session-dediee-au-regrette-rachid-ben-yedder-album-photos","status":"publish","type":"post","link":"https:\/\/linitiative.ca\/International\/comar-dor-2019-une-bonne-cuvee-de-romans-session-dediee-au-regrette-rachid-ben-yedder-album-photos\/","title":{"rendered":"Comar d\u2019Or 2019: Une bonne cuv\u00e9e de romans Session d\u00e9di\u00e9e au regrett\u00e9 Rachid Ben Yedder (Album Photos)"},"content":{"rendered":"<p>Ce sont sans doute les plus prestigieux prix du roman en langues fran\u00e7aise et arabe en Tunisie. Les Prix litt\u00e9raires Comar d\u2019Or, fond\u00e9s en 1997, n\u2019ont cess\u00e9, tout au long de 23 ans, de soutenir la cr\u00e9ation litt\u00e9raire et de r\u00e9compenser la production romanesque en Tunisie. Les romans parus entre le 1er avril de l\u2019ann\u00e9e en cours et le 31 mars de l\u2019ann\u00e9e suivante sont s\u00e9lectionn\u00e9s par des jurys compos\u00e9s de sp\u00e9cialistes du domaine : universitaires, journalistes, anciens laur\u00e9ats du Comar d\u2019Or\u2026<\/p>\n<p>Signe d\u2019importance, pas moins de 754 romans dont 489 en langue arabe ont concouru entre 1997 et 2018, pour remporter les prix Comar d\u2019Or, prix D\u00e9couverte et prix Sp\u00e9cial du Jury. Au total, 143 prix ont \u00e9t\u00e9 d\u00e9cern\u00e9s au cours de cette p\u00e9riode.<\/p>\n<p>L\u2019\u00e9dition 2019 a tenu en haleine romanciers, \u00e9diteurs, critiques litt\u00e9raires, libraires et lecteurs. La c\u00e9r\u00e9monie de remise des prix, organis\u00e9e sous l\u2019\u00e9gide du minist\u00e8re des Affaires culturelles, samedi 27 avril 2019 au Th\u00e9\u00e2tre municipal de Tunis, a \u00e9t\u00e9 l\u2019occasion de c\u00e9l\u00e9brer le roman tunisien. Une rencontre avec les laur\u00e9ats a \u00e9t\u00e9 \u00e9galement tenue vendredi 24 mai 2019 au si\u00e8ge de Comar.<\/p>\n<p>Emp\u00each\u00e9 en toute derni\u00e8re minute d\u2019y prendre part, Rafik Darragi, laur\u00e9at du Comar d\u2019Or 2019 avec son roman Jugurtha : un contreportrait, a adress\u00e9 la lettre suivante :<\/p>\n<p>\u00abL\u2019id\u00e9e du Comar d\u2019Or m\u2019est venue naturellement au terme de la 10e \u00e9dition du Marathon, apr\u00e8s sa consolidation en tant qu\u2019\u00e9v\u00e9nement sportif majeur et consacr\u00e9 Marathon Comar de la ville de Tunis.<\/p>\n<p>Etant moi-m\u00eame, avant d\u2019\u00eatre assureur, cin\u00e9phile et amateur de lecture et de belle musique, j\u2019ai voulu cr\u00e9er un \u00e9v\u00e9nement culturel associ\u00e9 au nom de la COMAR en f\u00eatant, pour la premi\u00e8re fois en Tunisie, le Roman avec le m\u00eame faste avec lequel nous f\u00eatons le cin\u00e9ma et la musique : m\u00e9diatiser toutes les \u00e9tapes de la pr\u00e9paration \u00e0 la cl\u00f4ture de chaque session, s\u00e9lectionner un jury professionnel et cr\u00e9dible. Et faire pr\u00e9c\u00e9der et prolonger la remise des prix par d\u2019autres actions : conf\u00e9rence de presse, interviews et d\u00e9bats autour du livre.<\/p>\n<p>Le roman qui, comme le film, raconte l\u2019aventure humaine, m\u00e9rite bien cet investissement, investissement d\u2019ailleurs largement rentable puisqu\u2019il a beaucoup contribu\u00e9 \u00e0 faire de la Comar une Entreprise citoyenne et cit\u00e9e en tant que telle\u00bb.<\/p>\n<p class=\"c2\"><img loading=\"lazy\" decoding=\"async\" src=\"\/uploads\/FCK_files\/Encadrer.jpg\" class=\"responsive_img\" alt=\"\" width=\"700\" vspace=\"5\" hspace=\"5\" height=\"391\" align=\"middle\"\/><\/p>\n<p>Ces mots sont de M. Rachid Ben Jemiaa, ancien Pr\u00e9sident-directeur g\u00e9n\u00e9ral de Comar Assurances et actuellement son Pr\u00e9sident d\u2019Honneur. Effectivement, grande a \u00e9t\u00e9 la contribution de cet homme dans les succ\u00e8s et le prestige dont jouit aujourd\u2019hui le Prix Comar d\u2019Or en Tunisie. La 23e \u00e9dition de ce Prix a \u00e9t\u00e9 d\u00e9di\u00e9e cette ann\u00e9e au regrett\u00e9 Rachid Ben Yedder, d\u00e9c\u00e9d\u00e9 le 23 janvier 2019 \u00e0 l\u2019\u00e2ge de 84 ans. Il \u00e9tait le p\u00e8re fondateur d\u2019Amen Group et de ses filiales assurances Comar et Hayett et un fervent d\u00e9fenseur du m\u00e9c\u00e9nat. Il avait encourag\u00e9 d\u00e8s 1997 l\u2019organisation annuelle de ce prix Comar pour soutenir la cr\u00e9ation litt\u00e9raire en Tunisie.<\/p>\n<p>Je profite ce soir de cette heureuse occasion pour adresser \u00e0 Si Rachid Ben Jemiaa mes sinc\u00e8res remerciements et lui souhaiter bonheur, sant\u00e9 et longue vie. L\u2019obtention du \u2018Prix Comar du Premier Roman\u2019, pour Le Faucon d\u2019Espagne m\u2019a tellement encourag\u00e9 que j\u2019ai pu ensuite obtenir successivement le Prix Sp\u00e9cial Comar pour Sophonisbe, la Gloire de Carthage et aujourd\u2019hui le Comar d\u2019Or pour Jugurtha : un contre-portrait.<\/p>\n<p>Auteur:<br \/>\n<a href=\"https:\/\/www.leaders.com.tn\/article\/27180-comar-d-or-2019-une-bonne-cuvee-de-romans-session-dediee-au-regrette-rachid-ben-yedder\">Cliquez ici pour lire l&rsquo;article depuis sa source.<\/a><\/p>\n","protected":false},"excerpt":{"rendered":"<p>Ce sont sans doute les plus prestigieux prix du roman en langues fran\u00e7aise et arabe en Tunisie. Les Prix litt\u00e9raires Comar d\u2019Or, fond\u00e9s en 1997, n\u2019ont cess\u00e9, tout au long de 23 ans, de soutenir la cr\u00e9ation litt\u00e9raire et de r\u00e9compenser la production romanesque en Tunisie. Les romans parus entre le 1er avril de l\u2019ann\u00e9e [&hellip;]<\/p>\n","protected":false},"author":1772,"featured_media":36949,"comment_status":"closed","ping_status":"closed","sticky":false,"template":"","format":"standard","meta":{"fifu_image_url":"","fifu_image_alt":"","footnotes":""},"categories":[73,55],"tags":[],"class_list":["post-36948","post","type-post","status-publish","format-standard","has-post-thumbnail","hentry","category-actualite","category-tunisie"],"_links":{"self":[{"href":"https:\/\/linitiative.ca\/International\/wp-json\/wp\/v2\/posts\/36948","targetHints":{"allow":["GET"]}}],"collection":[{"href":"https:\/\/linitiative.ca\/International\/wp-json\/wp\/v2\/posts"}],"about":[{"href":"https:\/\/linitiative.ca\/International\/wp-json\/wp\/v2\/types\/post"}],"author":[{"embeddable":true,"href":"https:\/\/linitiative.ca\/International\/wp-json\/wp\/v2\/users\/1772"}],"replies":[{"embeddable":true,"href":"https:\/\/linitiative.ca\/International\/wp-json\/wp\/v2\/comments?post=36948"}],"version-history":[{"count":0,"href":"https:\/\/linitiative.ca\/International\/wp-json\/wp\/v2\/posts\/36948\/revisions"}],"wp:featuredmedia":[{"embeddable":true,"href":"https:\/\/linitiative.ca\/International\/wp-json\/"}],"wp:attachment":[{"href":"https:\/\/linitiative.ca\/International\/wp-json\/wp\/v2\/media?parent=36948"}],"wp:term":[{"taxonomy":"category","embeddable":true,"href":"https:\/\/linitiative.ca\/International\/wp-json\/wp\/v2\/categories?post=36948"},{"taxonomy":"post_tag","embeddable":true,"href":"https:\/\/linitiative.ca\/International\/wp-json\/wp\/v2\/tags?post=36948"}],"curies":[{"name":"wp","href":"https:\/\/api.w.org\/{rel}","templated":true}]}}