{"id":36950,"date":"2019-05-27T08:09:00","date_gmt":"2019-05-27T12:09:00","guid":{"rendered":"https:\/\/linitiative.ca\/International\/pour-une-mise-en-oeuvre-de-la-charte-universitaire-tunisienne-et-lengagement-au-respect-de-son-esprit\/"},"modified":"2019-05-27T08:09:00","modified_gmt":"2019-05-27T12:09:00","slug":"pour-une-mise-en-oeuvre-de-la-charte-universitaire-tunisienne-et-lengagement-au-respect-de-son-esprit","status":"publish","type":"post","link":"https:\/\/linitiative.ca\/International\/pour-une-mise-en-oeuvre-de-la-charte-universitaire-tunisienne-et-lengagement-au-respect-de-son-esprit\/","title":{"rendered":"Pour une mise en \u0153uvre de la charte universitaire tunisienne et l\u2019engagement au respect de son esprit"},"content":{"rendered":"<p>A la suite de l\u2019invasion, le 17 mai 2019, du si\u00e8ge de l\u2019Universit\u00e9 de Carthage par des enseignants-chercheurs affili\u00e9s au syndicat Ijaba et leur recours r\u00e9p\u00e9t\u00e9 \u00e0 des slogans mena\u00e7ants et injurieux contre la pr\u00e9sidente et la vice-pr\u00e9sidente\u00a0 de l\u2019universit\u00e9, l\u2019Association tunisienne de d\u00e9fense des valeurs universitaires tient \u00e0 rappeler :<\/p>\n<ol>\n<li>Que le respect et la consid\u00e9ration r\u00e9ciproques entre les coll\u00e8gues enseignants et les instances scientifiques et p\u00e9dagogiques \u00e9lues pour diriger l\u2019universit\u00e9 sont des valeurs consacr\u00e9es, tant par la lettre que\u00a0 par l\u2019esprit dans\u00a0 la charte universitaire tunisienne.<\/li>\n<li>Que\u00a0 la protestation justifi\u00e9e et l\u00e9gitime\u00a0 contre les positions et les d\u00e9cisions des organes directeurs de l\u2019universit\u00e9 est un droit pour chaque universitaire \u00e0 condition d\u2019employer pour ce faire les moyens pacifiques reconnues et d\u00e9cents, d\u2019\u00e9viter les abus comme la calomnie et la m\u00e9disance et le recours \u00e0 des propos qui constituent une violence morale inacceptable\u00a0 et condamnable, \u00e0 l\u2019image de ce qui est arriv\u00e9 \u00e0 la pr\u00e9sidente et \u00e0 la vice-pr\u00e9sidente\u00a0 de l\u2019universit\u00e9, \u00e9lues.<\/li>\n<li>Que des comportements protestataires sous cette forme et avec un\u00a0 contenu pareil sont de nature \u00e0 ajouter au d\u00e9clin de l\u2019universit\u00e9 publique\u00a0 \u00e0 la promotion de laquelle les contestataires appellent<\/li>\n<li>Que le silence du minist\u00e8re de tutelle face \u00e0 un incident grave survient apr\u00e8s l\u2019exacerbation d\u2019une crise au cours de laquelle il n\u2019a pas honor\u00e9 ses engagements et qu\u2019il n\u2019a pas \u00e9t\u00e9 capable de r\u00e9soudre, ce qui l\u2019a amen\u00e9 \u00e0 impliquer le Conseil des universit\u00e9s et la Conf\u00e9rence des doyens et directeurs d\u2019\u00e9tablissements universitaires dans des d\u00e9cisions administratives sans lien avec leurs pr\u00e9rogatives p\u00e9dagogiques.<\/li>\n<\/ol>\n<p>Tout en condamnant tous les comportements, d\u00e9cisions et prises de position qui d\u00e9valorisent l\u2019universitaire et discr\u00e9ditent l\u2019universit\u00e9 et tout en exprimant sa solidarit\u00e9 avec la pr\u00e9sidente et la vice-pr\u00e9sidente de l\u2019universit\u00e9, notre association r\u00e9it\u00e8re son soutien \u00e0 toutes les revendications l\u00e9gitimes visant \u00e0 am\u00e9liorer la situation mat\u00e9rielle des universitaires, leur r\u00e9habilitation morale, l\u2019am\u00e9lioration de la situation de l\u2019universit\u00e9 tunisienne publique pour qu\u2019elle accomplisse\u00a0 de la meilleure fa\u00e7on son r\u00f4le en mati\u00e8re de formation ainsi que dans les domaines de la science et du d\u00e9veloppement.<br \/>Elle appelle tous les universitaires \u00e0 \u00e9tablir des formes de communication plus fines et plus utiles pour eux et pour l\u2019universit\u00e9 publique tunisienne d\u2019autant plus que l\u2019acquis de l\u2019\u00e9lection de toutes les instances scientifiques leur permet, \u00e0 la fin de\u00a0 chaque mandat, de ne pas r\u00e9\u00e9lire les personnes qui n\u2019ont pas \u00e9t\u00e9 \u00e0 la hauteur des attentes ou de retirer leur confiance, avant la fin du mandat, aux responsables \u00e9lus qui n\u2019ont pas tenu leurs promesses ou qui n\u2019ont pas \u00e9t\u00e9 \u00e0 la hauteur de la confiance qui leur a \u00e9t\u00e9 accord\u00e9e.<\/p>\n<p class=\"c2\"><em><strong>Le pr\u00e9sident de l\u2019association<\/strong><\/em><br \/><strong>Habib Mellakh<\/strong><br \/>\u00a0<br \/>\u00a0<\/p>\n<p>Auteur:<br \/>\n<a href=\"https:\/\/www.leaders.com.tn\/article\/27182-pour-une-mise-en-oeuvre-de-la-charte-universitaire-tunisienne-et-l-engagement-au-respect-de-son-esprit\">Cliquez ici pour lire l&rsquo;article depuis sa source.<\/a><\/p>\n","protected":false},"excerpt":{"rendered":"<p>A la suite de l\u2019invasion, le 17 mai 2019, du si\u00e8ge de l\u2019Universit\u00e9 de Carthage par des enseignants-chercheurs affili\u00e9s au syndicat Ijaba et leur recours r\u00e9p\u00e9t\u00e9 \u00e0 des slogans mena\u00e7ants et injurieux contre la pr\u00e9sidente et la vice-pr\u00e9sidente\u00a0 de l\u2019universit\u00e9, l\u2019Association tunisienne de d\u00e9fense des valeurs universitaires tient \u00e0 rappeler : Que le respect et [&hellip;]<\/p>\n","protected":false},"author":1772,"featured_media":0,"comment_status":"closed","ping_status":"closed","sticky":false,"template":"","format":"standard","meta":{"fifu_image_url":"","fifu_image_alt":"","footnotes":""},"categories":[73,55],"tags":[],"class_list":["post-36950","post","type-post","status-publish","format-standard","hentry","category-actualite","category-tunisie"],"_links":{"self":[{"href":"https:\/\/linitiative.ca\/International\/wp-json\/wp\/v2\/posts\/36950","targetHints":{"allow":["GET"]}}],"collection":[{"href":"https:\/\/linitiative.ca\/International\/wp-json\/wp\/v2\/posts"}],"about":[{"href":"https:\/\/linitiative.ca\/International\/wp-json\/wp\/v2\/types\/post"}],"author":[{"embeddable":true,"href":"https:\/\/linitiative.ca\/International\/wp-json\/wp\/v2\/users\/1772"}],"replies":[{"embeddable":true,"href":"https:\/\/linitiative.ca\/International\/wp-json\/wp\/v2\/comments?post=36950"}],"version-history":[{"count":0,"href":"https:\/\/linitiative.ca\/International\/wp-json\/wp\/v2\/posts\/36950\/revisions"}],"wp:attachment":[{"href":"https:\/\/linitiative.ca\/International\/wp-json\/wp\/v2\/media?parent=36950"}],"wp:term":[{"taxonomy":"category","embeddable":true,"href":"https:\/\/linitiative.ca\/International\/wp-json\/wp\/v2\/categories?post=36950"},{"taxonomy":"post_tag","embeddable":true,"href":"https:\/\/linitiative.ca\/International\/wp-json\/wp\/v2\/tags?post=36950"}],"curies":[{"name":"wp","href":"https:\/\/api.w.org\/{rel}","templated":true}]}}