{"id":36951,"date":"2019-05-27T10:01:00","date_gmt":"2019-05-27T14:01:00","guid":{"rendered":"https:\/\/linitiative.ca\/International\/quand-les-greves-dans-le-secteur-des-hydrocarbures-se-banalisent\/"},"modified":"2019-05-27T10:01:00","modified_gmt":"2019-05-27T14:01:00","slug":"quand-les-greves-dans-le-secteur-des-hydrocarbures-se-banalisent","status":"publish","type":"post","link":"https:\/\/linitiative.ca\/International\/quand-les-greves-dans-le-secteur-des-hydrocarbures-se-banalisent\/","title":{"rendered":"Quand les gr\u00e8ves dans le secteur des hydrocarbures  se banalisent"},"content":{"rendered":"<p>\u00ab Il n&rsquo;y aura pas de gr\u00e8ve des agents exer\u00e7ant dans le domaine de la distribution des hydrocarbures \u00bb, \u00ab Aucun pr\u00e9avis n\u2019a \u00e9t\u00e9 lanc\u00e9 \u00bb : ces deux communiqu\u00e9s le premier \u00e9manant de l\u2019Utica et le second par l\u2019Ugtt n\u2019ont pas suffi \u00e0 rassurer les automobilistes m\u00eame s\u2019ils ont \u00e9t\u00e9 diffus\u00e9s tout au long de la journ\u00e9e du dimanche, \u00e9chaud\u00e9s qu\u2019ils sont par les pr\u00e9c\u00e9dentes gr\u00e8ves. Par contre, ils ont cru Facebook qui a annonc\u00e9 la gr\u00e8ve. D\u2019o\u00f9 ces files de voitures devant les stations-services qui ont encombr\u00e9 les rues jusqu\u2019\u00e0 une heure tardive, provoquant des embouteillages monstres. Que ne ferait-on pas pour obtenir le pr\u00e9cieux liquide car l\u2019auto est devenu avant tout un instrument de travail. Il faut dire que la multiplication des mouvements sociaux dans le secteur de distribution d\u2019hydrocarbures a d\u00e9velopp\u00e9 chez l&rsquo;automobiliste une sorte de refl\u00e8xe de Pavlov. D\u00e8s qu\u2019il voit une file de voitures devant une station-service, il la rejoint machinalement.\u00a0 \u00a0<\/p>\n<p>Auteur:<br \/>\n<a href=\"https:\/\/www.leaders.com.tn\/article\/27183-quand-les-greves-dans-le-secteur-des-hydrocarbures-se-banalisent\">Cliquez ici pour lire l&rsquo;article depuis sa source.<\/a><\/p>\n","protected":false},"excerpt":{"rendered":"<p>\u00ab Il n&rsquo;y aura pas de gr\u00e8ve des agents exer\u00e7ant dans le domaine de la distribution des hydrocarbures \u00bb, \u00ab Aucun pr\u00e9avis n\u2019a \u00e9t\u00e9 lanc\u00e9 \u00bb : ces deux communiqu\u00e9s le premier \u00e9manant de l\u2019Utica et le second par l\u2019Ugtt n\u2019ont pas suffi \u00e0 rassurer les automobilistes m\u00eame s\u2019ils ont \u00e9t\u00e9 diffus\u00e9s tout au long [&hellip;]<\/p>\n","protected":false},"author":1772,"featured_media":0,"comment_status":"closed","ping_status":"closed","sticky":false,"template":"","format":"standard","meta":{"fifu_image_url":"","fifu_image_alt":"","footnotes":""},"categories":[73,55],"tags":[],"class_list":["post-36951","post","type-post","status-publish","format-standard","hentry","category-actualite","category-tunisie"],"_links":{"self":[{"href":"https:\/\/linitiative.ca\/International\/wp-json\/wp\/v2\/posts\/36951","targetHints":{"allow":["GET"]}}],"collection":[{"href":"https:\/\/linitiative.ca\/International\/wp-json\/wp\/v2\/posts"}],"about":[{"href":"https:\/\/linitiative.ca\/International\/wp-json\/wp\/v2\/types\/post"}],"author":[{"embeddable":true,"href":"https:\/\/linitiative.ca\/International\/wp-json\/wp\/v2\/users\/1772"}],"replies":[{"embeddable":true,"href":"https:\/\/linitiative.ca\/International\/wp-json\/wp\/v2\/comments?post=36951"}],"version-history":[{"count":0,"href":"https:\/\/linitiative.ca\/International\/wp-json\/wp\/v2\/posts\/36951\/revisions"}],"wp:attachment":[{"href":"https:\/\/linitiative.ca\/International\/wp-json\/wp\/v2\/media?parent=36951"}],"wp:term":[{"taxonomy":"category","embeddable":true,"href":"https:\/\/linitiative.ca\/International\/wp-json\/wp\/v2\/categories?post=36951"},{"taxonomy":"post_tag","embeddable":true,"href":"https:\/\/linitiative.ca\/International\/wp-json\/wp\/v2\/tags?post=36951"}],"curies":[{"name":"wp","href":"https:\/\/api.w.org\/{rel}","templated":true}]}}