{"id":36952,"date":"2019-05-27T12:54:00","date_gmt":"2019-05-27T16:54:00","guid":{"rendered":"https:\/\/linitiative.ca\/International\/bochra-bel-haj-hamida-pour-ces-raisons-je-me-retirerai-de-la-scene-politique-a-la-fin-de-lannee\/"},"modified":"2019-05-27T12:54:00","modified_gmt":"2019-05-27T16:54:00","slug":"bochra-bel-haj-hamida-pour-ces-raisons-je-me-retirerai-de-la-scene-politique-a-la-fin-de-lannee","status":"publish","type":"post","link":"https:\/\/linitiative.ca\/International\/bochra-bel-haj-hamida-pour-ces-raisons-je-me-retirerai-de-la-scene-politique-a-la-fin-de-lannee\/","title":{"rendered":"Bochra Bel Haj Hamida : pour ces raisons, je me retirerai de la sc\u00e8ne politique \u00e0 la fin de l&rsquo;ann\u00e9e"},"content":{"rendered":"<p>La d\u00e9put\u00e9e Bochra Bel Haj Hamida a annonc\u00e9 ce lundi sur Shemsfm son retrait de la sc\u00e8ne politique au terme de son mandat \u00e0 l\u2019ARP \u00e0 la fin de l&rsquo;ann\u00e9e : \u00ab J\u2019ai h\u00e2te d\u2019exprimer\u00a0 mes opinions en toute libert\u00e9 et de mettre en garde le peuple contre certaines parties qui veulent attenter \u00e0 sa libert\u00e9 et son unit\u00e9. Elle a \u00e9galement fait part de sa crainte de voir le mouvement Ennahdha\u00a0 exploiter la question de l\u2019\u00e9galit\u00e9 successorale\u00a0 \u00e0 des fins \u00e9lectorales.\u00a0 La pr\u00e9sidente de la Colibe\u00a0 estime n\u00e9anmoins que ce projet se sera pas enterr\u00e9.<\/p>\n<p>Auteur:<br \/>\n<a href=\"https:\/\/www.leaders.com.tn\/article\/27184-bochra-bel-haj-hamida-pour-ces-raisons-je-me-retire-de-la-scene-politique\">Cliquez ici pour lire l&rsquo;article depuis sa source.<\/a><\/p>\n","protected":false},"excerpt":{"rendered":"<p>La d\u00e9put\u00e9e Bochra Bel Haj Hamida a annonc\u00e9 ce lundi sur Shemsfm son retrait de la sc\u00e8ne politique au terme de son mandat \u00e0 l\u2019ARP \u00e0 la fin de l&rsquo;ann\u00e9e : \u00ab J\u2019ai h\u00e2te d\u2019exprimer\u00a0 mes opinions en toute libert\u00e9 et de mettre en garde le peuple contre certaines parties qui veulent attenter \u00e0 sa [&hellip;]<\/p>\n","protected":false},"author":1772,"featured_media":0,"comment_status":"closed","ping_status":"closed","sticky":false,"template":"","format":"standard","meta":{"fifu_image_url":"","fifu_image_alt":"","footnotes":""},"categories":[73,55],"tags":[],"class_list":["post-36952","post","type-post","status-publish","format-standard","hentry","category-actualite","category-tunisie"],"_links":{"self":[{"href":"https:\/\/linitiative.ca\/International\/wp-json\/wp\/v2\/posts\/36952","targetHints":{"allow":["GET"]}}],"collection":[{"href":"https:\/\/linitiative.ca\/International\/wp-json\/wp\/v2\/posts"}],"about":[{"href":"https:\/\/linitiative.ca\/International\/wp-json\/wp\/v2\/types\/post"}],"author":[{"embeddable":true,"href":"https:\/\/linitiative.ca\/International\/wp-json\/wp\/v2\/users\/1772"}],"replies":[{"embeddable":true,"href":"https:\/\/linitiative.ca\/International\/wp-json\/wp\/v2\/comments?post=36952"}],"version-history":[{"count":0,"href":"https:\/\/linitiative.ca\/International\/wp-json\/wp\/v2\/posts\/36952\/revisions"}],"wp:attachment":[{"href":"https:\/\/linitiative.ca\/International\/wp-json\/wp\/v2\/media?parent=36952"}],"wp:term":[{"taxonomy":"category","embeddable":true,"href":"https:\/\/linitiative.ca\/International\/wp-json\/wp\/v2\/categories?post=36952"},{"taxonomy":"post_tag","embeddable":true,"href":"https:\/\/linitiative.ca\/International\/wp-json\/wp\/v2\/tags?post=36952"}],"curies":[{"name":"wp","href":"https:\/\/api.w.org\/{rel}","templated":true}]}}