{"id":36956,"date":"2019-05-27T06:59:31","date_gmt":"2019-05-27T10:59:31","guid":{"rendered":"https:\/\/linitiative.ca\/International\/can-2019-hamadallah-dans-la-pre-liste-de-renard\/"},"modified":"2019-05-27T06:59:31","modified_gmt":"2019-05-27T10:59:31","slug":"can-2019-hamadallah-dans-la-pre-liste-de-renard","status":"publish","type":"post","link":"https:\/\/linitiative.ca\/International\/can-2019-hamadallah-dans-la-pre-liste-de-renard\/","title":{"rendered":"CAN 2019 : Hamadallah dans la pr\u00e9-liste de Renard"},"content":{"rendered":"<p>Le s\u00e9lectionneur national Herv\u00e9 Renard vient de publier la liste d\u2019une pr\u00e9-s\u00e9lection de 27 joueurs appel\u00e9s \u00e0 se rendre au Centre national de football (CNF) de Ma\u00e2moura pour un stage de pr\u00e9paration, \u00e0 partir du 02 juin prochain et ce, en vue de la participation des Lions de l\u2019Atlas \u00e0 la prochaine Coupe d\u2019Afrique des nations (CAN Egypte-2019), qui se disputera du 21 juin au 19 juillet.<\/p>\n<div class=\"c10\"\/>\n<p>La pr\u00e9-liste est marqu\u00e9e par la pr\u00e9sence de 6 joueurs \u00e9voluant dans des clubs du Golfe, un en Egypte et 3 en championnat national. On note par ailleurs le retour du goleador d\u2019Al-Nasr saoudien Abderazak Hamad Allah, d\u2019Achraf Hakimi \u00e9loign\u00e9 des terrains depuis des mois \u00e0 cause d\u2019une blessure et d\u2019Abdelali M\u2019Hamdi, gardien de but de la Renaissance de Berkane, finaliste de la Coupe de la Conf\u00e9d\u00e9ration africaine 2019.<\/p>\n<p>Voici la liste des 27 joueurs: Gardiens de but: Mounir El Kajoui (Malaga, Espagne), Yassine Bounou (G\u00e9rona, Espagne), Ahmed Reda Tagnaouti (Wydad de Casablanca), Abdelali M\u2019Hamdi (Renaissance de Berkane).<\/p>\n<p>Marouane Da Costa (Ittihad Djeddah, Arabie saoudite), Ghanem Saiss (Wolverhampton, Angleterre), Abdelhamid Yunis (Stade Reims, France), Mehdi Benatia (Al-Duhail Sports, Qatar), Achraf Hakimi (Dortmund, Allemagne), Karim El Ahmadi Arroussi (Al Ittihad, Arabie Saoudite), Youssef A\u00eft Bennasser (St-Etienne, France), Mehdi Bourabia (Sassuolo, Itlaie), M\u2019barek Boussoufa (Al-Shabab, Arabie Saoudite), Youn\u00e8s Belhanda (Galatasaray, Turquie), Fay\u00e7al Fajr (Caen, France), Nordin Amrabat (Al-Nasr, Arabie Saoudite), Hakim Ziyech (Ajax Amsterdam, Pays-Bas), Mazraoui Noussair (Ajax Amsterdam, Pays-Bas), Youssef En-Nesyri (Leganes, Espagne), Soufiane Boufal (Celta Vigo, Espagne), Nabil Dirar (Fenerbah\u00e7e Spor Kul\u00fcb\u00fc, Turquie), Abderazak Hamad Allah (Al-Nasr, Arabie Saoudite), Khalid Boutayeb (Zamalek, Egypte), Abdelkrim Ba\u00e2di (Hassania d\u2019Agadir), Amine Harit (Schalke 04, Allemagne), Ayoub El Ka\u00e2bi (Hebei China Fortune FC, Chine), Oussama Idrissi (AZ Alkmaar, Pays-Bas).<\/p>\n<div class=\"c17\">\n<fieldset class=\"c16\">\n<legend><strong><span class=\"c11\">Challenge<\/span><span class=\"c12\">news<\/span><\/strong><\/legend>\n<div class=\"c15\">Le meilleur de la r\u00e9daction s\u00e9lectionn\u00e9 par Challenge :<\/p>\n<\/div>\n<\/fieldset>\n<\/div>\n<p>Auteur: Hassan Manyani<br \/>\n<a href=\"https:\/\/www.challenge.ma\/can-2019-hamadallah-dans-la-pre-liste-de-renard-109605\/\">Cliquez ici pour lire l&rsquo;article depuis sa source.<\/a><\/p>\n","protected":false},"excerpt":{"rendered":"<p>Le s\u00e9lectionneur national Herv\u00e9 Renard vient de publier la liste d\u2019une pr\u00e9-s\u00e9lection de 27 joueurs appel\u00e9s \u00e0 se rendre au Centre national de football (CNF) de Ma\u00e2moura pour un stage de pr\u00e9paration, \u00e0 partir du 02 juin prochain et ce, en vue de la participation des Lions de l\u2019Atlas \u00e0 la prochaine Coupe d\u2019Afrique des [&hellip;]<\/p>\n","protected":false},"author":1787,"featured_media":0,"comment_status":"closed","ping_status":"closed","sticky":false,"template":"","format":"standard","meta":{"fifu_image_url":"","fifu_image_alt":"","footnotes":""},"categories":[78,54],"tags":[],"class_list":["post-36956","post","type-post","status-publish","format-standard","hentry","category-economie","category-maroc"],"_links":{"self":[{"href":"https:\/\/linitiative.ca\/International\/wp-json\/wp\/v2\/posts\/36956","targetHints":{"allow":["GET"]}}],"collection":[{"href":"https:\/\/linitiative.ca\/International\/wp-json\/wp\/v2\/posts"}],"about":[{"href":"https:\/\/linitiative.ca\/International\/wp-json\/wp\/v2\/types\/post"}],"author":[{"embeddable":true,"href":"https:\/\/linitiative.ca\/International\/wp-json\/wp\/v2\/users\/1787"}],"replies":[{"embeddable":true,"href":"https:\/\/linitiative.ca\/International\/wp-json\/wp\/v2\/comments?post=36956"}],"version-history":[{"count":0,"href":"https:\/\/linitiative.ca\/International\/wp-json\/wp\/v2\/posts\/36956\/revisions"}],"wp:attachment":[{"href":"https:\/\/linitiative.ca\/International\/wp-json\/wp\/v2\/media?parent=36956"}],"wp:term":[{"taxonomy":"category","embeddable":true,"href":"https:\/\/linitiative.ca\/International\/wp-json\/wp\/v2\/categories?post=36956"},{"taxonomy":"post_tag","embeddable":true,"href":"https:\/\/linitiative.ca\/International\/wp-json\/wp\/v2\/tags?post=36956"}],"curies":[{"name":"wp","href":"https:\/\/api.w.org\/{rel}","templated":true}]}}