{"id":36959,"date":"2019-05-27T09:58:09","date_gmt":"2019-05-27T13:58:09","guid":{"rendered":"https:\/\/linitiative.ca\/International\/eco-cite-zenata-debut-de-la-commercialisation\/"},"modified":"2019-05-27T09:58:09","modified_gmt":"2019-05-27T13:58:09","slug":"eco-cite-zenata-debut-de-la-commercialisation","status":"publish","type":"post","link":"https:\/\/linitiative.ca\/International\/eco-cite-zenata-debut-de-la-commercialisation\/","title":{"rendered":"Eco-cit\u00e9 Zenata : d\u00e9but de la commercialisation"},"content":{"rendered":"<p>Les premiers <strong>logements immobiliers<\/strong> du quartier r\u00e9sidentiel de l\u2019Eco-Cit\u00e9 Zenata seront commercialis\u00e9s d\u00e8s juin 2019 par le Groupe immobilier Mfadel. Ce partenariat entre la <strong>Soci\u00e9t\u00e9 d\u2019Am\u00e9nagement Zenata<\/strong> et le Groupe Mfadel signe donc le d\u00e9marrage des d\u00e9veloppements immobiliers au sein de l\u2019Eco-Cit\u00e9 Zenata et annonce une s\u00e9rie de plusieurs autres projets immobiliers dans la ville.<\/p>\n<div class=\"c10\"\/>\n<p>D\u2019une superficie de 70 ha, le premier quartier r\u00e9sidentiel de l\u2019Eco-Cit\u00e9 Zenata est situ\u00e9 \u00e0 400 m\u00e8tres de la mer. Il est organis\u00e9 selon les principes traditionnels des m\u00e9dinas marocaines et offre tous les \u00e9quipements de proximit\u00e9 n\u00e9cessaires en mati\u00e8re d\u2019\u00e9ducation, de culte, de sant\u00e9, de commerce et de transport. Le quartier propose \u00e9galement un circuit pi\u00e9ton et cyclable favorisant un mode de vie durable associant l\u2019efficacit\u00e9 au plaisir de se d\u00e9placer dans un espace public attractif.<\/p>\n<p>Par ailleurs, ce premier quartier r\u00e9sidentiel de l\u2019<strong>Eco-Cit\u00e9 Zenata<\/strong> met en avant la nature et le bien-\u00eatre. C\u2019est ainsi qu\u2019il offre \u00e0 ses futurs r\u00e9sidents un parc central de 6 Ha compos\u00e9 de plus de 1.400 arbres de 32 esp\u00e8ces et de 1.400 palmiers de 14 esp\u00e8ces, une grande clairi\u00e8re de jeux pour enfants et adolescents, d\u2019agr\u00e8s sportifs, de terrains multisports, de mobilier iconique, une promenade \u00e9l\u00e9gante, des fontaines s\u00e8ches ainsi que d\u2019une place publique.<\/p>\n<p>A proximit\u00e9 imm\u00e9diate de la mer, il comprend \u00e9galement un parcours sportif de plus de 5 km lin\u00e9aire pour joggeurs et v\u00e9los (dont un parcours BMX), ainsi que des espaces pour les jeux d\u2019escalades pour enfants et adolescents, 12 agr\u00e8s sportifs (fitness outdoor), 7.500 m\u00b2 d\u2019espace vert et une place centrale de 1.350 m\u00b2.<\/p>\n<div class=\"c17\">\n<fieldset class=\"c16\">\n<legend><strong><span class=\"c11\">Challenge<\/span><span class=\"c12\">news<\/span><\/strong><\/legend>\n<div class=\"c15\">Le meilleur de la r\u00e9daction s\u00e9lectionn\u00e9 par Challenge :<\/p>\n<\/div>\n<\/fieldset>\n<\/div>\n<p>Auteur: Karim Handaoui<br \/>\n<a href=\"https:\/\/www.challenge.ma\/eco-cite-zenata-debut-de-la-commercialisation-109626\/\">Cliquez ici pour lire l&rsquo;article depuis sa source.<\/a><\/p>\n","protected":false},"excerpt":{"rendered":"<p>Les premiers logements immobiliers du quartier r\u00e9sidentiel de l\u2019Eco-Cit\u00e9 Zenata seront commercialis\u00e9s d\u00e8s juin 2019 par le Groupe immobilier Mfadel. Ce partenariat entre la Soci\u00e9t\u00e9 d\u2019Am\u00e9nagement Zenata et le Groupe Mfadel signe donc le d\u00e9marrage des d\u00e9veloppements immobiliers au sein de l\u2019Eco-Cit\u00e9 Zenata et annonce une s\u00e9rie de plusieurs autres projets immobiliers dans la ville. [&hellip;]<\/p>\n","protected":false},"author":1787,"featured_media":0,"comment_status":"closed","ping_status":"closed","sticky":false,"template":"","format":"standard","meta":{"fifu_image_url":"","fifu_image_alt":"","footnotes":""},"categories":[78,54],"tags":[],"class_list":["post-36959","post","type-post","status-publish","format-standard","hentry","category-economie","category-maroc"],"_links":{"self":[{"href":"https:\/\/linitiative.ca\/International\/wp-json\/wp\/v2\/posts\/36959","targetHints":{"allow":["GET"]}}],"collection":[{"href":"https:\/\/linitiative.ca\/International\/wp-json\/wp\/v2\/posts"}],"about":[{"href":"https:\/\/linitiative.ca\/International\/wp-json\/wp\/v2\/types\/post"}],"author":[{"embeddable":true,"href":"https:\/\/linitiative.ca\/International\/wp-json\/wp\/v2\/users\/1787"}],"replies":[{"embeddable":true,"href":"https:\/\/linitiative.ca\/International\/wp-json\/wp\/v2\/comments?post=36959"}],"version-history":[{"count":0,"href":"https:\/\/linitiative.ca\/International\/wp-json\/wp\/v2\/posts\/36959\/revisions"}],"wp:attachment":[{"href":"https:\/\/linitiative.ca\/International\/wp-json\/wp\/v2\/media?parent=36959"}],"wp:term":[{"taxonomy":"category","embeddable":true,"href":"https:\/\/linitiative.ca\/International\/wp-json\/wp\/v2\/categories?post=36959"},{"taxonomy":"post_tag","embeddable":true,"href":"https:\/\/linitiative.ca\/International\/wp-json\/wp\/v2\/tags?post=36959"}],"curies":[{"name":"wp","href":"https:\/\/api.w.org\/{rel}","templated":true}]}}