{"id":36969,"date":"2019-05-27T12:14:54","date_gmt":"2019-05-27T16:14:54","guid":{"rendered":"https:\/\/linitiative.ca\/International\/tunisie-video-rene-trabelsi-aucun-rabbin-disrael-nest-venu-a-la-ghriba-et-na-eu-le-moindre-entretien-avec-des-parties-officielles-tunisiennes\/"},"modified":"2019-05-27T12:14:54","modified_gmt":"2019-05-27T16:14:54","slug":"tunisie-video-rene-trabelsi-aucun-rabbin-disrael-nest-venu-a-la-ghriba-et-na-eu-le-moindre-entretien-avec-des-parties-officielles-tunisiennes","status":"publish","type":"post","link":"https:\/\/linitiative.ca\/International\/tunisie-video-rene-trabelsi-aucun-rabbin-disrael-nest-venu-a-la-ghriba-et-na-eu-le-moindre-entretien-avec-des-parties-officielles-tunisiennes\/","title":{"rendered":"Tunisie\u00a0: VIDEO\u00a0: Ren\u00e9 Trabelsi: Aucun Rabbin d\u2019Isra\u00ebl n\u2019est venu \u00e0 La Ghriba, et n\u2019a eu le moindre entretien avec des parties officielles tunisiennes"},"content":{"rendered":"<div class=\"post-cont-in left relative\">\n<div class=\"swp_social_panel swp_horizontal_panel swp_flat_fresh swp_default_full_color swp_individual_full_color swp_other_full_color scale-100 scale-\" data-min-width=\"1100\" data-float-color=\"#ffffff\" data-float=\"none\" data-float-mobile=\"none\" data-transition=\"slide\">\n<div class=\"nc_tweetContainer swp_share_button total_shares total_sharesalt\"><span class=\"swp_count\">39 <span class=\"swp_label\">Partages<\/span><\/span><\/div>\n<\/div>\n<p>Le ministre du Tourisme tunisien, Ren\u00e9 Trabelsi a d\u00e9plor\u00e9 la pol\u00e9mique cr\u00e9e autour d\u2019une suppos\u00e9e venue de rabbins isra\u00e9liens, qui seraient entr\u00e9s en Tunisie avec des passeports isra\u00e9liens et auraient eu des contacts avec des parties officielles tunisiennes.<\/p>\n<p>Trabelsi a expliqu\u00e9 que les images diffus\u00e9es du d\u00eener d\u2019Iftar organis\u00e9 \u00e0 l\u2019occasion du p\u00e8lerinage de La Ghriba ont montr\u00e9, en effet, des rabbins avec leurs tenues particuli\u00e8res. Il a ajout\u00e9 que les images les montraient assis \u00e0 des tables d\u2019Iftar, mais jamais \u00e0 celle des officiels tunisiens.<\/p>\n<div class=\"code-block code-block-1 c4\"><ins class=\"adsbygoogle c3\" data-ad-layout=\"in-article\" data-ad-format=\"fluid\" data-ad-client=\"ca-pub-2102118777505746\" data-ad-slot=\"7301775417\"\/> <\/div>\n<p>Trabelsi a tenu \u00e0 pr\u00e9ciser qu\u2019il s\u2019agissait des grands rabbins de France, de Londres et de Gen\u00e8ve.<\/p>\n<p>Trabelsi \u00e9tait d\u2019autant plus navr\u00e9 de cette pol\u00e9mique qui n\u2019avait aucune raison, que le p\u00e8lerinage de la Ghriba cette ann\u00e9e a \u00e9t\u00e9 d\u2019une r\u00e9ussite exceptionnelle, qui a regroup\u00e9 tous les amoureux de la Tunisie et qui a connu la pr\u00e9sence des professionnels tunisiens du tourisme. C\u2019\u00e9tait une occasion unique de montrer l\u2019esprit d\u2019ouverture et de fraternit\u00e9 qui caract\u00e9rise la Tunisie, a-t-il ajout\u00e9.<\/p>\n<div class=\"mvp-org-wrap mvp-org-logo\" itemprop=\"publisher\" itemscope=\"\" itemtype=\"https:\/\/schema.org\/Organization\"><img decoding=\"async\" src=\"https:\/\/www.tunisienumerique.com\/wp-content\/uploads\/2017\/02\/logo_tunisie_numerique.png\"\/><\/div>\n<div class=\"swp_social_panel swp_horizontal_panel swp_flat_fresh swp_default_full_color swp_individual_full_color swp_other_full_color scale-100 scale-\" data-min-width=\"1100\" data-float-color=\"#ffffff\" data-float=\"none\" data-float-mobile=\"none\" data-transition=\"slide\">\n<div class=\"nc_tweetContainer swp_share_button total_shares total_sharesalt\"><span class=\"swp_count\">39 <span class=\"swp_label\">Partages<\/span><\/span><\/div>\n<\/div>\n<div class=\"mvp-related-posts left relative\">\n<h4 class=\"post-header\"><span class=\"post-header\">Lire aussi<\/span><\/h4>\n<\/div>\n<\/div>\n<p>Auteur: LM<br \/>\n<a href=\"https:\/\/www.tunisienumerique.com\/tunisie-video-rene-trabelsi-aucun-rabbin-disrael-nest-venu-a-la-ghriba-et-na-eu-le-moindre-entretien-avec-des-parties-officielles-tunisiennes\/\">Cliquez ici pour lire l&rsquo;article depuis sa source.<\/a><\/p>\n","protected":false},"excerpt":{"rendered":"<p>39 Partages Le ministre du Tourisme tunisien, Ren\u00e9 Trabelsi a d\u00e9plor\u00e9 la pol\u00e9mique cr\u00e9e autour d\u2019une suppos\u00e9e venue de rabbins isra\u00e9liens, qui seraient entr\u00e9s en Tunisie avec des passeports isra\u00e9liens et auraient eu des contacts avec des parties officielles tunisiennes. Trabelsi a expliqu\u00e9 que les images diffus\u00e9es du d\u00eener d\u2019Iftar organis\u00e9 \u00e0 l\u2019occasion du p\u00e8lerinage [&hellip;]<\/p>\n","protected":false},"author":1789,"featured_media":36970,"comment_status":"closed","ping_status":"closed","sticky":false,"template":"","format":"standard","meta":{"fifu_image_url":"","fifu_image_alt":"","footnotes":""},"categories":[73,55],"tags":[],"class_list":["post-36969","post","type-post","status-publish","format-standard","has-post-thumbnail","hentry","category-actualite","category-tunisie"],"_links":{"self":[{"href":"https:\/\/linitiative.ca\/International\/wp-json\/wp\/v2\/posts\/36969","targetHints":{"allow":["GET"]}}],"collection":[{"href":"https:\/\/linitiative.ca\/International\/wp-json\/wp\/v2\/posts"}],"about":[{"href":"https:\/\/linitiative.ca\/International\/wp-json\/wp\/v2\/types\/post"}],"author":[{"embeddable":true,"href":"https:\/\/linitiative.ca\/International\/wp-json\/wp\/v2\/users\/1789"}],"replies":[{"embeddable":true,"href":"https:\/\/linitiative.ca\/International\/wp-json\/wp\/v2\/comments?post=36969"}],"version-history":[{"count":0,"href":"https:\/\/linitiative.ca\/International\/wp-json\/wp\/v2\/posts\/36969\/revisions"}],"wp:featuredmedia":[{"embeddable":true,"href":"https:\/\/linitiative.ca\/International\/wp-json\/"}],"wp:attachment":[{"href":"https:\/\/linitiative.ca\/International\/wp-json\/wp\/v2\/media?parent=36969"}],"wp:term":[{"taxonomy":"category","embeddable":true,"href":"https:\/\/linitiative.ca\/International\/wp-json\/wp\/v2\/categories?post=36969"},{"taxonomy":"post_tag","embeddable":true,"href":"https:\/\/linitiative.ca\/International\/wp-json\/wp\/v2\/tags?post=36969"}],"curies":[{"name":"wp","href":"https:\/\/api.w.org\/{rel}","templated":true}]}}