{"id":36971,"date":"2019-05-27T12:31:45","date_gmt":"2019-05-27T16:31:45","guid":{"rendered":"https:\/\/linitiative.ca\/International\/tunisie-video-des-tunisiens-ont-paye-une-societe-israelienne-pour-attaquer-et-salir-youssef-chahed\/"},"modified":"2019-05-27T12:31:45","modified_gmt":"2019-05-27T16:31:45","slug":"tunisie-video-des-tunisiens-ont-paye-une-societe-israelienne-pour-attaquer-et-salir-youssef-chahed","status":"publish","type":"post","link":"https:\/\/linitiative.ca\/International\/tunisie-video-des-tunisiens-ont-paye-une-societe-israelienne-pour-attaquer-et-salir-youssef-chahed\/","title":{"rendered":"Tunisie\u00a0: VIDEO\u00a0: Des tunisiens ont pay\u00e9 une soci\u00e9t\u00e9 isra\u00e9lienne pour attaquer et salir Youssef Chahed"},"content":{"rendered":"<div class=\"post-cont-in left relative\">\n<div class=\"swp_social_panel swp_horizontal_panel swp_flat_fresh swp_default_full_color swp_individual_full_color swp_other_full_color scale-100 scale-\" data-min-width=\"1100\" data-float-color=\"#ffffff\" data-float=\"none\" data-float-mobile=\"none\" data-transition=\"slide\">\n<div class=\"nc_tweetContainer swp_share_button total_shares total_sharesalt\"><span class=\"swp_count\">94 <span class=\"swp_label\">Partages<\/span><\/span><\/div>\n<\/div>\n<p>Le ministre du Tourisme tunisien, Ren\u00e9 Trabelsi a d\u00e9clar\u00e9 que des rapports internationaux ont mis en \u00e9vidence l\u2019ing\u00e9rence d\u2019une soci\u00e9t\u00e9 bas\u00e9e \u00e0 Isra\u00ebl, sp\u00e9cialis\u00e9e dans les attaques pour salir les r\u00e9putations des personnalit\u00e9s et des syst\u00e8mes, dans les affaires internes de la Tunisie, en d\u00e9pr\u00e9ciant la personne du chef du gouvernement, Youssef Chahed. Trabelsi a ajout\u00e9 que ce sujet a m\u00eame \u00e9t\u00e9 trait\u00e9 par des m\u00e9dias \u00e9trangers comme le journal \u00ab\u00a0Le Monde\u00a0\u00bb.<\/p>\n<p>Le ministre a d\u00e9plor\u00e9 que ce soient des gens et des parties en Tunisie qui aient pay\u00e9 cette soci\u00e9t\u00e9 pour cr\u00e9er des centaines de pages et de faux profils\u00a0dans le but de d\u00e9nigrer\u00a0le chef de l\u2019executif. Il a ajout\u00e9 que le gouvernement connait de fa\u00e7on assez pr\u00e9cise, les tunisiens qui ont commandit\u00e9 et pay\u00e9 cette\u00a0calomnie contre Youssef Chahed, pr\u00e9cisant que ces gens sont malades et ne supportent pas de voir le gouvernement travailler et obtenir de petites avanc\u00e9es, malgr\u00e9 les emb\u00fbches.<\/p>\n<div class=\"code-block code-block-1 c4\"><ins class=\"adsbygoogle c3\" data-ad-layout=\"in-article\" data-ad-format=\"fluid\" data-ad-client=\"ca-pub-2102118777505746\" data-ad-slot=\"7301775417\"\/> <\/div>\n<div class=\"mvp-org-wrap mvp-org-logo\" itemprop=\"publisher\" itemscope=\"\" itemtype=\"https:\/\/schema.org\/Organization\"><img decoding=\"async\" src=\"https:\/\/www.tunisienumerique.com\/wp-content\/uploads\/2017\/02\/logo_tunisie_numerique.png\"\/><\/div>\n<div class=\"swp_social_panel swp_horizontal_panel swp_flat_fresh swp_default_full_color swp_individual_full_color swp_other_full_color scale-100 scale-\" data-min-width=\"1100\" data-float-color=\"#ffffff\" data-float=\"none\" data-float-mobile=\"none\" data-transition=\"slide\">\n<div class=\"nc_tweetContainer swp_share_button total_shares total_sharesalt\"><span class=\"swp_count\">94 <span class=\"swp_label\">Partages<\/span><\/span><\/div>\n<\/div>\n<div class=\"mvp-related-posts left relative\">\n<h4 class=\"post-header\"><span class=\"post-header\">Lire aussi<\/span><\/h4>\n<\/div>\n<\/div>\n<p>Auteur: LM<br \/>\n<a href=\"https:\/\/www.tunisienumerique.com\/tunisie-video-des-tunisiens-ont-paye-une-societe-israelienne-pour-attaquer-et-salir-youssef-chahed\/\">Cliquez ici pour lire l&rsquo;article depuis sa source.<\/a><\/p>\n","protected":false},"excerpt":{"rendered":"<p>94 Partages Le ministre du Tourisme tunisien, Ren\u00e9 Trabelsi a d\u00e9clar\u00e9 que des rapports internationaux ont mis en \u00e9vidence l\u2019ing\u00e9rence d\u2019une soci\u00e9t\u00e9 bas\u00e9e \u00e0 Isra\u00ebl, sp\u00e9cialis\u00e9e dans les attaques pour salir les r\u00e9putations des personnalit\u00e9s et des syst\u00e8mes, dans les affaires internes de la Tunisie, en d\u00e9pr\u00e9ciant la personne du chef du gouvernement, Youssef Chahed. [&hellip;]<\/p>\n","protected":false},"author":1789,"featured_media":36972,"comment_status":"closed","ping_status":"closed","sticky":false,"template":"","format":"standard","meta":{"fifu_image_url":"","fifu_image_alt":"","footnotes":""},"categories":[73,55],"tags":[],"class_list":["post-36971","post","type-post","status-publish","format-standard","has-post-thumbnail","hentry","category-actualite","category-tunisie"],"_links":{"self":[{"href":"https:\/\/linitiative.ca\/International\/wp-json\/wp\/v2\/posts\/36971","targetHints":{"allow":["GET"]}}],"collection":[{"href":"https:\/\/linitiative.ca\/International\/wp-json\/wp\/v2\/posts"}],"about":[{"href":"https:\/\/linitiative.ca\/International\/wp-json\/wp\/v2\/types\/post"}],"author":[{"embeddable":true,"href":"https:\/\/linitiative.ca\/International\/wp-json\/wp\/v2\/users\/1789"}],"replies":[{"embeddable":true,"href":"https:\/\/linitiative.ca\/International\/wp-json\/wp\/v2\/comments?post=36971"}],"version-history":[{"count":0,"href":"https:\/\/linitiative.ca\/International\/wp-json\/wp\/v2\/posts\/36971\/revisions"}],"wp:featuredmedia":[{"embeddable":true,"href":"https:\/\/linitiative.ca\/International\/wp-json\/"}],"wp:attachment":[{"href":"https:\/\/linitiative.ca\/International\/wp-json\/wp\/v2\/media?parent=36971"}],"wp:term":[{"taxonomy":"category","embeddable":true,"href":"https:\/\/linitiative.ca\/International\/wp-json\/wp\/v2\/categories?post=36971"},{"taxonomy":"post_tag","embeddable":true,"href":"https:\/\/linitiative.ca\/International\/wp-json\/wp\/v2\/tags?post=36971"}],"curies":[{"name":"wp","href":"https:\/\/api.w.org\/{rel}","templated":true}]}}