{"id":36980,"date":"2019-05-26T20:16:54","date_gmt":"2019-05-27T00:16:54","guid":{"rendered":"https:\/\/linitiative.ca\/International\/asce-lc-plaidoyer-pour-ladoption-de-neuf-decrets-en-souffrance\/"},"modified":"2019-05-26T20:16:54","modified_gmt":"2019-05-27T00:16:54","slug":"asce-lc-plaidoyer-pour-ladoption-de-neuf-decrets-en-souffrance","status":"publish","type":"post","link":"https:\/\/linitiative.ca\/International\/asce-lc-plaidoyer-pour-ladoption-de-neuf-decrets-en-souffrance\/","title":{"rendered":"ASCE-LC : Plaidoyer pour l\u2019adoption de neuf d\u00e9crets en souffrance"},"content":{"rendered":"<div class=\"td-post-featured-image\"><a href=\"https:\/\/i0.wp.com\/www.sidwaya.info\/wp-content\/uploads\/2019\/05\/audi027.jpg?fit=787%2C522&#038;ssl=1\" data-caption=\"\"><img loading=\"lazy\" decoding=\"async\" width=\"696\" height=\"462\" class=\"entry-thumb td-modal-image\" src=\"https:\/\/i0.wp.com\/www.sidwaya.info\/wp-content\/uploads\/2019\/05\/audi027.jpg?resize=696%2C462&#038;ssl=1\" srcset=\"https:\/\/i0.wp.com\/www.sidwaya.info\/wp-content\/uploads\/2019\/05\/audi027.jpg?w=787&#038;ssl=1 787w, https:\/\/i0.wp.com\/www.sidwaya.info\/wp-content\/uploads\/2019\/05\/audi027.jpg?resize=300%2C199&#038;ssl=1 300w, https:\/\/i0.wp.com\/www.sidwaya.info\/wp-content\/uploads\/2019\/05\/audi027.jpg?resize=768%2C509&#038;ssl=1 768w, https:\/\/i0.wp.com\/www.sidwaya.info\/wp-content\/uploads\/2019\/05\/audi027.jpg?resize=696%2C462&#038;ssl=1 696w, https:\/\/i0.wp.com\/www.sidwaya.info\/wp-content\/uploads\/2019\/05\/audi027.jpg?resize=633%2C420&#038;ssl=1 633w\" sizes=\"auto, (max-width: 696px) 100vw, 696px\" alt=\"\" title=\"audi027\"\/><\/a><\/div>\n<div class=\"td-a-rec td-a-rec-id-content_top td_uid_30_5cec5a43d5ba4_rand td_block_template_1\"><img loading=\"lazy\" decoding=\"async\" class=\"aligncenter size-full wp-image-4463\" src=\"https:\/\/www.sidwaya.info\/wp-content\/uploads\/2019\/02\/FESPACO-TOUR-2019-Bannie%CC%80re-728x90-1.jpg\" alt=\"\" width=\"728\" height=\"90\"\/><\/div>\n<p><strong>Le chef de l\u2019Etat, Roch Marc Christian Kabor\u00e9, a re\u00e7u en audience, le vendredi 24 mai 2019 au palais de Kosyam, une d\u00e9l\u00e9gation du Conseil d\u2019orientation de l\u2019Autorit\u00e9 sup\u00e9rieure de contr\u00f4le d\u2019Etat et de lutte contre la corruption (ASCE-LC).<\/strong><\/p>\n<p>Mis en place en mars 2018, le Conseil d\u2019orientation de l\u2019Autorit\u00e9 sup\u00e9rieure de contr\u00f4le d\u2019Etat et de lutte contre la corruption (ASCE-LC) s\u2019est pr\u00e9sent\u00e9 au pr\u00e9sident du Faso, Roch Marc Christian Kabor\u00e9, le vendredi 24 mai 2019 et lui a fait part de ses attentes quant \u00e0 l\u2019adoption de neuf projets de d\u00e9crets en souffrance. Attentif \u00e0 la question, le chef de l\u2019Etat a promis \u00abd\u2019actionner les manettes le m\u00eame jour\u00bb. \u00abDans la mesure o\u00f9 l\u2019adoption d\u2019un certain nombre de textes est attendue depuis quelques temps, il est normal que nous venions voir le pr\u00e9sident du Faso afin d\u2019avoir des avanc\u00e9es. Nous repartons vraiment contents, car le pr\u00e9sident du Faso nous a rassur\u00e9s qu\u2019il mettra tout en \u0153uvre pour que les dossiers puissent \u00eatre trait\u00e9s\u00bb, a d\u00e9clar\u00e9 le pr\u00e9sident du Conseil d\u2019orientation, D\u00e9sir\u00e9 Dieudonn\u00e9 Yam\u00e9ogo, \u00e0 l\u2019issue de l\u2019entrevue. Au sujet de l\u2019objet des futurs textes, le pr\u00e9sident de la structure a fait cas du r\u00e9gime juridique applicable aux emplois au sein de l\u2019ASCE-LC, de l\u2019organisation et du fonctionnement de celle-ci, du projet de cr\u00e9ation de fonds d\u2019intervention compte tenu de la sp\u00e9cificit\u00e9 de l\u2019institution et de la r\u00e9mun\u00e9ration des agents.<br \/>A cela s\u2019ajoutent la fixation du quantum sur les avoirs recouvr\u00e9s par l\u2019autorit\u00e9 ind\u00e9pendante et la proc\u00e9dure de recrutement du contr\u00f4leur g\u00e9n\u00e9ral d\u2019Etat, deux questions qui se d\u00e9gagent de la derni\u00e8re session du Conseil d\u2019orientation aux dires du chef de la d\u00e9l\u00e9gation. Revenant sur l\u2019organe qu\u2019il dirige, D\u00e9sir\u00e9 Dieudonn\u00e9 Yam\u00e9ogo a confi\u00e9 que c\u2019est une sorte de conseil d\u2019administration \u00e0 composition tripartite\u00a0: le secteur public avec trois repr\u00e9sentants, autant pour celui priv\u00e9 et enfin les organisations de la soci\u00e9t\u00e9 civile et celles des m\u00e9dias avec aussi trois d\u00e9l\u00e9gu\u00e9s. Le conseil examine les dossiers administratifs produits par le contr\u00f4leur g\u00e9n\u00e9ral d\u2019Etat qu\u2019il recrute, les rapports d\u2019activit\u00e9s, les projets de budget et de textes. Il sanctionne le premier responsable de l\u2019ASCE en cas de manquement.<\/p>\n<p><strong>Jean Philibert SOME<\/strong><\/p>\n<div class=\"td-a-rec td-a-rec-id-content_bottom td_uid_31_5cec5a43d5d41_rand td_block_template_1\"><img loading=\"lazy\" decoding=\"async\" class=\"alignright size-full wp-image-1724\" src=\"https:\/\/www.sidwaya.info\/wp-content\/uploads\/2018\/12\/sidwaya-pub.jpg\" alt=\"\" width=\"720\" height=\"90\"\/><\/div>\n<p>Auteur: BM. Sidwaya<br \/>\n<a href=\"https:\/\/www.sidwaya.info\/blog\/2019\/05\/27\/asce-lc-plaidoyer-pour-ladoption-de-neuf-decrets-en-souffrance\/\">Cliquez ici pour lire l&rsquo;article depuis sa source.<\/a><\/p>\n","protected":false},"excerpt":{"rendered":"<p>Le chef de l\u2019Etat, Roch Marc Christian Kabor\u00e9, a re\u00e7u en audience, le vendredi 24 mai 2019 au palais de Kosyam, une d\u00e9l\u00e9gation du Conseil d\u2019orientation de l\u2019Autorit\u00e9 sup\u00e9rieure de contr\u00f4le d\u2019Etat et de lutte contre la corruption (ASCE-LC). Mis en place en mars 2018, le Conseil d\u2019orientation de l\u2019Autorit\u00e9 sup\u00e9rieure de contr\u00f4le d\u2019Etat et [&hellip;]<\/p>\n","protected":false},"author":1816,"featured_media":0,"comment_status":"closed","ping_status":"closed","sticky":false,"template":"","format":"standard","meta":{"fifu_image_url":"","fifu_image_alt":"","footnotes":""},"categories":[73,81],"tags":[],"class_list":["post-36980","post","type-post","status-publish","format-standard","hentry","category-actualite","category-burkina-faso"],"_links":{"self":[{"href":"https:\/\/linitiative.ca\/International\/wp-json\/wp\/v2\/posts\/36980","targetHints":{"allow":["GET"]}}],"collection":[{"href":"https:\/\/linitiative.ca\/International\/wp-json\/wp\/v2\/posts"}],"about":[{"href":"https:\/\/linitiative.ca\/International\/wp-json\/wp\/v2\/types\/post"}],"author":[{"embeddable":true,"href":"https:\/\/linitiative.ca\/International\/wp-json\/wp\/v2\/users\/1816"}],"replies":[{"embeddable":true,"href":"https:\/\/linitiative.ca\/International\/wp-json\/wp\/v2\/comments?post=36980"}],"version-history":[{"count":0,"href":"https:\/\/linitiative.ca\/International\/wp-json\/wp\/v2\/posts\/36980\/revisions"}],"wp:attachment":[{"href":"https:\/\/linitiative.ca\/International\/wp-json\/wp\/v2\/media?parent=36980"}],"wp:term":[{"taxonomy":"category","embeddable":true,"href":"https:\/\/linitiative.ca\/International\/wp-json\/wp\/v2\/categories?post=36980"},{"taxonomy":"post_tag","embeddable":true,"href":"https:\/\/linitiative.ca\/International\/wp-json\/wp\/v2\/tags?post=36980"}],"curies":[{"name":"wp","href":"https:\/\/api.w.org\/{rel}","templated":true}]}}