{"id":36982,"date":"2019-05-26T20:24:38","date_gmt":"2019-05-27T00:24:38","guid":{"rendered":"https:\/\/linitiative.ca\/International\/une-cite-de-la-diaspora-prevue-a-tenkodogo-2\/"},"modified":"2019-05-26T20:24:38","modified_gmt":"2019-05-27T00:24:38","slug":"une-cite-de-la-diaspora-prevue-a-tenkodogo-2","status":"publish","type":"post","link":"https:\/\/linitiative.ca\/International\/une-cite-de-la-diaspora-prevue-a-tenkodogo-2\/","title":{"rendered":"Une cit\u00e9 de la diaspora pr\u00e9vue  \u00e0 Tenkodogo"},"content":{"rendered":"<div class=\"td-post-featured-image\"><a href=\"https:\/\/i1.wp.com\/www.sidwaya.info\/wp-content\/uploads\/2019\/05\/decembre27.jpg?fit=787%2C525&#038;ssl=1\" data-caption=\"\"><img loading=\"lazy\" decoding=\"async\" width=\"696\" height=\"464\" class=\"entry-thumb td-modal-image\" src=\"https:\/\/i1.wp.com\/www.sidwaya.info\/wp-content\/uploads\/2019\/05\/decembre27.jpg?resize=696%2C464&#038;ssl=1\" srcset=\"https:\/\/i1.wp.com\/www.sidwaya.info\/wp-content\/uploads\/2019\/05\/decembre27.jpg?w=787&#038;ssl=1 787w, https:\/\/i1.wp.com\/www.sidwaya.info\/wp-content\/uploads\/2019\/05\/decembre27.jpg?resize=300%2C200&#038;ssl=1 300w, https:\/\/i1.wp.com\/www.sidwaya.info\/wp-content\/uploads\/2019\/05\/decembre27.jpg?resize=768%2C512&#038;ssl=1 768w, https:\/\/i1.wp.com\/www.sidwaya.info\/wp-content\/uploads\/2019\/05\/decembre27.jpg?resize=696%2C464&#038;ssl=1 696w, https:\/\/i1.wp.com\/www.sidwaya.info\/wp-content\/uploads\/2019\/05\/decembre27.jpg?resize=630%2C420&#038;ssl=1 630w\" sizes=\"auto, (max-width: 696px) 100vw, 696px\" alt=\"\" title=\"decembre27\"\/><\/a><\/div>\n<div class=\"td-a-rec td-a-rec-id-content_top td_uid_30_5cec5a4b39d24_rand td_block_template_1\"><img loading=\"lazy\" decoding=\"async\" class=\"aligncenter size-full wp-image-4463\" src=\"https:\/\/www.sidwaya.info\/wp-content\/uploads\/2019\/02\/FESPACO-TOUR-2019-Bannie%CC%80re-728x90-1.jpg\" alt=\"\" width=\"728\" height=\"90\"\/><\/div>\n<p><strong>L\u2019amicale diaspora, ressortissants, \u00e9lites et artistes du Centre-Est (DREACE) a fait \u00e0 la presse, le samedi 25 mai \u00e0 Ouagadougou, le point de ses r\u00e9alisations en vue de la c\u00e9l\u00e9bration de la f\u00eate de l\u2019Ind\u00e9pendance, le 11 d\u00e9cembre 2019 dans leur r\u00e9gion.<\/strong><\/p>\n<p>Officiellement constitu\u00e9e en association, l\u2019amicale Diaspora, ressortissants, \u00e9lites et artistes du Centre-Est (DREACE) form\u00e9e d\u2019environ 300 membres issus de 197 Etats, \u00e9tait face \u00e0 la presse, le samedi 25 mai dernier \u00e0 Ouagadougou, pour faire l\u2019\u00e9tat, d\u2019avancement de ses projets et contributions \u00e0 la r\u00e9ussite du 11-D\u00e9cembre dans la r\u00e9gion du Centre-Est (Tenkodogo). A l\u2019occasion, l\u2019ambassadeur Raymond Balima, ressortissant de la r\u00e9gion et directeur g\u00e9n\u00e9ral du Protocole d\u2019Etat a salu\u00e9 le \u00abpatriotisme\u00bb de DREACE, en vue de contribuer \u00e0 faire de cette f\u00eate de l\u2019ind\u00e9pendance coupl\u00e9e avec le centenaire de la Haute-Volta, aujourd\u2019hui Burkina Faso, une r\u00e9ussite \u00abin\u00e9gal\u00e9e et in\u00e9galable\u00bb. Pour sa part, la pr\u00e9sidente de l\u2019amicale, Emilienne K\u00e9r\u00e9, a pr\u00e9cis\u00e9 que gr\u00e2ce \u00e0 l\u2019appui des autorit\u00e9s nationales et locales, une centaine de parcelles ont \u00e9t\u00e9 d\u00e9gag\u00e9es au profit de l\u2019association pour la construction de la cit\u00e9 de la diaspora. D\u2019autres projets comme la construction d\u2019une clinique moderne (diab\u00e9tologie, canc\u00e9rologie et radiologie) et d\u2019une usine de transformation de d\u00e9chets plastiques qui permettra la cr\u00e9ation de 300 emplois (production d\u2019\u00e9nergie, de dalles et de macadams) sont en cours. A cela s\u2019ajoute la construction d\u2019un centre de formation professionnelle \u00e0 Lalgaye. A entendre Adama Banc\u00e9 de l\u2019entreprise Buompane et Romanato, charg\u00e9e de la construction des villas de la diaspora, la zone a \u00e9t\u00e9 identifi\u00e9e et les travaux d\u00e9buteront \u00abincessamment\u00bb. Il s\u2019agit, a-t-il dit, de villas de types F3 et F4 (simples et extensibles, toutes \u00e9quip\u00e9es) qui auront la particularit\u00e9 d\u2019avoir une architecture italienne. \u00abCes villas ne sont pas \u00e0 vendre, parce qu\u2019elles ont \u00e9t\u00e9 toutes prises par la diaspora\u00bb, a pr\u00e9cis\u00e9 M. Banc\u00e9. Quant au volet artistique, Serge Bambara, alias Smokey a expliqu\u00e9 que les artistes de DREACE ont engag\u00e9 un projet d\u2019\u0153uvre musicale qui est quasiment boucl\u00e9. \u00abD\u2019ici peu, la partie vid\u00e9o que nous voulons ambitieuse sera entam\u00e9e et nous sommes au stade de mixage\u00bb, a-t-il soutenu, avant de proposer au groupe, l\u2019id\u00e9e de cr\u00e9ation d\u2019une salle de spectacle digne de ce nom sur une superficie de plus de 5\u00a0000 m\u00b2. Egalement ressortissant de la r\u00e9gion, le secr\u00e9taire permanent du 11-D\u00e9cembre, Walib Bara, a rappel\u00e9 les infrastructures \u00abclassiques\u00bb notamment la voirie (47,5 km \u00e0 Tenkodogo, 5 km \u00e0 Koup\u00e8la et 5 km de bitume \u00e0 Ouargaye), la cit\u00e9 des forces vives, la place de la Nation, la salle polyvalente, l\u2019axe du d\u00e9fil\u00e9, l\u2019auberge du 11-D\u00e9cembre et bien d\u2019autres infrastructures sanitaires et scolaires. Pour sa part, le maire de la commune de Tenkodogo, Harouna Ou\u00e9logo, qui a remerci\u00e9 DREACE pour son \u00abimmense\u00bb contribution \u00e0 la r\u00e9ussite de la f\u00eate, a ajout\u00e9 que la Banque mondiale pr\u00e9voit le bitumage de 5km, la Banque africaine de d\u00e9veloppement, 5km de voie pav\u00e9e et la coop\u00e9ration suisse, 4km de caniveau. D\u00e9j\u00e0, le maire Ou\u00e9logo a exprim\u00e9 la disponibilit\u00e9 du conseil municipal \u00e0 accompagner l\u2019ensemble des initiatives publiques et priv\u00e9es entrant dans le cadre de ces festivit\u00e9s.<\/p>\n<p>Jean-Marie TOE<\/p>\n<div class=\"td-a-rec td-a-rec-id-content_bottom td_uid_31_5cec5a4b39ec6_rand td_block_template_1\"><img loading=\"lazy\" decoding=\"async\" class=\"alignright size-full wp-image-1724\" src=\"https:\/\/www.sidwaya.info\/wp-content\/uploads\/2018\/12\/sidwaya-pub.jpg\" alt=\"\" width=\"720\" height=\"90\"\/><\/div>\n<p>Auteur: BM. Sidwaya<br \/>\n<a href=\"https:\/\/www.sidwaya.info\/blog\/2019\/05\/27\/une-cite-de-la-diaspora-prevue-a-tenkodogo-2\/\">Cliquez ici pour lire l&rsquo;article depuis sa source.<\/a><\/p>\n","protected":false},"excerpt":{"rendered":"<p>L\u2019amicale diaspora, ressortissants, \u00e9lites et artistes du Centre-Est (DREACE) a fait \u00e0 la presse, le samedi 25 mai \u00e0 Ouagadougou, le point de ses r\u00e9alisations en vue de la c\u00e9l\u00e9bration de la f\u00eate de l\u2019Ind\u00e9pendance, le 11 d\u00e9cembre 2019 dans leur r\u00e9gion. Officiellement constitu\u00e9e en association, l\u2019amicale Diaspora, ressortissants, \u00e9lites et artistes du Centre-Est (DREACE) [&hellip;]<\/p>\n","protected":false},"author":1816,"featured_media":0,"comment_status":"closed","ping_status":"closed","sticky":false,"template":"","format":"standard","meta":{"fifu_image_url":"","fifu_image_alt":"","footnotes":""},"categories":[73,81],"tags":[],"class_list":["post-36982","post","type-post","status-publish","format-standard","hentry","category-actualite","category-burkina-faso"],"_links":{"self":[{"href":"https:\/\/linitiative.ca\/International\/wp-json\/wp\/v2\/posts\/36982","targetHints":{"allow":["GET"]}}],"collection":[{"href":"https:\/\/linitiative.ca\/International\/wp-json\/wp\/v2\/posts"}],"about":[{"href":"https:\/\/linitiative.ca\/International\/wp-json\/wp\/v2\/types\/post"}],"author":[{"embeddable":true,"href":"https:\/\/linitiative.ca\/International\/wp-json\/wp\/v2\/users\/1816"}],"replies":[{"embeddable":true,"href":"https:\/\/linitiative.ca\/International\/wp-json\/wp\/v2\/comments?post=36982"}],"version-history":[{"count":0,"href":"https:\/\/linitiative.ca\/International\/wp-json\/wp\/v2\/posts\/36982\/revisions"}],"wp:attachment":[{"href":"https:\/\/linitiative.ca\/International\/wp-json\/wp\/v2\/media?parent=36982"}],"wp:term":[{"taxonomy":"category","embeddable":true,"href":"https:\/\/linitiative.ca\/International\/wp-json\/wp\/v2\/categories?post=36982"},{"taxonomy":"post_tag","embeddable":true,"href":"https:\/\/linitiative.ca\/International\/wp-json\/wp\/v2\/tags?post=36982"}],"curies":[{"name":"wp","href":"https:\/\/api.w.org\/{rel}","templated":true}]}}