{"id":36984,"date":"2019-05-26T20:33:40","date_gmt":"2019-05-27T00:33:40","guid":{"rendered":"https:\/\/linitiative.ca\/International\/polemique-mal-a-propos\/"},"modified":"2019-05-26T20:33:40","modified_gmt":"2019-05-27T00:33:40","slug":"polemique-mal-a-propos","status":"publish","type":"post","link":"https:\/\/linitiative.ca\/International\/polemique-mal-a-propos\/","title":{"rendered":"Pol\u00e9mique mal \u00e0 propos"},"content":{"rendered":"<div class=\"td-post-featured-image\"><a href=\"https:\/\/i2.wp.com\/www.sidwaya.info\/wp-content\/uploads\/2019\/05\/editodg.jpg?fit=519%2C662&#038;ssl=1\" data-caption=\"\"><img loading=\"lazy\" decoding=\"async\" width=\"519\" height=\"662\" class=\"entry-thumb td-modal-image\" src=\"https:\/\/i2.wp.com\/www.sidwaya.info\/wp-content\/uploads\/2019\/05\/editodg.jpg?resize=519%2C662&#038;ssl=1\" srcset=\"https:\/\/i2.wp.com\/www.sidwaya.info\/wp-content\/uploads\/2019\/05\/editodg.jpg?w=519&#038;ssl=1 519w, https:\/\/i2.wp.com\/www.sidwaya.info\/wp-content\/uploads\/2019\/05\/editodg.jpg?resize=235%2C300&#038;ssl=1 235w, https:\/\/i2.wp.com\/www.sidwaya.info\/wp-content\/uploads\/2019\/05\/editodg.jpg?resize=329%2C420&#038;ssl=1 329w\" sizes=\"auto, (max-width: 519px) 100vw, 519px\" alt=\"\" title=\"editodg\"\/><\/a><\/div>\n<div class=\"td-a-rec td-a-rec-id-content_top td_uid_30_5cec5a529a525_rand td_block_template_1\"><img loading=\"lazy\" decoding=\"async\" class=\"aligncenter size-full wp-image-4463\" src=\"https:\/\/www.sidwaya.info\/wp-content\/uploads\/2019\/02\/FESPACO-TOUR-2019-Bannie%CC%80re-728x90-1.jpg\" alt=\"\" width=\"728\" height=\"90\"\/><\/div>\n<p>Le sujet passionne les Burkinab\u00e8, ces derni\u00e8res semaines. Le d\u00e9classement d\u2019une partie de la for\u00eat de Kua, dans la commune de Bobo-Dioulasso, pour y b\u00e2tir un h\u00f4pital de r\u00e9f\u00e9rence, fait couler beaucoup d\u2019encres et de salives. Entre les \u00abpro\u00bb et les \u00abanti\u00bb d\u00e9classement, le d\u00e9bat est si vif, pour ne pas dire virulent. A telle enseigne que l\u2019on se demande si ce n\u2019est pas l\u2019avenir du pays lui-m\u00eame qui se joue autour des 16 hectares de la discorde. Sans nier le r\u00f4le fondamental que joue la pr\u00e9servation de l\u2019environnement dans la p\u00e9rennit\u00e9 de l\u2019esp\u00e8ce humaine, force est de reconna\u00eetre que ce d\u00e9bat appara\u00eet superf\u00e9tatoire, au regard des menaces plus s\u00e9rieuses qui hypoth\u00e8quent dangereusement la survie \u00e9conomique et portent atteinte \u00e0 l\u2019int\u00e9grit\u00e9 territoriale de notre cher Faso.<br \/>Malheureusement, la majorit\u00e9 de nos compatriotes restent atones, voire indiff\u00e9rents face \u00e0 ces menaces. La premi\u00e8re, ce sont les revendications salariales tous azimuts, qui bien que fond\u00e9es pour certaines d\u2019entre elles, ne sont pas loin de tuer la poule aux \u0153ufs d\u2019or et de renvoyer chacun \u00e0 ses parents pour \u201coccupations champ\u00eatres \u201c. Nos \u00e9conomies africaines, sont en effet si fragiles et extraverties qu\u2019un simple coup de vent peut les \u00abmettre \u00e0 terre\u00bb durablement et cr\u00e9er un \u201ctsunami social.\u201d L\u2019exemple de Port Gentil, la ville d\u2019affaires du Gabon, devenue un \u201cd\u00e9sert\u201d o\u00f9 les anciens employ\u00e9s du secteur p\u00e9trolier errent comme des \u00e2mes en peine, est \u00e9difiant. Pour partager la croissance, il faut d\u2019abord l\u2019obtenir. Il faut aussi consolider les bases de nos \u00e9conomies et les \u201csortir\u201d du syst\u00e8me pr\u00e9dateur international. Ce qui n\u2019est malheureusement pas le cas jusqu\u2019ici. Bien s\u00fbr, cela peut \u00eatre imput\u00e9 \u00e0 l\u2019incurie de certains de nos dirigeants. Mais, faut-il s\u2019arr\u00eater \u00e0 ce constat\u00a0? Quand la pluie vous bat, le plus important c\u2019est de trouver d\u2019abord un abri, plut\u00f4t que de s\u2019\u00e9poumoner dans des querelles inutiles et st\u00e9riles o\u00f9 se transpose le m\u00eame \u00abclassico\u00bb des antagonismes du landerneau sociopolitique. Et justement, c\u2019est de cette union sacr\u00e9e dont le Burkina a besoin, pour l\u2019heure, face \u00e0 la seconde menace, celle terroriste dont l\u2019enjeu touche \u00e0 son existence m\u00eame. Le sort des 12 000 d\u00e9plac\u00e9s internes, arrach\u00e9s \u00e0 leurs terroirs par la terreur, la dangereuse d\u00e9rive communautaire engendr\u00e9e par les attaques, la paralysante fronde sociale, la cruciale r\u00e9conciliation nationale, la main tendue du chef de l\u2019Etat \u00e0 la classe politique m\u00e9riteraient autant les \u00e9gards des militants de la cause \u00e9cologiste. Au demeurant, il y va aujourd\u2019hui de l\u2019h\u00f4pital de r\u00e9f\u00e9rence de Bobo-Dioulasso comme de nombreux projets embl\u00e9matiques du pays, il y a quelques ann\u00e9es. La farouche opposition, dont a fait l\u2019objet la construction du grand march\u00e9 de Ouagadougou sous la r\u00e9volution, le projet ZACA en 2001, plus r\u00e9cemment la maison de la Culture de Bobo-Dioulasso, ne fait pas moins de ces infrastructures, des vitrines du pays. Que ce soit \u00e0 Kua ou ailleurs, l\u2019h\u00f4pital de r\u00e9f\u00e9rence de Bobo-Dioulasso, fruit de l\u2019amiti\u00e9 sino-burkinab\u00e8, fera la fiert\u00e9 de toutes les composantes sociopolitiques du pays.<br \/>Il est donc plus qu\u2019urgent pour les activistes de tous bords, d\u2019abandonner ce d\u00e9bat sur le sexe des anges, de faire confiance au gouvernement pour d\u00e9cider sereinement de la marche \u00e0 suivre, si l\u2019on ne veut pas tomber dans l\u2019Etat de nature de Hobbes. A Kua, la m\u00e9taphore de l\u2019arbre qui ne doit pas cacher la for\u00eat\u00a0n\u2019a jamais \u00e9t\u00e9 aussi \u00e9difiante. A bon entendeur\u2026<\/p>\n<p>Mahamadi TIEGNA<\/p>\n<div class=\"td-a-rec td-a-rec-id-content_bottom td_uid_31_5cec5a529a6d7_rand td_block_template_1\"><img loading=\"lazy\" decoding=\"async\" class=\"alignright size-full wp-image-1724\" src=\"https:\/\/www.sidwaya.info\/wp-content\/uploads\/2018\/12\/sidwaya-pub.jpg\" alt=\"\" width=\"720\" height=\"90\"\/><\/div>\n<p>Auteur: BM. Sidwaya<br \/>\n<a href=\"https:\/\/www.sidwaya.info\/blog\/2019\/05\/27\/polemique-mal-a-propos\/\">Cliquez ici pour lire l&rsquo;article depuis sa source.<\/a><\/p>\n","protected":false},"excerpt":{"rendered":"<p>Le sujet passionne les Burkinab\u00e8, ces derni\u00e8res semaines. Le d\u00e9classement d\u2019une partie de la for\u00eat de Kua, dans la commune de Bobo-Dioulasso, pour y b\u00e2tir un h\u00f4pital de r\u00e9f\u00e9rence, fait couler beaucoup d\u2019encres et de salives. Entre les \u00abpro\u00bb et les \u00abanti\u00bb d\u00e9classement, le d\u00e9bat est si vif, pour ne pas dire virulent. A telle [&hellip;]<\/p>\n","protected":false},"author":1816,"featured_media":0,"comment_status":"closed","ping_status":"closed","sticky":false,"template":"","format":"standard","meta":{"fifu_image_url":"","fifu_image_alt":"","footnotes":""},"categories":[73,81],"tags":[],"class_list":["post-36984","post","type-post","status-publish","format-standard","hentry","category-actualite","category-burkina-faso"],"_links":{"self":[{"href":"https:\/\/linitiative.ca\/International\/wp-json\/wp\/v2\/posts\/36984","targetHints":{"allow":["GET"]}}],"collection":[{"href":"https:\/\/linitiative.ca\/International\/wp-json\/wp\/v2\/posts"}],"about":[{"href":"https:\/\/linitiative.ca\/International\/wp-json\/wp\/v2\/types\/post"}],"author":[{"embeddable":true,"href":"https:\/\/linitiative.ca\/International\/wp-json\/wp\/v2\/users\/1816"}],"replies":[{"embeddable":true,"href":"https:\/\/linitiative.ca\/International\/wp-json\/wp\/v2\/comments?post=36984"}],"version-history":[{"count":0,"href":"https:\/\/linitiative.ca\/International\/wp-json\/wp\/v2\/posts\/36984\/revisions"}],"wp:attachment":[{"href":"https:\/\/linitiative.ca\/International\/wp-json\/wp\/v2\/media?parent=36984"}],"wp:term":[{"taxonomy":"category","embeddable":true,"href":"https:\/\/linitiative.ca\/International\/wp-json\/wp\/v2\/categories?post=36984"},{"taxonomy":"post_tag","embeddable":true,"href":"https:\/\/linitiative.ca\/International\/wp-json\/wp\/v2\/tags?post=36984"}],"curies":[{"name":"wp","href":"https:\/\/api.w.org\/{rel}","templated":true}]}}