{"id":36985,"date":"2019-05-26T20:38:29","date_gmt":"2019-05-27T00:38:29","guid":{"rendered":"https:\/\/linitiative.ca\/International\/journee-de-lafrique-regards-croises-sur-lintegration-des-peuples\/"},"modified":"2019-05-26T20:38:29","modified_gmt":"2019-05-27T00:38:29","slug":"journee-de-lafrique-regards-croises-sur-lintegration-des-peuples","status":"publish","type":"post","link":"https:\/\/linitiative.ca\/International\/journee-de-lafrique-regards-croises-sur-lintegration-des-peuples\/","title":{"rendered":"Journ\u00e9e de l\u2019Afrique : Regards crois\u00e9s sur l\u2019int\u00e9gration  des peuples"},"content":{"rendered":"<div class=\"td-post-featured-image\"><a href=\"https:\/\/i0.wp.com\/www.sidwaya.info\/wp-content\/uploads\/2019\/05\/phfamille27.jpg?fit=787%2C525&#038;ssl=1\" data-caption=\"\"><img loading=\"lazy\" decoding=\"async\" width=\"696\" height=\"464\" class=\"entry-thumb td-modal-image\" src=\"https:\/\/i0.wp.com\/www.sidwaya.info\/wp-content\/uploads\/2019\/05\/phfamille27.jpg?resize=696%2C464&#038;ssl=1\" srcset=\"https:\/\/i0.wp.com\/www.sidwaya.info\/wp-content\/uploads\/2019\/05\/phfamille27.jpg?w=787&#038;ssl=1 787w, https:\/\/i0.wp.com\/www.sidwaya.info\/wp-content\/uploads\/2019\/05\/phfamille27.jpg?resize=300%2C200&#038;ssl=1 300w, https:\/\/i0.wp.com\/www.sidwaya.info\/wp-content\/uploads\/2019\/05\/phfamille27.jpg?resize=768%2C512&#038;ssl=1 768w, https:\/\/i0.wp.com\/www.sidwaya.info\/wp-content\/uploads\/2019\/05\/phfamille27.jpg?resize=696%2C464&#038;ssl=1 696w, https:\/\/i0.wp.com\/www.sidwaya.info\/wp-content\/uploads\/2019\/05\/phfamille27.jpg?resize=630%2C420&#038;ssl=1 630w\" sizes=\"auto, (max-width: 696px) 100vw, 696px\" alt=\"\" title=\"phfamille27\"\/><\/a><\/div>\n<div class=\"td-a-rec td-a-rec-id-content_top td_uid_30_5cec5a568c5b8_rand td_block_template_1\"><img loading=\"lazy\" decoding=\"async\" class=\"aligncenter size-full wp-image-4463\" src=\"https:\/\/www.sidwaya.info\/wp-content\/uploads\/2019\/02\/FESPACO-TOUR-2019-Bannie%CC%80re-728x90-1.jpg\" alt=\"\" width=\"728\" height=\"90\"\/><\/div>\n<p><strong>Le Premier ministre, Christophe Joseph Marie Dabir\u00e9 a, au nom du pr\u00e9sident du Faso, pr\u00e9sid\u00e9 le samedi 25 mai 2019 \u00e0 Ouagadougou, la c\u00e9r\u00e9monie d\u2019ouverture des activit\u00e9s comm\u00e9moratives de la Journ\u00e9e de l\u2019Afrique et du 44e anniversaire de la Communaut\u00e9 \u00e9conomique des Etats de l\u2019Afrique de l\u2019Ouest (CEDEAO).<\/strong><\/p>\n<p>Comme \u00e0 chaque 25 mai, date d\u2019anniversaire de la cr\u00e9ation de l\u2019Organisation de l\u2019unit\u00e9 africaine (OUA) en 1963, devenue Union africaine (UA) en 2002, le continent noir a c\u00e9l\u00e9br\u00e9 la Journ\u00e9e de l\u2019Afrique, le samedi 25 mai 2019 \u00e0 Ouagadougou. Cette comm\u00e9moration coupl\u00e9e au 44e anniversaire de la Communaut\u00e9 \u00e9conomique des Etats de l\u2019Afrique de l\u2019Ouest (CEDEAO), mise en place le 28 mai 1975, est pr\u00e9vue du 24 au 28 mai 2019 sous le th\u00e8me\u00a0:\u00a0\u00abInt\u00e9gration africaine\u00a0: \u00e9tat des lieux et perspectives\u00bb. Au menu de l\u2019\u00e9v\u00e8nement plac\u00e9 sous le patronage du pr\u00e9sident du Faso, Roch Marc Christian Kabor\u00e9, il est pr\u00e9vu plusieurs communications sur la mise en \u0153uvre de la r\u00e9forme de l\u2019UA, la Zone de libre-\u00e9change continentale (ZLEC), les d\u00e9fis de l\u2019\u00e9ducation des filles dans un contexte de d\u00e9placement forc\u00e9 des populations, la question des r\u00e9fugi\u00e9s et d\u00e9plac\u00e9s internes, la libre circulation des personnes et des biens dans l\u2019espace CEDEAO ainsi que la place de la jeunesse dans les projets et programmes de d\u00e9veloppement de la communaut\u00e9 \u00e9conomique. En outre, une foire d\u2019exposition-vente des produits et mets se tient durant les cinq jours \u00e0 la maison du Peuple. Sur place, des produits d\u2019agriculture bruts et transform\u00e9s, des pagnes, des bijoux, des objets d\u2019art, de musique \u2026 fruits du savoir-faire de plusieurs communaut\u00e9s africaines se laissent d\u00e9couvrir. Pour le repr\u00e9sentant du pr\u00e9sident de la Commission de l\u2019UA, Dr Ahmed Eldekass, la cr\u00e9ation de l\u2019OUA a marqu\u00e9 le r\u00e9veil de l\u2019Afrique, sa prise de conscience de sa force et de l\u2019imp\u00e9ratif de sa dignit\u00e9 dans l\u2019unit\u00e9 apr\u00e8s des si\u00e8cles de domination, d\u2019oppression, d\u2019asservissement et d\u2019exploitation esclavagiste. \u00abNotre vision commune d\u2019une Afrique unie, int\u00e9gr\u00e9e, en paix, prosp\u00e8re, dirig\u00e9e par ses propres citoyens est l\u2019outil irrempla\u00e7able de notre rayonnement sur la sc\u00e8ne internationale. Elle est aussi l\u2019instrument d\u2019acc\u00e9l\u00e9ration de notre int\u00e9gration \u00e0 travers un espace africain de libert\u00e9, d\u2019opportunit\u00e9s, de progr\u00e8s et de d\u00e9veloppement. Notre devoir est donc de nous attaquer de front au paradoxe du continent si riche mais o\u00f9 il y a le plus grand nombre de pays pauvres\u00bb, a-t-il relev\u00e9. Pour ce faire, M. Eldekass a soutenu que l\u2019UA mise sur la ZLEC pour que l\u2019Afrique devienne un grand partenaire incontournable dans le commerce mondial. A l\u2019\u00e9couter, le lancement officiel de la ZLEC interviendra le 7 juillet prochain \u00e0 Niamey.<\/p>\n<p><strong>44 ans au service de l\u2019int\u00e9gration \u00e9conomique<\/strong><\/p>\n<p>Dans la m\u00eame lanc\u00e9e, l\u2019ambassadeur de l\u2019Egypte au Burkina Faso, Ch\u00e9rif Mokhtar, a inform\u00e9 que son pays qui assure la pr\u00e9sidence de l\u2019UA pour la p\u00e9riode 2019-2020, est engag\u00e9 \u00e0 poursuivre le processus de r\u00e9formes institutionnelles et financi\u00e8res de l\u2019institution tout en mettant en place un syst\u00e8me compl\u00e9mentaire d\u2019\u00e9valuation des performances et de garantie de transparence. Ce, a-t-il dit, afin d\u2019avoir une UA plus dynamique, efficace et \u00e0 la hauteur des espoirs du peuple africain. R\u00e9joui par ces perspectives, le repr\u00e9sentant de la CEDEAO, Mohamed Diakit\u00e9, a fait mention des avanc\u00e9es enregistr\u00e9es gr\u00e2ce aux actions de promotion de la coop\u00e9ration et de l\u2019int\u00e9gration \u00e9conomique de la zone, de la libre circulation des personnes et des biens, la construction d\u2019un march\u00e9 commun, l\u2019interconnexion des r\u00e9seaux \u00e9lectriques nationaux, les actions humanitaires au profit des victimes de catastrophes naturelles et de violences. \u00abToutefois, les efforts doivent \u00eatre poursuivis pour consolider, amplifier les acquis et r\u00e9aliser de meilleures performances dans tous les domaines au grand bonheur des 370 millions d\u2019habitants de l\u2019espace \u00e9conomique\u00bb, a-t-il d\u00e9clar\u00e9. Pour sa part, le Premier ministre, Christophe Joseph Marie Dabir\u00e9, repr\u00e9sentant le chef de l\u2019Etat, a soutenu que la c\u00e9l\u00e9bration conjointe de la Journ\u00e9e de l\u2019Afrique et du 44e anniversaire de la CEDEAO magnifie une seule et m\u00eame cause\u00a0: celle d\u2019un continent condamn\u00e9 \u00e0 vaincre l\u2019adversit\u00e9 pour se forger un destin de conqu\u00eate et de bonheur. \u00abLes dynamiques institutionnelles actuelles au sein de l\u2019UA et de la CEDEAO, une des communaut\u00e9s \u00e9conomiques r\u00e9gionales les plus avanc\u00e9es dans le processus d\u2019int\u00e9gration, t\u00e9moignent de la volont\u00e9 et de l\u2019engagement des dirigeants d\u2019aujourd\u2019hui de b\u00e2tir cette Afrique des peuples que nous voulons pour nous-m\u00eames et pour les g\u00e9n\u00e9rations futures\u00bb, a-t-il soulign\u00e9. C\u2019est pourquoi, il a fait savoir qu\u2019il adh\u00e8re \u00e0 l\u2019agenda 2063 de l\u2019UA et \u00e0 la vision de la CEDEAO des peuples \u00e0 l\u2019horizon 2020. Il a de ce fait \u00e9mis le v\u0153u que tous les Etats travaillent \u00e0 l\u2019approfondissement des processus de d\u00e9mocratisation sur le continent, \u00e0 renforcer le respect des droits de l\u2019homme, la lutte contre la corruption et la promotion de la bonne gouvernance.<\/p>\n<p><strong>Eliane SOME<\/strong><br \/><strong>elianesome4@gmail.com<\/strong><\/p>\n<div class=\"td-a-rec td-a-rec-id-content_bottom td_uid_31_5cec5a568c734_rand td_block_template_1\"><img loading=\"lazy\" decoding=\"async\" class=\"alignright size-full wp-image-1724\" src=\"https:\/\/www.sidwaya.info\/wp-content\/uploads\/2018\/12\/sidwaya-pub.jpg\" alt=\"\" width=\"720\" height=\"90\"\/><\/div>\n<p>Auteur: BM. Sidwaya<br \/>\n<a href=\"https:\/\/www.sidwaya.info\/blog\/2019\/05\/27\/journee-de-lafrique-regards-croises-sur-lintegration-des-peuples\/\">Cliquez ici pour lire l&rsquo;article depuis sa source.<\/a><\/p>\n","protected":false},"excerpt":{"rendered":"<p>Le Premier ministre, Christophe Joseph Marie Dabir\u00e9 a, au nom du pr\u00e9sident du Faso, pr\u00e9sid\u00e9 le samedi 25 mai 2019 \u00e0 Ouagadougou, la c\u00e9r\u00e9monie d\u2019ouverture des activit\u00e9s comm\u00e9moratives de la Journ\u00e9e de l\u2019Afrique et du 44e anniversaire de la Communaut\u00e9 \u00e9conomique des Etats de l\u2019Afrique de l\u2019Ouest (CEDEAO). Comme \u00e0 chaque 25 mai, date d\u2019anniversaire [&hellip;]<\/p>\n","protected":false},"author":1816,"featured_media":0,"comment_status":"closed","ping_status":"closed","sticky":false,"template":"","format":"standard","meta":{"fifu_image_url":"","fifu_image_alt":"","footnotes":""},"categories":[73,81],"tags":[],"class_list":["post-36985","post","type-post","status-publish","format-standard","hentry","category-actualite","category-burkina-faso"],"_links":{"self":[{"href":"https:\/\/linitiative.ca\/International\/wp-json\/wp\/v2\/posts\/36985","targetHints":{"allow":["GET"]}}],"collection":[{"href":"https:\/\/linitiative.ca\/International\/wp-json\/wp\/v2\/posts"}],"about":[{"href":"https:\/\/linitiative.ca\/International\/wp-json\/wp\/v2\/types\/post"}],"author":[{"embeddable":true,"href":"https:\/\/linitiative.ca\/International\/wp-json\/wp\/v2\/users\/1816"}],"replies":[{"embeddable":true,"href":"https:\/\/linitiative.ca\/International\/wp-json\/wp\/v2\/comments?post=36985"}],"version-history":[{"count":0,"href":"https:\/\/linitiative.ca\/International\/wp-json\/wp\/v2\/posts\/36985\/revisions"}],"wp:attachment":[{"href":"https:\/\/linitiative.ca\/International\/wp-json\/wp\/v2\/media?parent=36985"}],"wp:term":[{"taxonomy":"category","embeddable":true,"href":"https:\/\/linitiative.ca\/International\/wp-json\/wp\/v2\/categories?post=36985"},{"taxonomy":"post_tag","embeddable":true,"href":"https:\/\/linitiative.ca\/International\/wp-json\/wp\/v2\/tags?post=36985"}],"curies":[{"name":"wp","href":"https:\/\/api.w.org\/{rel}","templated":true}]}}