{"id":36986,"date":"2019-05-26T20:41:17","date_gmt":"2019-05-27T00:41:17","guid":{"rendered":"https:\/\/linitiative.ca\/International\/mine-dor-de-bombore-le-premier-lingot-attendu-en-2020\/"},"modified":"2019-05-26T20:41:17","modified_gmt":"2019-05-27T00:41:17","slug":"mine-dor-de-bombore-le-premier-lingot-attendu-en-2020","status":"publish","type":"post","link":"https:\/\/linitiative.ca\/International\/mine-dor-de-bombore-le-premier-lingot-attendu-en-2020\/","title":{"rendered":"Mine d\u2019or de Bombor\u00e9 : Le premier lingot attendu en 2020"},"content":{"rendered":"<div class=\"td-post-featured-image\"><a href=\"https:\/\/i0.wp.com\/www.sidwaya.info\/wp-content\/uploads\/2019\/05\/orbf027.jpg?fit=787%2C525&#038;ssl=1\" data-caption=\"\"><img loading=\"lazy\" decoding=\"async\" width=\"696\" height=\"464\" class=\"entry-thumb td-modal-image\" src=\"https:\/\/i0.wp.com\/www.sidwaya.info\/wp-content\/uploads\/2019\/05\/orbf027.jpg?resize=696%2C464&#038;ssl=1\" srcset=\"https:\/\/i0.wp.com\/www.sidwaya.info\/wp-content\/uploads\/2019\/05\/orbf027.jpg?w=787&#038;ssl=1 787w, https:\/\/i0.wp.com\/www.sidwaya.info\/wp-content\/uploads\/2019\/05\/orbf027.jpg?resize=300%2C200&#038;ssl=1 300w, https:\/\/i0.wp.com\/www.sidwaya.info\/wp-content\/uploads\/2019\/05\/orbf027.jpg?resize=768%2C512&#038;ssl=1 768w, https:\/\/i0.wp.com\/www.sidwaya.info\/wp-content\/uploads\/2019\/05\/orbf027.jpg?resize=696%2C464&#038;ssl=1 696w, https:\/\/i0.wp.com\/www.sidwaya.info\/wp-content\/uploads\/2019\/05\/orbf027.jpg?resize=630%2C420&#038;ssl=1 630w\" sizes=\"auto, (max-width: 696px) 100vw, 696px\" alt=\"\" title=\"orbf027\"\/><\/a><\/div>\n<div class=\"td-a-rec td-a-rec-id-content_top td_uid_30_5cec5a5a142b2_rand td_block_template_1\"><img loading=\"lazy\" decoding=\"async\" class=\"aligncenter size-full wp-image-4463\" src=\"https:\/\/www.sidwaya.info\/wp-content\/uploads\/2019\/02\/FESPACO-TOUR-2019-Bannie%CC%80re-728x90-1.jpg\" alt=\"\" width=\"728\" height=\"90\"\/><\/div>\n<p><strong>Le Premier ministre, Christophe Joseph Marie Dabir\u00e9, a lanc\u00e9 officiellement, le vendredi 24 mai 2019, les travaux de construction de la mine d\u2019or de Bombor\u00e9, dans la r\u00e9gion du Plateau central. La r\u00e9serve min\u00e9rale est estim\u00e9e \u00e0 31 tonnes.<\/strong><\/p>\n<p>Deux semaines apr\u00e8s le lancement des travaux de construction de la mine d\u2019or de Sanbrado, le 10 mai dernier, la r\u00e9gion du Plateau central enregistre son deuxi\u00e8me site aurif\u00e8re industriel le 24 mai 2019. En effet, le Premier ministre, Christophe Joseph Marie Dabir\u00e9, a lanc\u00e9 officiellement les travaux de construction de la mine d\u2019or de Bombor\u00e9 dans la commune rurale de Mogt\u00e9do. Pour une dur\u00e9e d\u2019exploitation minimum de 12 ans, la r\u00e9serve min\u00e9rale est \u00e9valu\u00e9e \u00e0 31 tonnes d\u2019or brut minimum. Cette 15e mine du Burkina s\u2019est engag\u00e9e \u00e0 construire 2400 unit\u00e9s r\u00e9sidentielles pour 650 familles affect\u00e9es par le projet. Pour le chef du gouvernement, l\u2019entreprise se pr\u00e9occupe du bien-\u00eatre des populations affect\u00e9es. \u00abC\u2019est pourquoi, elle compte investir pour\u00a0la satisfaction des populations. On ne voudrait pas qu\u2019il y ait une enclave de bonheur et de s\u00e9r\u00e9nit\u00e9 aux c\u00f4t\u00e9s de la mis\u00e8re. Sur ce point, je suis heureux de constater que les populations s\u2019en r\u00e9jouissent\u00bb, a-t-il indiqu\u00e9. Ainsi, ce sont des \u00e9coles, des centres de sant\u00e9 et de promotion sociale, des lieux de culte, des forages qui seront construits pour ces populations. Et le Pr\u00e9sident directeur g\u00e9n\u00e9ral (PDG) d\u2019Orezone Bombor\u00e9 S.A, Andr\u00e9 Baya de pr\u00e9ciser que\u00a0plusieurs actions ont \u00e9t\u00e9 men\u00e9es, \u00e0 savoir la formation de 170 jeunes \u00e0 la conduite d\u2019engins lourds, 160 \u00e0 la conduite automobile et 20 forages construits. \u00abUne fois la zone aurif\u00e8re lib\u00e9r\u00e9e \u00e0 la fin de l\u2019ann\u00e9e 2019, la construction de la mine va commencer pour une dur\u00e9e de 21 mois\u00bb, a expliqu\u00e9 le PDG.<\/p>\n<p><strong>La mine couvre 25 km2<\/strong><\/p>\n<p>En effet, selon le ministre des Mines et des Carri\u00e8res, Oumarou Idani, le permis d\u2019exploitation de la mine couvre une superficie de 25 km2 et elle se fera en carri\u00e8re \u00e0 ciel ouvert. \u00abC\u2019est 700 emplois qu\u2019elle va g\u00e9n\u00e9rer pendant la construction et 620 emplois directs durant l\u2019exploitation dont 90% de nationaux\u00bb, a-t-il soulign\u00e9. Il a confi\u00e9 que l\u2019entreprise va payer au titre des recettes fiscales 144\u00a0milliards FCFA \u00e0 l\u2019Etat. Il est \u00e9galement attendu une contribution pour le fonds minier de d\u00e9veloppement local de 7 milliards de FCFA. A ce sujet, M. Baya a rassur\u00e9 les populations que son entreprise sera en r\u00e8gle avec le quota de 1% demand\u00e9. Quant au budget allou\u00e9 pour la mise en \u0153uvre du plan d\u2019action et de r\u00e9installation des populations affect\u00e9es, il est estim\u00e9 \u00e0 12\u00a0milliards FCFA alors que celui affect\u00e9 au fonds de r\u00e9habilitation et de fermeture s\u2019\u00e9l\u00e8ve \u00e0 8\u00a0milliards FCFA. \u00abAujourd\u2019hui, le secteur minier est la locomotive de la mise en \u0153uvre du Plan national de d\u00e9veloppement \u00e9conomique et social (PNDES). Certes, il existe des d\u00e9fis s\u00e9curitaires, mais cela n\u2019emp\u00eache pas que des partenaires viennent investir au Burkina Faso. La construction de la pr\u00e9sente mine est un signe que nous continuons de r\u00e9sister \u00e0 l\u2019adversit\u00e9\u00bb, a d\u00e9clar\u00e9 le Premier ministre Dabir\u00e9. Pour r\u00e9ussir le projet, \u00e0 entendre le ministre Idani, il est imp\u00e9ratif d\u2019entretenir avec les populations un dialogue franc pour une r\u00e9elle int\u00e9gration du projet et de savoir raison garder pour \u00e9viter de remettre en cause le vivre-ensemble. Il a annonc\u00e9 que l\u2019entr\u00e9e en production et la coul\u00e9e du 1er lingot sont attendues avant fin 2020.<\/p>\n<p><strong>Fleur BIRBA<\/strong><br \/><strong>fleurbirba@gmail.com<\/strong><\/p>\n<div class=\"td-a-rec td-a-rec-id-content_bottom td_uid_31_5cec5a5a1445f_rand td_block_template_1\"><img loading=\"lazy\" decoding=\"async\" class=\"alignright size-full wp-image-1724\" src=\"https:\/\/www.sidwaya.info\/wp-content\/uploads\/2018\/12\/sidwaya-pub.jpg\" alt=\"\" width=\"720\" height=\"90\"\/><\/div>\n<p>Auteur: BM. Sidwaya<br \/>\n<a href=\"https:\/\/www.sidwaya.info\/blog\/2019\/05\/27\/construction-de-la-mine-dor-de-bombore-le-premier-lingot-attendu-en-2020\/\">Cliquez ici pour lire l&rsquo;article depuis sa source.<\/a><\/p>\n","protected":false},"excerpt":{"rendered":"<p>Le Premier ministre, Christophe Joseph Marie Dabir\u00e9, a lanc\u00e9 officiellement, le vendredi 24 mai 2019, les travaux de construction de la mine d\u2019or de Bombor\u00e9, dans la r\u00e9gion du Plateau central. La r\u00e9serve min\u00e9rale est estim\u00e9e \u00e0 31 tonnes. Deux semaines apr\u00e8s le lancement des travaux de construction de la mine d\u2019or de Sanbrado, le [&hellip;]<\/p>\n","protected":false},"author":1816,"featured_media":0,"comment_status":"closed","ping_status":"closed","sticky":false,"template":"","format":"standard","meta":{"fifu_image_url":"","fifu_image_alt":"","footnotes":""},"categories":[73,81],"tags":[],"class_list":["post-36986","post","type-post","status-publish","format-standard","hentry","category-actualite","category-burkina-faso"],"_links":{"self":[{"href":"https:\/\/linitiative.ca\/International\/wp-json\/wp\/v2\/posts\/36986","targetHints":{"allow":["GET"]}}],"collection":[{"href":"https:\/\/linitiative.ca\/International\/wp-json\/wp\/v2\/posts"}],"about":[{"href":"https:\/\/linitiative.ca\/International\/wp-json\/wp\/v2\/types\/post"}],"author":[{"embeddable":true,"href":"https:\/\/linitiative.ca\/International\/wp-json\/wp\/v2\/users\/1816"}],"replies":[{"embeddable":true,"href":"https:\/\/linitiative.ca\/International\/wp-json\/wp\/v2\/comments?post=36986"}],"version-history":[{"count":0,"href":"https:\/\/linitiative.ca\/International\/wp-json\/wp\/v2\/posts\/36986\/revisions"}],"wp:attachment":[{"href":"https:\/\/linitiative.ca\/International\/wp-json\/wp\/v2\/media?parent=36986"}],"wp:term":[{"taxonomy":"category","embeddable":true,"href":"https:\/\/linitiative.ca\/International\/wp-json\/wp\/v2\/categories?post=36986"},{"taxonomy":"post_tag","embeddable":true,"href":"https:\/\/linitiative.ca\/International\/wp-json\/wp\/v2\/tags?post=36986"}],"curies":[{"name":"wp","href":"https:\/\/api.w.org\/{rel}","templated":true}]}}