{"id":36987,"date":"2019-05-26T20:45:36","date_gmt":"2019-05-27T00:45:36","guid":{"rendered":"https:\/\/linitiative.ca\/International\/education-nationale-le-personnel-sera-redeploye\/"},"modified":"2019-05-26T20:45:36","modified_gmt":"2019-05-27T00:45:36","slug":"education-nationale-le-personnel-sera-redeploye","status":"publish","type":"post","link":"https:\/\/linitiative.ca\/International\/education-nationale-le-personnel-sera-redeploye\/","title":{"rendered":"Education nationale : le personnel sera red\u00e9ploy\u00e9"},"content":{"rendered":"<div class=\"td-post-featured-image\"><a href=\"https:\/\/i0.wp.com\/www.sidwaya.info\/wp-content\/uploads\/2019\/05\/societe27.jpg?fit=787%2C525&#038;ssl=1\" data-caption=\"\"><img loading=\"lazy\" decoding=\"async\" width=\"696\" height=\"464\" class=\"entry-thumb td-modal-image\" src=\"https:\/\/i0.wp.com\/www.sidwaya.info\/wp-content\/uploads\/2019\/05\/societe27.jpg?resize=696%2C464&#038;ssl=1\" srcset=\"https:\/\/i0.wp.com\/www.sidwaya.info\/wp-content\/uploads\/2019\/05\/societe27.jpg?w=787&#038;ssl=1 787w, https:\/\/i0.wp.com\/www.sidwaya.info\/wp-content\/uploads\/2019\/05\/societe27.jpg?resize=300%2C200&#038;ssl=1 300w, https:\/\/i0.wp.com\/www.sidwaya.info\/wp-content\/uploads\/2019\/05\/societe27.jpg?resize=768%2C512&#038;ssl=1 768w, https:\/\/i0.wp.com\/www.sidwaya.info\/wp-content\/uploads\/2019\/05\/societe27.jpg?resize=696%2C464&#038;ssl=1 696w, https:\/\/i0.wp.com\/www.sidwaya.info\/wp-content\/uploads\/2019\/05\/societe27.jpg?resize=630%2C420&#038;ssl=1 630w\" sizes=\"auto, (max-width: 696px) 100vw, 696px\" alt=\"\" title=\"societe27\"\/><\/a><\/div>\n<div class=\"td-a-rec td-a-rec-id-content_top td_uid_30_5cec5a5d8f0a6_rand td_block_template_1\"><img loading=\"lazy\" decoding=\"async\" class=\"aligncenter size-full wp-image-4463\" src=\"https:\/\/www.sidwaya.info\/wp-content\/uploads\/2019\/02\/FESPACO-TOUR-2019-Bannie%CC%80re-728x90-1.jpg\" alt=\"\" width=\"728\" height=\"90\"\/><\/div>\n<p><strong>Le Minist\u00e8re de l\u2019Education nationale, de l\u2019Alphab\u00e9tisation et de la Promotion des langues nationales (MENAPLN) a organis\u00e9, le dimanche 26 mai 2019, \u00e0 Ouagadougou, un atelier national sur la gestion rationnelle des ressources humaines.<\/strong><\/p>\n<p>Au Minist\u00e8re en charge de l\u2019\u00e9ducation nationale, de l\u2019alphab\u00e9tisation et de la promotion des langues nationales (MENAPLN), la gestion du personnel pr\u00e9occupe. Avec l\u2019appui du d\u00e9partement charg\u00e9 de la fonction publique, il a \u00e9t\u00e9 r\u00e9alis\u00e9 un recensement g\u00e9ographique des agents et une description des postes de travail. Les r\u00e9sultats provisoires dudit recensement ont \u00e9t\u00e9 pr\u00e9sent\u00e9s, le dimanche 26 mai 2019 \u00e0 Ouagadougou, \u00e0 un conseil de cabinet \u00e9largi aux structures centrales, d\u00e9concentr\u00e9es et rattach\u00e9es du minist\u00e8re. Il est ressorti, \u00e0 titre d\u2019exemple, que 928 enseignants sont effectivement pr\u00e9sents dans 461 salles de classe, au niveau pr\u00e9scolaire. Au primaire, 62 999 enseignants s\u2019occupent de\u00a052 230 salles de classe. Math\u00e9matiquement, en appliquant la r\u00e8gle d\u2019un enseignant par classe, aucun d\u00e9ficit de personnel ne devrait se poser, a not\u00e9 le ministre en charge de l\u2019\u00e9ducation nationale, Stanislas Ouaro.\u00a0Mais, \u00e0 c\u00f4t\u00e9 de la pl\u00e9thore d\u2019agents constat\u00e9e dans certaines structures, on assiste parall\u00e8lement \u00e0 un manque de personnel dans d\u2019autres, a-t-il ajout\u00e9. Pr Ouaro a soulign\u00e9, le cas de cet \u00e9tablissement professionnel o\u00f9 le volume horaire le plus \u00e9lev\u00e9 des enseignants est de 11 heures. D\u2019autres n\u2019ont seulement que deux heures par semaine, alors qu\u2019ils devraient faire 22 heures. \u00abEn plus, il y a les enseignants qui sont dans les bureaux. Et, il y a ceux qui ne font rien depuis un certain temps, \u00e0 cause du contexte s\u00e9curitaire. Mais \u00e0 cot\u00e9 de ceux-ci, il y en a qui ne font v\u00e9ritablement rien\u00a0du tout. Ils sont l\u00e0 depuis des ann\u00e9es, mais ils ne font absolument rien\u00bb, a d\u00e9plor\u00e9 le ministre Ouaro. Pour rectifier le tir, il envisage de red\u00e9ployer ces agents, \u00abde fa\u00e7on progressive (\u2026) et avec toutes les pr\u00e9cautions de justice sociale et d\u2019\u00e9quit\u00e9\u00bb. Le minist\u00e8re charg\u00e9 de l\u2019\u00e9ducation nationale, c\u2019est un effectif de plus de 110\u00a0000 agents, soit plus de la moiti\u00e9 des agents de l\u2019Etat. Le ministre de la Fonction publique, du Travail et de la Protection sociale, Pr S\u00e9ni Mahamadou Ou\u00e9draogo a relev\u00e9 une \u00abin\u00e9quitable r\u00e9partition\u00bb de ceux-ci, avec une grande concentration dans les centres urbains ou les chefs-lieux de r\u00e9gion et un d\u00e9ficit dans les zones rurales. Pour lui, les r\u00e9sultats provisoires du recensement invitent \u00e0 repenser le mode de gestion des agents publics en faisant une r\u00e9partition g\u00e9ographique et administrative juste et \u00e9quitable de ceux-ci. \u00abIl faudra particuli\u00e8rement veiller \u00e0 ce que chaque agent occupe effectivement le poste de travail correspondant \u00e0 sa fiche de poste\u00bb, a soulign\u00e9 Pr Ou\u00e9draogo. Le pr\u00e9sent atelier national vise \u00e0 d\u00e9finir une feuille de route qui permettra d\u2019aller de fa\u00e7on consensuelle vers un red\u00e9ploiement du personnel. Celle-ci sera transmise au d\u00e9partement de la Fonction publique pour \u00eatre soumise en Conseil des ministres.<\/p>\n<p>L\u2019hommage du Premier ministre<\/p>\n<p>En sus de la gestion des ressources humaines, le conseil de cabinent du MENAPLN s\u2019est pench\u00e9 sur l\u2019organisation des examens de fin d\u2019ann\u00e9e scolaire et du prolongement de quatre jours de la fin de l\u2019ann\u00e9e scolaire pour les compositions des examens de passage. La gestion des cantines scolaires, confi\u00e9es aux communes et le nouvel organigramme\u00a0et la question des langues nationales\u00a0ont \u00e9t\u00e9 examin\u00e9s. Le minist\u00e8re a \u00e9galement soumis \u00e0 la centaine de participants sa strat\u00e9gie de scolarisation des \u00e9l\u00e8ves des zones \u00e0 forts d\u00e9fis s\u00e9curitaires. A la date du 17 mai 2019, 1933 \u00e9tablissements scolaires sont ferm\u00e9s, d\u00e9scolarisant ainsi 326 152 \u00e9l\u00e8ves et affectant 9042 enseignants, a indiqu\u00e9 le ministre Stanislas Ouaro. \u00abAu moment o\u00f9 il faut se mettre en ordre de bataille pour de nouveaux d\u00e9fis, les attaques terroristes vident nos \u00e9l\u00e8ves des classes, saccagent nos infrastructures scolaires et tuent nos braves et jeunes enseignants\u00bb, s\u2019est indign\u00e9 Pr Ouaro. Le Premier ministre, Christophe Dabir\u00e9, pr\u00e9sent \u00e0 l\u2019ouverture des travaux, a t\u00e9moign\u00e9 son attachement et traduit ses encouragements au personnel de l\u2019\u00e9ducation. \u00abApr\u00e8s les populations et les Forces de d\u00e9fense et s\u00e9curit\u00e9, ce sont les enseignants qui ont pay\u00e9 le lourd tribu des terroristes\u00bb, a-t-il soutenu.<\/p>\n<p>Djakaridia SIRIBIE<br \/>dsiribie15@gmail.com<\/p>\n<div class=\"td-a-rec td-a-rec-id-content_bottom td_uid_31_5cec5a5d8f254_rand td_block_template_1\"><img loading=\"lazy\" decoding=\"async\" class=\"alignright size-full wp-image-1724\" src=\"https:\/\/www.sidwaya.info\/wp-content\/uploads\/2018\/12\/sidwaya-pub.jpg\" alt=\"\" width=\"720\" height=\"90\"\/><\/div>\n<p>Auteur: BM. Sidwaya<br \/>\n<a href=\"https:\/\/www.sidwaya.info\/blog\/2019\/05\/27\/ministere-en-charge-de-leducation\/\">Cliquez ici pour lire l&rsquo;article depuis sa source.<\/a><\/p>\n","protected":false},"excerpt":{"rendered":"<p>Le Minist\u00e8re de l\u2019Education nationale, de l\u2019Alphab\u00e9tisation et de la Promotion des langues nationales (MENAPLN) a organis\u00e9, le dimanche 26 mai 2019, \u00e0 Ouagadougou, un atelier national sur la gestion rationnelle des ressources humaines. Au Minist\u00e8re en charge de l\u2019\u00e9ducation nationale, de l\u2019alphab\u00e9tisation et de la promotion des langues nationales (MENAPLN), la gestion du personnel [&hellip;]<\/p>\n","protected":false},"author":1816,"featured_media":0,"comment_status":"closed","ping_status":"closed","sticky":false,"template":"","format":"standard","meta":{"fifu_image_url":"","fifu_image_alt":"","footnotes":""},"categories":[73,81],"tags":[],"class_list":["post-36987","post","type-post","status-publish","format-standard","hentry","category-actualite","category-burkina-faso"],"_links":{"self":[{"href":"https:\/\/linitiative.ca\/International\/wp-json\/wp\/v2\/posts\/36987","targetHints":{"allow":["GET"]}}],"collection":[{"href":"https:\/\/linitiative.ca\/International\/wp-json\/wp\/v2\/posts"}],"about":[{"href":"https:\/\/linitiative.ca\/International\/wp-json\/wp\/v2\/types\/post"}],"author":[{"embeddable":true,"href":"https:\/\/linitiative.ca\/International\/wp-json\/wp\/v2\/users\/1816"}],"replies":[{"embeddable":true,"href":"https:\/\/linitiative.ca\/International\/wp-json\/wp\/v2\/comments?post=36987"}],"version-history":[{"count":0,"href":"https:\/\/linitiative.ca\/International\/wp-json\/wp\/v2\/posts\/36987\/revisions"}],"wp:attachment":[{"href":"https:\/\/linitiative.ca\/International\/wp-json\/wp\/v2\/media?parent=36987"}],"wp:term":[{"taxonomy":"category","embeddable":true,"href":"https:\/\/linitiative.ca\/International\/wp-json\/wp\/v2\/categories?post=36987"},{"taxonomy":"post_tag","embeddable":true,"href":"https:\/\/linitiative.ca\/International\/wp-json\/wp\/v2\/tags?post=36987"}],"curies":[{"name":"wp","href":"https:\/\/api.w.org\/{rel}","templated":true}]}}