{"id":36988,"date":"2019-05-26T20:52:32","date_gmt":"2019-05-27T00:52:32","guid":{"rendered":"https:\/\/linitiative.ca\/International\/ministere-de-leconomie-des-finances-et-du-developpement\/"},"modified":"2019-05-26T20:52:32","modified_gmt":"2019-05-27T00:52:32","slug":"ministere-de-leconomie-des-finances-et-du-developpement","status":"publish","type":"post","link":"https:\/\/linitiative.ca\/International\/ministere-de-leconomie-des-finances-et-du-developpement\/","title":{"rendered":"Minist\u00e8re de l\u2019Economie, des Finances et du D\u00e9veloppement"},"content":{"rendered":"<div class=\"td-post-featured-image\"><a href=\"https:\/\/i1.wp.com\/www.sidwaya.info\/wp-content\/uploads\/2019\/05\/casem27.jpg?fit=787%2C590&#038;ssl=1\" data-caption=\"\"><img loading=\"lazy\" decoding=\"async\" width=\"696\" height=\"522\" class=\"entry-thumb td-modal-image\" src=\"https:\/\/i1.wp.com\/www.sidwaya.info\/wp-content\/uploads\/2019\/05\/casem27.jpg?resize=696%2C522&#038;ssl=1\" srcset=\"https:\/\/i1.wp.com\/www.sidwaya.info\/wp-content\/uploads\/2019\/05\/casem27.jpg?w=787&#038;ssl=1 787w, https:\/\/i1.wp.com\/www.sidwaya.info\/wp-content\/uploads\/2019\/05\/casem27.jpg?resize=300%2C225&#038;ssl=1 300w, https:\/\/i1.wp.com\/www.sidwaya.info\/wp-content\/uploads\/2019\/05\/casem27.jpg?resize=768%2C576&#038;ssl=1 768w, https:\/\/i1.wp.com\/www.sidwaya.info\/wp-content\/uploads\/2019\/05\/casem27.jpg?resize=80%2C60&#038;ssl=1 80w, https:\/\/i1.wp.com\/www.sidwaya.info\/wp-content\/uploads\/2019\/05\/casem27.jpg?resize=265%2C198&#038;ssl=1 265w, https:\/\/i1.wp.com\/www.sidwaya.info\/wp-content\/uploads\/2019\/05\/casem27.jpg?resize=696%2C522&#038;ssl=1 696w, https:\/\/i1.wp.com\/www.sidwaya.info\/wp-content\/uploads\/2019\/05\/casem27.jpg?resize=560%2C420&#038;ssl=1 560w\" sizes=\"auto, (max-width: 696px) 100vw, 696px\" alt=\"\" title=\"casem27\"\/><\/a><\/div>\n<div class=\"td-a-rec td-a-rec-id-content_top td_uid_30_5cec5a62df61f_rand td_block_template_1\"><img loading=\"lazy\" decoding=\"async\" class=\"aligncenter size-full wp-image-4463\" src=\"https:\/\/www.sidwaya.info\/wp-content\/uploads\/2019\/02\/FESPACO-TOUR-2019-Bannie%CC%80re-728x90-1.jpg\" alt=\"\" width=\"728\" height=\"90\"\/><\/div>\n<p><strong>Le ministre de l\u2019Economie, des Finances et du D\u00e9veloppement, Lassan\u00e9 Kabor\u00e9, a pr\u00e9sid\u00e9 le 23 mai dernier \u00e0 Koudougou, les travaux de la premi\u00e8re session ordinaire de l\u2019ann\u00e9e 2019 du Conseil d\u2019administration du secteur minist\u00e9riel (CASEM) de son d\u00e9partement.<\/strong><\/p>\n<p>Les travailleurs du minist\u00e8re de l\u2019Economie, des Finances et du D\u00e9veloppement ont travaill\u00e9 durant la journ\u00e9e du 23 mai sur trois points majeurs. Il s\u2019est agi de l\u2019examen et de l\u2019adoption du rapport de mise en \u0153uvre du Plan de travail annuel (PTA) 2019 au 31 mars\u00a0; d\u2019\u00e9changes sur le th\u00e8me du CASEM\/ \u00abCoh\u00e9sion sociale et performance des administrations\u00a0: enjeux d\u00e9fis et perspectives au MINEFID\u00bb et les questions diverses sur la vie de leur d\u00e9partement. Le ministre Kabor\u00e9 a rendu hommage \u00e0 l\u2019ensemble des administrateurs et agents de son d\u00e9partement, qui, en d\u00e9pit des difficult\u00e9s, ont pu atteindre des r\u00e9sultats jug\u00e9s satisfaisants. Le ministre a reconnu que les r\u00e9sultats seraient encore meilleurs si son d\u00e9partement n\u2019avait pas connu une certaine \u00e9bullition sur le front social. Il a \u00e9galement \u00e9voqu\u00e9 l\u2019ins\u00e9curit\u00e9 qui emp\u00eache certains maillons de l\u2019administration de d\u00e9rouler leurs activit\u00e9s sur le terrain. En tout \u00e9tat de cause, la vision de son d\u00e9partement est de faire du MINEFID une administration moderne, performante et solidaire impulsant une dynamique \u00e9conomique et sociale novatrice, porteuse d\u2019une croissance inclusive. Se pronon\u00e7ant sur la crise qui a secou\u00e9 son minist\u00e8re, Lassan\u00e9 Kabor\u00e9 s\u2019est r\u00e9joui de la s\u00e9r\u00e9nit\u00e9 retrouv\u00e9e et de la reprise effective du travail \u00e0 tous les niveaux. Il s\u2018est dit convaincu que les choses rentreront d\u00e9finitivement dans l\u2019ordre au regard de la d\u00e9termination et de l\u2019engagement de tous les acteurs au travail. Il a affirm\u00e9 que c\u2019est pour accompagner cet engagement des acteurs que le th\u00e8me du CASEM\u00a0: \u00abCoh\u00e9sion sociale et performance des administrations: enjeux, d\u00e9fis et perspectives au MINEFID\u00bb a \u00e9t\u00e9 retenu. Un th\u00e8me qui, selon le ministre, a pour objectif de permettre aux administrateurs du CASEM de mener la r\u00e9flexion et proposer des pistes de solutions pour promouvoir le vivre-ensemble et renforcer le sentiment d\u2019appartenance \u00e0 une seule et m\u00eame famille.<\/p>\n<p>Des r\u00e9sultats encourageants, malgr\u00e9 la crise<\/p>\n<p>Abordant le premier point inscrit \u00e0 l\u2019ordre du jour du CASEM, \u00e0 savoir l\u2019examen du rapport trimestriel, il ressort que les taux d\u2019ex\u00e9cution physique et financier sont respectivement de 17,52 % et 1,37%. En d\u00e9pit de ces taux relativement faibles, le rapport trimestriel indique que des r\u00e9sultats importants ont cependant \u00e9t\u00e9 enregistr\u00e9s. Il s\u2019agit, entre autres, du recouvrement de 369,58 milliards FCFA par les r\u00e9gies, avec un taux de 99,31% par rapport \u00e0 la pr\u00e9vision trimestrielle\u00a0; du financement de 19 startups\u00a0; de la baisse du stock des Restes \u00e0 recouvrer (RAR) qui est pass\u00e9 de 363,325 milliards FCFA au 31 d\u00e9cembre 2018 \u00e0 328,616 milliards FCFA pour l\u2019ann\u00e9e en cours. Et le rapport de pr\u00e9ciser que ces r\u00e9sultats ont \u00e9t\u00e9 limit\u00e9s par le climat social d\u00e9l\u00e9t\u00e8re qu\u2019a connu le minist\u00e8re durant tout le premier trimestre 2019 et l\u2019ins\u00e9curit\u00e9 grandissante qui a affaibli certains maillons du d\u00e9partement. Et pour rattraper le retard ou le d\u00e9ficit, le CASEM a pris l\u2019engagement que l\u2019ensemble des acteurs du MINIFID poursuivra avec d\u00e9termination les efforts de mise en \u0153uvre des r\u00e9formes visant l\u2019am\u00e9lioration de la mobilisation des ressources, notamment\u00a0l\u2019op\u00e9rationnalisation de la facture normalis\u00e9e, l\u2019op\u00e9rationnalisation du projet cadastre fiscal et l\u2019\u00e9laboration d\u2019une strat\u00e9gie de renforcement du civisme fiscal. Il poursuivra \u00e9galement la s\u00e9lection et le financement des Startups ainsi que la r\u00e9alisation des enqu\u00eates d\u2019envergure nationale. Parmi les chantiers, figurent \u00e9galement la poursuite de la d\u00e9mat\u00e9rialisation des proc\u00e9dures de passation des march\u00e9s publics et la r\u00e9alisation de l\u2019audit financier et comptable de soixante structures de l\u2019Etat et de ses d\u00e9membrements. Des \u00e9changes, il est ressorti des d\u00e9bats que le choix du th\u00e8me se justifie par la n\u00e9cessit\u00e9 de trouver des r\u00e9ponses ad\u00e9quates et durables pour la coh\u00e9sion sociale au regard de la r\u00e9surgence des remous au sein du MINEFID et de ses effets induits sur l\u2019\u00e9conomie et la r\u00e9alisation des r\u00e9sultats du Plan national de d\u00e9veloppement \u00a0\u00e9conomique et social (PNDES).<br \/>Les administrateurs ont analys\u00e9 les facteurs de coh\u00e9sion sociale au sein du MINEFID et les difficult\u00e9s dans l\u2019objectif de proposer des actions dont la mise en \u0153uvre permettra d\u2019\u00e9tablir d\u00e9finitivement un climat social apais\u00e9.<\/p>\n<p>Fran\u00e7ois KABORE<\/p>\n<div class=\"td-a-rec td-a-rec-id-content_bottom td_uid_31_5cec5a62df7b2_rand td_block_template_1\"><img loading=\"lazy\" decoding=\"async\" class=\"alignright size-full wp-image-1724\" src=\"https:\/\/www.sidwaya.info\/wp-content\/uploads\/2018\/12\/sidwaya-pub.jpg\" alt=\"\" width=\"720\" height=\"90\"\/><\/div>\n<p>Auteur: BM. Sidwaya<br \/>\n<a href=\"https:\/\/www.sidwaya.info\/blog\/2019\/05\/27\/ministere-de-leconomie-des-finances-et-du-developpement\/\">Cliquez ici pour lire l&rsquo;article depuis sa source.<\/a><\/p>\n","protected":false},"excerpt":{"rendered":"<p>Le ministre de l\u2019Economie, des Finances et du D\u00e9veloppement, Lassan\u00e9 Kabor\u00e9, a pr\u00e9sid\u00e9 le 23 mai dernier \u00e0 Koudougou, les travaux de la premi\u00e8re session ordinaire de l\u2019ann\u00e9e 2019 du Conseil d\u2019administration du secteur minist\u00e9riel (CASEM) de son d\u00e9partement. Les travailleurs du minist\u00e8re de l\u2019Economie, des Finances et du D\u00e9veloppement ont travaill\u00e9 durant la journ\u00e9e [&hellip;]<\/p>\n","protected":false},"author":1816,"featured_media":0,"comment_status":"closed","ping_status":"closed","sticky":false,"template":"","format":"standard","meta":{"fifu_image_url":"","fifu_image_alt":"","footnotes":""},"categories":[73,81],"tags":[],"class_list":["post-36988","post","type-post","status-publish","format-standard","hentry","category-actualite","category-burkina-faso"],"_links":{"self":[{"href":"https:\/\/linitiative.ca\/International\/wp-json\/wp\/v2\/posts\/36988","targetHints":{"allow":["GET"]}}],"collection":[{"href":"https:\/\/linitiative.ca\/International\/wp-json\/wp\/v2\/posts"}],"about":[{"href":"https:\/\/linitiative.ca\/International\/wp-json\/wp\/v2\/types\/post"}],"author":[{"embeddable":true,"href":"https:\/\/linitiative.ca\/International\/wp-json\/wp\/v2\/users\/1816"}],"replies":[{"embeddable":true,"href":"https:\/\/linitiative.ca\/International\/wp-json\/wp\/v2\/comments?post=36988"}],"version-history":[{"count":0,"href":"https:\/\/linitiative.ca\/International\/wp-json\/wp\/v2\/posts\/36988\/revisions"}],"wp:attachment":[{"href":"https:\/\/linitiative.ca\/International\/wp-json\/wp\/v2\/media?parent=36988"}],"wp:term":[{"taxonomy":"category","embeddable":true,"href":"https:\/\/linitiative.ca\/International\/wp-json\/wp\/v2\/categories?post=36988"},{"taxonomy":"post_tag","embeddable":true,"href":"https:\/\/linitiative.ca\/International\/wp-json\/wp\/v2\/tags?post=36988"}],"curies":[{"name":"wp","href":"https:\/\/api.w.org\/{rel}","templated":true}]}}