{"id":37021,"date":"2019-05-27T06:40:25","date_gmt":"2019-05-27T10:40:25","guid":{"rendered":"https:\/\/linitiative.ca\/International\/prix-simone-veil-la-france-reaffirme-son-soutien-a-aissa-doumara\/"},"modified":"2019-05-27T06:40:25","modified_gmt":"2019-05-27T10:40:25","slug":"prix-simone-veil-la-france-reaffirme-son-soutien-a-aissa-doumara","status":"publish","type":"post","link":"https:\/\/linitiative.ca\/International\/prix-simone-veil-la-france-reaffirme-son-soutien-a-aissa-doumara\/","title":{"rendered":"Prix Simone Veil : la France r\u00e9affirme son soutien \u00e0 A\u00efssa Doumara"},"content":{"rendered":"<p><strong>A\u00efssa Doumara Ngantansou<\/strong>, laur\u00e9ate du premier prix Simone Veil, a \u00e9t\u00e9 re\u00e7ue r\u00e9cemment par <strong>Gilles Thibault<\/strong>, l\u2019ambassadeur de France au Cameroun. Au cours de cette c\u00e9r\u00e9monie salu\u00e9e par la pr\u00e9sence de <strong>Marie Th\u00e9r\u00e8se Abena Ondoua<\/strong>, ministre de la Promotion de la Femme et de la Famille, le diplomate a rassur\u00e9 la combattante des droits de la femme du soutien inconditionnel de son pays en ce qui concerne sa lutte : \u00ab <em>Sachez ch\u00e8re A\u00efssa, que bien au-del\u00e0 de ce prix, la France se tient \u00e0 vos c\u00f4t\u00e9s, comme elle se tient aux c\u00f4t\u00e9s de toute personne qui partage votre combat et vos valeurs. Plus que jamais, la France, \u00e0 travers cette ambassade, soutient la lutte contre les violences et discriminations, et accompagne les actions comme la v\u00f4tre, port\u00e9es par la soci\u00e9t\u00e9 civile camerounaise<\/em> \u00bb, a-t-il d\u00e9clar\u00e9 officiellement.<br \/>Par ailleurs, Gilles Thibault a indiqu\u00e9 qu\u2019au-del\u00e0 de l\u2019engagement de la France au sein des institutions internationales telles que <strong>Onu-Femmes<\/strong>, le pays soutiendra la cr\u00e9ation d\u2019une banque qui servira \u00e0 promouvoir l\u2019entreprenariat f\u00e9minin sur le continent africain. Des promesses bien accueillies par la laur\u00e9ate du premier prix Simone Veil, qui, rappelant les maux auxquels font face certaines femmes, n\u2019a pas manqu\u00e9 d\u2019\u00e9grener un chapelet de dol\u00e9ances. Entre autres, la mise en application stricte de lois sp\u00e9cifiques contre les diff\u00e9rentes violences faites aux femmes, et le renforcement des ressources des organisations \u00e9tatiques qui encadrent le gente f\u00e9minine.<\/p>\n<hr\/>\n<h4><strong>>> Lire aussi \u2013 <a title=\"Distinction : Dja\u00efli Amadou Amal, l\u2019\u00e9crivaine remporte le Prix Orange du livre en Afrique\" href=\"https:\/\/ecomatin.net\/distinction-djaili-amadou-amal-lecrivaine-remporte-le-prix-orange-du-livre-en-afrique\/\" target=\"_blank\" rel=\"noopener noreferrer\">Distinction : Dja\u00efli Amadou Amal, l\u2019\u00e9crivaine remporte le Prix Orange du livre en Afrique<\/a><br \/><\/strong><\/h4>\n<hr\/>\n<p>Bas\u00e9e dans la r\u00e9gion de l\u2019Extr\u00eame-Nord, o\u00f9 elle coordonne l\u2019Association de lutte contre les violences faites aux femmes (<strong>Alvf<\/strong>), Aissatou Doumara, m\u00e8re de 3 enfants, mari\u00e9e elle-m\u00eame de force alors qu\u2019elle n\u2019\u00e9tait encore qu\u2019une jeune fille, est engag\u00e9e depuis plus de 20 ans dans la lutte contre les mariages forc\u00e9s et les violences sexuelles contre les femmes.<br \/>C\u2019est en effet le 08 mars dernier, \u00e0 l\u2019occasion de la journ\u00e9e internationale des droits des femmes qu\u2019Emmanuel Macron, pr\u00e9sident de la R\u00e9publique fran\u00e7aise, lui a d\u00e9cern\u00e9 le tout premier Prix Simone Veil, pour l\u2019\u00e9galit\u00e9 homme-femme, devant plusieurs dizaines de femmes, qui comme elle, m\u00e8nent un combat \u00e0 travers le monde pour la d\u00e9fense des droits des femmes.<br \/>N\u00e9 en 1972, dans le Nord Cameroun, Aissa Doumara dirige depuis plus de 2 d\u00e9cennies l\u2019Association de lutte contre les violences faites aux femmes (Avlf). Pr\u00e9sente dans six d\u00e9partements de l\u2019Extr\u00eame-Nord, l\u2019Avlf apporte aux jeunes filles, un soutien psychologique, une formation professionnelle, et un accompagnement \u00e0 la cr\u00e9ation des microentreprises.<\/p>\n<div class=\"about-author about-author-box container-wrapper\">\n<div class=\"author-avatar\">\n<p><img decoding=\"async\" src=\"http:\/\/\" alt=\"\"\/><\/p>\n<\/div>\n<p><h4>La R\u00e9daction EcoMatin<\/h4>\n<\/p>\n<\/div>\n<div class=\"awac-wrapper awac widget blog_subscription-2\">\n<h4 class=\"widget-title\">Abonnez-vous \u00e0 notre lettre d&rsquo;information<\/h4>\n<\/div>\n<p>Auteur: EcoMatin<br \/>\n<a href=\"https:\/\/ecomatin.net\/prix-simone-veil-la-france-reaffirme-son-soutien-a-aissa-doumara\/\">Cliquez ici pour lire l&rsquo;article depuis sa source.<\/a><\/p>\n","protected":false},"excerpt":{"rendered":"<p>A\u00efssa Doumara Ngantansou, laur\u00e9ate du premier prix Simone Veil, a \u00e9t\u00e9 re\u00e7ue r\u00e9cemment par Gilles Thibault, l\u2019ambassadeur de France au Cameroun. Au cours de cette c\u00e9r\u00e9monie salu\u00e9e par la pr\u00e9sence de Marie Th\u00e9r\u00e8se Abena Ondoua, ministre de la Promotion de la Femme et de la Famille, le diplomate a rassur\u00e9 la combattante des droits de [&hellip;]<\/p>\n","protected":false},"author":1969,"featured_media":0,"comment_status":"closed","ping_status":"closed","sticky":false,"template":"","format":"standard","meta":{"fifu_image_url":"","fifu_image_alt":"","footnotes":""},"categories":[82,78],"tags":[],"class_list":["post-37021","post","type-post","status-publish","format-standard","hentry","category-cameroun","category-economie"],"_links":{"self":[{"href":"https:\/\/linitiative.ca\/International\/wp-json\/wp\/v2\/posts\/37021","targetHints":{"allow":["GET"]}}],"collection":[{"href":"https:\/\/linitiative.ca\/International\/wp-json\/wp\/v2\/posts"}],"about":[{"href":"https:\/\/linitiative.ca\/International\/wp-json\/wp\/v2\/types\/post"}],"author":[{"embeddable":true,"href":"https:\/\/linitiative.ca\/International\/wp-json\/wp\/v2\/users\/1969"}],"replies":[{"embeddable":true,"href":"https:\/\/linitiative.ca\/International\/wp-json\/wp\/v2\/comments?post=37021"}],"version-history":[{"count":0,"href":"https:\/\/linitiative.ca\/International\/wp-json\/wp\/v2\/posts\/37021\/revisions"}],"wp:attachment":[{"href":"https:\/\/linitiative.ca\/International\/wp-json\/wp\/v2\/media?parent=37021"}],"wp:term":[{"taxonomy":"category","embeddable":true,"href":"https:\/\/linitiative.ca\/International\/wp-json\/wp\/v2\/categories?post=37021"},{"taxonomy":"post_tag","embeddable":true,"href":"https:\/\/linitiative.ca\/International\/wp-json\/wp\/v2\/tags?post=37021"}],"curies":[{"name":"wp","href":"https:\/\/api.w.org\/{rel}","templated":true}]}}