{"id":37023,"date":"2019-05-27T08:08:52","date_gmt":"2019-05-27T12:08:52","guid":{"rendered":"https:\/\/linitiative.ca\/International\/deplacement-des-reseaux-dialogue-de-sourds-entre-camtel-le-mintp-et-le-minhdu\/"},"modified":"2019-05-27T08:08:52","modified_gmt":"2019-05-27T12:08:52","slug":"deplacement-des-reseaux-dialogue-de-sourds-entre-camtel-le-mintp-et-le-minhdu","status":"publish","type":"post","link":"https:\/\/linitiative.ca\/International\/deplacement-des-reseaux-dialogue-de-sourds-entre-camtel-le-mintp-et-le-minhdu\/","title":{"rendered":"D\u00e9placement des r\u00e9seaux : dialogue de sourds entre Camtel, le Mintp et le Minhdu"},"content":{"rendered":"<div class=\"featured-area featured-area-inner\"><img loading=\"lazy\" decoding=\"async\" width=\"780\" height=\"405\" src=\"https:\/\/i1.wp.com\/ecomatin.net\/wp-content\/uploads\/2019\/05\/ecomatin.net-deplacement-des-reseaux-dialogue-de-sourds-entre-camtel-le-mintp-et-le-minhdu-fibre-optique-ok.jpg?resize=780%2C405&#038;ssl=1&#038;is-pending-load=1\" class=\"attachment-jannah-image-post size-jannah-image-post wp-post-image jetpack-lazy-image\" alt=\"\" data-attachment-id=\"8514\" data-permalink=\"https:\/\/ecomatin.net\/deplacement-des-reseaux-dialogue-de-sourds-entre-camtel-le-mintp-et-le-minhdu\/fibre-optique-ok-2\/\" data-orig-file=\"https:\/\/i1.wp.com\/ecomatin.net\/wp-content\/uploads\/2019\/05\/ecomatin.net-deplacement-des-reseaux-dialogue-de-sourds-entre-camtel-le-mintp-et-le-minhdu-fibre-optique-ok.jpg?fit=900%2C450&#038;ssl=1\" data-orig-size=\"900,450\" data-comments-opened=\"0\" data-image-meta=\"{\"aperture\":\"0\",\"credit\":\"\",\"camera\":\"\",\"caption\":\"\",\"created_timestamp\":\"0\",\"copyright\":\"\",\"focal_length\":\"0\",\"iso\":\"0\",\"shutter_speed\":\"0\",\"title\":\"\",\"orientation\":\"1\"}\" data-image-title=\"fibre optique ok\" data-image-description=\"\" data-medium-file=\"https:\/\/i1.wp.com\/ecomatin.net\/wp-content\/uploads\/2019\/05\/ecomatin.net-deplacement-des-reseaux-dialogue-de-sourds-entre-camtel-le-mintp-et-le-minhdu-fibre-optique-ok.jpg?fit=300%2C150&#038;ssl=1\" data-large-file=\"https:\/\/i1.wp.com\/ecomatin.net\/wp-content\/uploads\/2019\/05\/ecomatin.net-deplacement-des-reseaux-dialogue-de-sourds-entre-camtel-le-mintp-et-le-minhdu-fibre-optique-ok.jpg?fit=900%2C450&#038;ssl=1\" srcset=\"data:image\/gif;base64,R0lGODlhAQABAIAAAAAAAP\/\/\/yH5BAEAAAAALAAAAAABAAEAAAIBRAA7\"\/><\/div>\n<div class=\"entry-content entry clearfix\" readability=\"69\">\n<p>Les grands chantiers du Btp constituent, ces derni\u00e8res ann\u00e9es, l\u2019une des principales causes des perturbations des communications sur les r\u00e9seaux mobiles (t\u00e9l\u00e9phone, Internet, etc.). Selon l\u2019Agence de r\u00e9gulation des t\u00e9l\u00e9communications (<strong>Art<\/strong>), les grands travaux, principalement ceux du gouvernement, causent \u00e0 moyenne, par mois, 30 coupures de fibre optique, qui permet l\u2019interconnexion des diff\u00e9rents op\u00e9rateurs. En fin d\u2019ann\u00e9e 2018, le directeur g\u00e9n\u00e9ral de l\u2019Art, <strong>Phil\u00e9mon Zo\u2019o Zame<\/strong>, a propos\u00e9 une solution palliative \u00e0 cette situation, celle de d\u00e9ployer d\u00e9sormais en a\u00e9rien cette infrastructure qui s\u2019\u00e9tend aujourd\u2019hui sur un lin\u00e9aire de 12000 kilom\u00e8tres et qui couvre d\u00e9sormais <strong>90%<\/strong> des 58 d\u00e9partements du Cameroun. La Cameroon Telecommunications (<strong>Camtel<\/strong>), l\u2019op\u00e9rateur public qui d\u00e9tient le monopole sur la fibre optique et qui fournit les services aux leaders des t\u00e9l\u00e9communications que sont <strong>Orange<\/strong>, <strong>Mtn<\/strong> et <strong>Nexttel<\/strong>, n\u2019exclut pas de prendre en compte cette suggestion de l\u2019autorit\u00e9 de r\u00e9gulation dans le cadre de la phase IV du projet Backbone national, mis en \u0153uvre avec l\u2019assistance technique du g\u00e9ant chinois Huawei Technologies, et dont les \u00e9tudes sont en cours.<\/p>\n<p>Mais, des sources proches du dossier indiquent, pour ce qui est des 12000 kilom\u00e8tres d\u00e9j\u00e0 enfouis dans le sol, qu\u2019il est presqu\u2019irr\u00e9aliste d\u2019envisager de les d\u00e9terrer ; cela n\u00e9cessiterait des financements colossaux dont Camtel ne dispose pas. Dans l\u2019urgence, le top management pr\u00e9f\u00e8re maintenir la pression sur les parties prenantes aux grands chantiers que sont le minist\u00e8re des Travaux publics (<strong>Mintp<\/strong>), l\u2019ing\u00e9nieur de l\u2019Etat, le minist\u00e8re de l\u2019Habitat et du D\u00e9veloppement urbain (<strong>Minhdu<\/strong>), les soci\u00e9t\u00e9s de Btp et les concessionnaires des travaux, afin int\u00e8grent le d\u00e9placement des r\u00e9seaux dans l\u2019ex\u00e9cution des travaux portant pr\u00e9judice \u00e0 l\u2019entreprise et \u00e0 Camtel et \u00e0 ses clients. A l\u2019initiative de la direction g\u00e9n\u00e9rale de l\u2019entreprise, des plateformes d\u2019\u00e9changes se sont multipli\u00e9es au cours des derniers mois avec ces acteurs. Mais il n\u2019y a eu aucune avanc\u00e9e dans le sens voulu par Camtel, qui craint fort que tous les efforts consentis en termes d\u2019investissements pour am\u00e9liorer la qualit\u00e9 de ses services et la connectivit\u00e9 internationale du Cameroun ne continuent d\u2019\u00eatre an\u00e9antis par des coupures r\u00e9currentes sur sa fibre optique. Lesquelles lui valent des pertes \u00e9normes et des plaintes r\u00e9guli\u00e8res de la part de ses clients.<\/p>\n<div class=\"about-author about-author-box container-wrapper\">\n<div class=\"author-avatar\">\n<p><img decoding=\"async\" src=\"http:\/\/\" alt=\"\"\/><\/p>\n<\/div>\n<p><h4>La R\u00e9daction EcoMatin<\/h4>\n<\/p>\n<\/div>\n<div class=\"awac-wrapper awac widget blog_subscription-2\">\n<h4 class=\"widget-title\">Abonnez-vous \u00e0 notre lettre d&rsquo;information<\/h4>\n<\/div>\n<\/div>\n<div class=\"toggle-post-content clearfix\"><a id=\"toggle-post-button\" class=\"button\" href=\"#\">Afficher plus <\/a><\/div>\n<p>Auteur: EcoMatin<br \/>\n<a href=\"https:\/\/ecomatin.net\/deplacement-des-reseaux-dialogue-de-sourds-entre-camtel-le-mintp-et-le-minhdu\/\">Cliquez ici pour lire l&rsquo;article depuis sa source.<\/a><\/p>\n","protected":false},"excerpt":{"rendered":"<p>Les grands chantiers du Btp constituent, ces derni\u00e8res ann\u00e9es, l\u2019une des principales causes des perturbations des communications sur les r\u00e9seaux mobiles (t\u00e9l\u00e9phone, Internet, etc.). Selon l\u2019Agence de r\u00e9gulation des t\u00e9l\u00e9communications (Art), les grands travaux, principalement ceux du gouvernement, causent \u00e0 moyenne, par mois, 30 coupures de fibre optique, qui permet l\u2019interconnexion des diff\u00e9rents op\u00e9rateurs. En [&hellip;]<\/p>\n","protected":false},"author":1969,"featured_media":0,"comment_status":"closed","ping_status":"closed","sticky":false,"template":"","format":"standard","meta":{"fifu_image_url":"","fifu_image_alt":"","footnotes":""},"categories":[82,78],"tags":[],"class_list":["post-37023","post","type-post","status-publish","format-standard","hentry","category-cameroun","category-economie"],"_links":{"self":[{"href":"https:\/\/linitiative.ca\/International\/wp-json\/wp\/v2\/posts\/37023","targetHints":{"allow":["GET"]}}],"collection":[{"href":"https:\/\/linitiative.ca\/International\/wp-json\/wp\/v2\/posts"}],"about":[{"href":"https:\/\/linitiative.ca\/International\/wp-json\/wp\/v2\/types\/post"}],"author":[{"embeddable":true,"href":"https:\/\/linitiative.ca\/International\/wp-json\/wp\/v2\/users\/1969"}],"replies":[{"embeddable":true,"href":"https:\/\/linitiative.ca\/International\/wp-json\/wp\/v2\/comments?post=37023"}],"version-history":[{"count":0,"href":"https:\/\/linitiative.ca\/International\/wp-json\/wp\/v2\/posts\/37023\/revisions"}],"wp:attachment":[{"href":"https:\/\/linitiative.ca\/International\/wp-json\/wp\/v2\/media?parent=37023"}],"wp:term":[{"taxonomy":"category","embeddable":true,"href":"https:\/\/linitiative.ca\/International\/wp-json\/wp\/v2\/categories?post=37023"},{"taxonomy":"post_tag","embeddable":true,"href":"https:\/\/linitiative.ca\/International\/wp-json\/wp\/v2\/tags?post=37023"}],"curies":[{"name":"wp","href":"https:\/\/api.w.org\/{rel}","templated":true}]}}