{"id":37030,"date":"2019-05-28T08:07:56","date_gmt":"2019-05-28T12:07:56","guid":{"rendered":"https:\/\/linitiative.ca\/International\/affaire-nexttel-la-face-cachee-dhousseini-baba\/"},"modified":"2019-05-28T08:07:56","modified_gmt":"2019-05-28T12:07:56","slug":"affaire-nexttel-la-face-cachee-dhousseini-baba","status":"publish","type":"post","link":"https:\/\/linitiative.ca\/International\/affaire-nexttel-la-face-cachee-dhousseini-baba\/","title":{"rendered":"Affaire Nexttel : la face cach\u00e9e d\u2019Housseini Baba"},"content":{"rendered":"<p>Officiellement, le s\u00e9jour de Son\u00a0Excellence <strong>Nguyen Quoc Cuonq<\/strong>, le\u00a0vice-Ministre Vietnamien des affaires \u00e9trang\u00e8res au Cameroun avait pour objectif de \u00ab <em>revisiter les relations diplomatiques entre le Cameroun et le Vietnam, optimiser et explorer les opportunit\u00e9s bilat\u00e9rales<\/em> \u00bb, d\u2019apr\u00e8s une correspondance du 29 avril 2019, adress\u00e9e aux autorit\u00e9s camerounaises par l\u2019Ambassade du Vietnam au Nig\u00e9ria.<\/p>\n<p>Durant son s\u00e9jour de trois jours, Son\u00a0\u00a0Excellence <strong>Nguyen Quoc Cuonq<\/strong> a \u00e9t\u00e9 l\u2019h\u00f4te de plusieurs autorit\u00e9s camerounaises: <strong>Marcel Niat Njifenji<\/strong>, le Pr\u00e9sident du S\u00e9nat, l\u2019Honorable <strong>Cavaye Y\u00e9gui\u00e9 Djibril<\/strong>, le Pr\u00e9sident de l\u2019Assembl\u00e9e nationale, <strong>Joseph Dion Ngute<\/strong>, le Premier Ministre, <strong>Laurent Esso<\/strong>, Ministre d\u2019Etat, Ministre de la justice, Garde des sceaux, <strong>Lejeune Mbella Mbella<\/strong>, le Ministre des relations ext\u00e9rieures, <strong>Gr\u00e9goire Owona<\/strong>, le Ministre du travail et de la s\u00e9curit\u00e9 sociale, <strong>Issa Tchiroma Bakary<\/strong>, en charge de l\u2019emploi et de la formation professionnelle, <strong>Minette Libom li Likeng<\/strong>, des postes et t\u00e9l\u00e9communications, et <strong>Gabriel Mbairobe<\/strong>, de l\u2019agriculture et du d\u00e9veloppement rural.<\/p>\n<p>Malgr\u00e9 la version officielle de cette visite, la v\u00e9ritable raison du s\u00e9jour du pl\u00e9nipotentiaire asiatique sur le sol camerounais n\u2019a laiss\u00e9 aucun doute. Elle portait essentiellement sur le dossier Bestcam\/Viettel Global Jsc, les deux partenaires camerounais et vietnamien dans le projet de t\u00e9l\u00e9communications et de t\u00e9l\u00e9phonie mobile <strong>Nexttel Cameroon S.A<\/strong>. Notamment sur les points de divergences entre <strong>Ahmadou Baba Danpoullo<\/strong>, le Pr\u00e9sident du Conseil d\u2019administration de Nexttel Cameroon, patron de Bestcam, et le Pr\u00e9sident de <strong>Viettel Global Jsc<\/strong>. Le conflit opposant l\u2019homme d\u2019affaires camerounais et les vietnamiens s\u2019articule, \u00e0 titre de rappel, autour de deux points : Viettel Global Jsc reproche au Pr\u00e9sident du Conseil d\u2019administration de Nexttel Cameroon S.A d\u2019avoir obtenu par des moyens peu orthodoxes, la co-signature sur tous les documents li\u00e9s \u00e0 l\u2019entreprise de t\u00e9l\u00e9phonie mobile. <strong>Ahmadou Baba Danpoullo<\/strong> accuse pour sa part la partie <strong>Viettel Global Jsc<\/strong> d\u2019espionner le Cameroun \u00e0 travers ses installations. Entre autres points de divergences.<\/p>\n<blockquote readability=\"8\">\n<p>La m\u00e9diation effectu\u00e9e par Housseini Baba rel\u00e8ve de sa fonction de Consul honoraire du Vietnam \u00e0 Douala. Au risque de f\u00e2cher son g\u00e9niteur, le lobbying effectu\u00e9 par le fils <strong>Baba<\/strong> s\u2019est op\u00e9r\u00e9 en catimini<\/p>\n<\/blockquote>\n<p>Des sources dignes de foi renseignent amplement sur le processus ayant conduit \u00e0 l\u2019arriv\u00e9e de la d\u00e9l\u00e9gation vietnamienne au Cameroun. Certes, les contacts diplomatiques entre le Cameroun et les autorit\u00e9s vietnamiennes s\u2019effectuaient par l\u2019entregent de l\u2019Ambassade du Vietnam au Nig\u00e9ria, toutefois, un personnage insoup\u00e7onnable s\u2019est r\u00e9v\u00e9l\u00e9 \u00eatre le maillon essentiel de cette visite de travail. <strong>Housseini Baba<\/strong>, fils d\u2019<strong>Ahmadou Baba Danpoullo<\/strong>, l\u2019homme le plus riche du Cameroun, a en effet conduit de bout en bout le processus ayant abouti \u00e0 l\u2019arriv\u00e9e des vietnamiens au Cameroun. Paradoxe saisissant alors que les relations entre son p\u00e8re et ses partenaires asiatiques sont extr\u00eamement tendues. La m\u00e9diation effectu\u00e9e par Housseini Baba rel\u00e8ve de sa fonction de Consul honoraire du Vietnam \u00e0 Douala. Au risque de f\u00e2cher son g\u00e9niteur, le lobbying effectu\u00e9 par le fils <strong>Baba<\/strong> s\u2019est op\u00e9r\u00e9 en catimini. Des consignes strictes avaient en effet \u00e9t\u00e9 donn\u00e9es \u00e0 son entourage, pour un silence de cath\u00e9drale au profit des vietnamiens, en conflit avec <strong>Ahmadou Baba Danpoullo<\/strong>. <strong>Housseini Baba<\/strong> aurait, apprend-on de bonnes sources, jou\u00e9 un r\u00f4le primordial dans la signature en f\u00e9vrier 2012, du pacte d\u2019actionnaires entre Bestcam et Viettel Global Jsc.<\/p>\n<p>Par ailleurs, Le Pr\u00e9sident du Conseil d\u2019administration de Nexttel Cameroon, propri\u00e9taire de la cha\u00eene de t\u00e9l\u00e9vision Dan Broadcasting system (Dbs) \u00e9mettant \u00e0 Douala, est tr\u00e8s remont\u00e9 contre son fils <strong>Housseini Baba<\/strong>, qui assure en r\u00e9alit\u00e9 la gestion de cette t\u00e9l\u00e9vision. De sources internes, les gros investissements consentis par le milliardaire pour le projet Dbs tardent \u00e0 produire des effets positifs. Le mat\u00e9riel recemment achet\u00e9 \u00e0 prix d\u2019or aurait \u00e9t\u00e9 sur\u00e9valu\u00e9 au grand damme d\u2019<strong>Ahmadou<\/strong> <strong>Baba Danpoullo<\/strong>. Plusieurs questions fusent suite \u00e0 la position ambig\u00fce d\u2019<strong>Housseini Baba<\/strong> lors de la visite de Son Excellence <strong>Nguyen Quoc Cuonq<\/strong>. Ainsi que dans la gestion de Nexttel Cameroon. Housseini Baba aurait-il complot\u00e9 contre son p\u00e8re ? L\u2019op\u00e9ration avait-elle pour objectif de tenter une conciliation entre Bestcam et Viettel Global Jsc ? Housseini Baba a-t-il choisi le camp des asiatiques au d\u00e9triment de celui de son g\u00e9niteur ? Seule certitude, Housseini Baba est aujourd\u2019hui partag\u00e9 entre ses fonctions diplomatiques vietnamiennes et la pr\u00e9servation des investissements de son p\u00e8re.<\/p>\n<div class=\"rpbt_shortcode\">\n<h3>Voir aussi :<\/h3>\n<\/div>\n<div class=\"about-author about-author-box container-wrapper\">\n<div class=\"author-avatar\">\n<p><img decoding=\"async\" src=\"http:\/\/\" alt=\"\"\/><\/p>\n<\/div>\n<p><h4>La R\u00e9daction EcoMatin<\/h4>\n<\/p>\n<\/div>\n<div class=\"awac-wrapper awac widget blog_subscription-2\">\n<h4 class=\"widget-title\">Abonnez-vous \u00e0 notre lettre d&rsquo;information<\/h4>\n<\/div>\n<p>Auteur: EcoMatin<br \/>\n<a href=\"https:\/\/ecomatin.net\/affaire-nexttel-la-face-cachee-dhousseini-baba\/\">Cliquez ici pour lire l&rsquo;article depuis sa source.<\/a><\/p>\n","protected":false},"excerpt":{"rendered":"<p>Officiellement, le s\u00e9jour de Son\u00a0Excellence Nguyen Quoc Cuonq, le\u00a0vice-Ministre Vietnamien des affaires \u00e9trang\u00e8res au Cameroun avait pour objectif de \u00ab revisiter les relations diplomatiques entre le Cameroun et le Vietnam, optimiser et explorer les opportunit\u00e9s bilat\u00e9rales \u00bb, d\u2019apr\u00e8s une correspondance du 29 avril 2019, adress\u00e9e aux autorit\u00e9s camerounaises par l\u2019Ambassade du Vietnam au Nig\u00e9ria. Durant [&hellip;]<\/p>\n","protected":false},"author":1969,"featured_media":0,"comment_status":"closed","ping_status":"closed","sticky":false,"template":"","format":"standard","meta":{"fifu_image_url":"","fifu_image_alt":"","footnotes":""},"categories":[82,78],"tags":[],"class_list":["post-37030","post","type-post","status-publish","format-standard","hentry","category-cameroun","category-economie"],"_links":{"self":[{"href":"https:\/\/linitiative.ca\/International\/wp-json\/wp\/v2\/posts\/37030","targetHints":{"allow":["GET"]}}],"collection":[{"href":"https:\/\/linitiative.ca\/International\/wp-json\/wp\/v2\/posts"}],"about":[{"href":"https:\/\/linitiative.ca\/International\/wp-json\/wp\/v2\/types\/post"}],"author":[{"embeddable":true,"href":"https:\/\/linitiative.ca\/International\/wp-json\/wp\/v2\/users\/1969"}],"replies":[{"embeddable":true,"href":"https:\/\/linitiative.ca\/International\/wp-json\/wp\/v2\/comments?post=37030"}],"version-history":[{"count":0,"href":"https:\/\/linitiative.ca\/International\/wp-json\/wp\/v2\/posts\/37030\/revisions"}],"wp:attachment":[{"href":"https:\/\/linitiative.ca\/International\/wp-json\/wp\/v2\/media?parent=37030"}],"wp:term":[{"taxonomy":"category","embeddable":true,"href":"https:\/\/linitiative.ca\/International\/wp-json\/wp\/v2\/categories?post=37030"},{"taxonomy":"post_tag","embeddable":true,"href":"https:\/\/linitiative.ca\/International\/wp-json\/wp\/v2\/tags?post=37030"}],"curies":[{"name":"wp","href":"https:\/\/api.w.org\/{rel}","templated":true}]}}