{"id":37035,"date":"2019-05-28T06:04:30","date_gmt":"2019-05-28T10:04:30","guid":{"rendered":"https:\/\/linitiative.ca\/International\/ligue-des-champons-reduction-du-nombre-des-billets-de-la-finale\/"},"modified":"2019-05-28T06:04:30","modified_gmt":"2019-05-28T10:04:30","slug":"ligue-des-champons-reduction-du-nombre-des-billets-de-la-finale","status":"publish","type":"post","link":"https:\/\/linitiative.ca\/International\/ligue-des-champons-reduction-du-nombre-des-billets-de-la-finale\/","title":{"rendered":"Ligue des champons : R\u00e9duction du nombre des billets de la finale"},"content":{"rendered":"<div class=\"nc_socialPanel swp_flatFresh swp_d_fullColor swp_i_fullColor swp_o_fullColor scale-100 scale-fullWidth\" data-position=\"none\" data-float=\"floatNone\" data-count=\"5\" data-floatcolor=\"#ffffff\" data-emphasize=\"0\">\n<div class=\"nc_tweetContainer totes totesalt\" data-id=\"6\"><span class=\"swp_count\"><span class=\"swp_label\">Partages<\/span> 0<\/span><\/div>\n<\/div>\n<p>Les autorit\u00e9s charg\u00e9es d\u2019organiser la rencontre de la finale retour de la\u00a0Ligue des Champions d\u2019Afrique entre l\u2019Esp\u00e9rance Sportive de Tunis\u00a0et le Wydad de Casablanca\u00a0aurait d\u00e9cid\u00e9 de r\u00e9duire le nombre de billets r\u00e9serv\u00e9s aux supporters \u00ab\u00a0Sang et Or\u00a0\u00bb.<\/p>\n<p>Alors qu\u2019il \u00e9tait question de fournir 30 mille billets \u00e0 l\u2019occasion de cette finale, ce sont seulement 15 mille places qui seraient finalement vendus.<\/p>\n<div class=\"code-block code-block-1 c4\"><ins class=\"adsbygoogle c3\" data-ad-layout=\"in-article\" data-ad-format=\"fluid\" data-ad-client=\"ca-pub-2102118777505746\" data-ad-slot=\"7301775417\"\/> <\/div>\n<p>La visite d\u2019une commission form\u00e9e par des repr\u00e9sentants du gouvernorat de Ben Arous, de la s\u00e9curit\u00e9 nationale, de la protection civile, de la Cit\u00e9 nationale sportive de Rad\u00e8s, de la F\u00e9d\u00e9ration tunisienne de football et de l\u2019EST, au stade de Rad\u00e8s a d\u00e9montr\u00e9 la pr\u00e9sence d\u2019importantes fissures\u00a0 dans\u00a0l\u2019enceinte sup\u00e9rieure du c\u00f4t\u00e9 du virage sud.<\/p>\n<p>Cette partie du stade n\u00e9cessitera une intervention urgente et sera ferm\u00e9e au public jusqu\u2019\u00e0 la r\u00e9alisation des travaux.<\/p>\n<p>Il est \u00e0 noter que le stade olympique de Rad\u00e8s accueillera la finale retour de la C1 entre l\u2019EST et le WAC ce vendredi, \u00e0 partir de (22h00).<\/p>\n<div class=\"mvp-org-wrap mvp-org-logo\" itemprop=\"publisher\" itemscope=\"\" itemtype=\"https:\/\/schema.org\/Organization\"><img decoding=\"async\" src=\"https:\/\/sport.tunisienumerique.com\/wp-content\/uploads\/2017\/05\/logo_tunisie_numerique.png\"\/><\/div>\n<div class=\"nc_socialPanel swp_flatFresh swp_d_fullColor swp_i_fullColor swp_o_fullColor scale-100 scale-fullWidth\" data-position=\"none\" data-float=\"floatNone\" data-count=\"5\" data-floatcolor=\"#ffffff\" data-emphasize=\"0\">\n<div class=\"nc_tweetContainer totes totesalt\" data-id=\"6\"><span class=\"swp_count\"><span class=\"swp_label\">Partages<\/span> 0<\/span><\/div>\n<\/div>\n<div class=\"mvp-related-posts left relative\">\n<h4 class=\"post-header\"><span class=\"post-header\">Lire aussi<\/span><\/h4>\n<\/div>\n<p>Auteur: a.<br \/>\n<a href=\"https:\/\/sport.tunisienumerique.com\/ligue-champons-reduction-nombre-billets-de-finale\/\">Cliquez ici pour lire l&rsquo;article depuis sa source.<\/a><\/p>\n","protected":false},"excerpt":{"rendered":"<p>Partages 0 Les autorit\u00e9s charg\u00e9es d\u2019organiser la rencontre de la finale retour de la\u00a0Ligue des Champions d\u2019Afrique entre l\u2019Esp\u00e9rance Sportive de Tunis\u00a0et le Wydad de Casablanca\u00a0aurait d\u00e9cid\u00e9 de r\u00e9duire le nombre de billets r\u00e9serv\u00e9s aux supporters \u00ab\u00a0Sang et Or\u00a0\u00bb. Alors qu\u2019il \u00e9tait question de fournir 30 mille billets \u00e0 l\u2019occasion de cette finale, ce sont [&hellip;]<\/p>\n","protected":false},"author":1789,"featured_media":37041,"comment_status":"closed","ping_status":"closed","sticky":false,"template":"","format":"standard","meta":{"fifu_image_url":"","fifu_image_alt":"","footnotes":""},"categories":[73,55],"tags":[],"class_list":["post-37035","post","type-post","status-publish","format-standard","has-post-thumbnail","hentry","category-actualite","category-tunisie"],"_links":{"self":[{"href":"https:\/\/linitiative.ca\/International\/wp-json\/wp\/v2\/posts\/37035","targetHints":{"allow":["GET"]}}],"collection":[{"href":"https:\/\/linitiative.ca\/International\/wp-json\/wp\/v2\/posts"}],"about":[{"href":"https:\/\/linitiative.ca\/International\/wp-json\/wp\/v2\/types\/post"}],"author":[{"embeddable":true,"href":"https:\/\/linitiative.ca\/International\/wp-json\/wp\/v2\/users\/1789"}],"replies":[{"embeddable":true,"href":"https:\/\/linitiative.ca\/International\/wp-json\/wp\/v2\/comments?post=37035"}],"version-history":[{"count":0,"href":"https:\/\/linitiative.ca\/International\/wp-json\/wp\/v2\/posts\/37035\/revisions"}],"wp:featuredmedia":[{"embeddable":true,"href":"https:\/\/linitiative.ca\/International\/wp-json\/"}],"wp:attachment":[{"href":"https:\/\/linitiative.ca\/International\/wp-json\/wp\/v2\/media?parent=37035"}],"wp:term":[{"taxonomy":"category","embeddable":true,"href":"https:\/\/linitiative.ca\/International\/wp-json\/wp\/v2\/categories?post=37035"},{"taxonomy":"post_tag","embeddable":true,"href":"https:\/\/linitiative.ca\/International\/wp-json\/wp\/v2\/tags?post=37035"}],"curies":[{"name":"wp","href":"https:\/\/api.w.org\/{rel}","templated":true}]}}