{"id":37039,"date":"2019-05-27T16:51:58","date_gmt":"2019-05-27T20:51:58","guid":{"rendered":"https:\/\/linitiative.ca\/International\/le-festival-maghrebin-du-film-doujda-de-retour\/"},"modified":"2019-05-27T16:51:58","modified_gmt":"2019-05-27T20:51:58","slug":"le-festival-maghrebin-du-film-doujda-de-retour","status":"publish","type":"post","link":"https:\/\/linitiative.ca\/International\/le-festival-maghrebin-du-film-doujda-de-retour\/","title":{"rendered":"Le Festival Maghr\u00e9bin du Film d\u2019Oujda de retour"},"content":{"rendered":"<div class=\"single-featured\"><img alt=\"Festival Maghr\u00e9bin du Film d'Oujda\" data-src=\"http:\/\/www.mapoujda.ma\/map\/uploads\/2019\/05\/La-8\u00e8me-\u00e9dition-du-Festival-Maghr\u00e9bin-du-Film-dOujda-M-750\u00d7430.jpg\"\/><\/div>\n<div class=\"single-post-excerpt post-excerpt-bc\" readability=\"36\">\n<p>La ville d\u2019Oujda accueillera, du 11 au 15 juin prochain, la huiti\u00e8me \u00e9dition du Festival Maghr\u00e9bin du Film, indiquent les organisateurs.<\/p>\n<\/div>\n<div class=\"entry-content clearfix single-post-content\" readability=\"68\">\n<p>Le jury de la Comp\u00e9tition officielle de cette manifestation cin\u00e9matographique sera pr\u00e9sid\u00e9 par le critique et universitaire alg\u00e9rien, Ahmed Bejjaoui qui sera \u00e9paul\u00e9 par le r\u00e9alisateur marocain Hassan Benjelloun et la r\u00e9alisatrice tunisienne Salma Baccar, la chercheuse marocaine A\u00efcha Belarbi et le r\u00e9alisateur mauritanien Abderrahman Lahi.<\/p>\n<p>Le programme de cette \u00e9dition pr\u00e9voit la projection des films en lice et d\u2019autres hors comp\u00e9tition, en sus de projections en plein air, et ce en pr\u00e9sence de plusieurs stars du cin\u00e9ma maghr\u00e9bin et arabe, dont des r\u00e9alisateurs, des critiques et des sp\u00e9cialistes du 7\u00e8 art.<\/p>\n<p>Les c\u00e9r\u00e9monies d\u2019ouverture et de cl\u00f4ture seront marqu\u00e9es par le vibrant hommage qui sera rendu au r\u00e9alisateur alg\u00e9rien Rachid Bouchareb, \u00e0 l\u2019actrice tunisienne Fatime Ben Saidane, \u00e0 l\u2019acteur \u00e9gyptien Cherif Mounir et aux r\u00e9alisateurs marocains Sa\u00e2d Chra\u00efbi, Kamal Kamal et Mohamed Benkaddour.<\/p>\n<p>Par ailleurs, cette 8\u00e8me \u00e9dition sera ponctu\u00e9e par des conf\u00e9rences traitant de questions et sujets li\u00e9s au 7\u00e8 art, dont la pr\u00e9sence de la femme dans le cin\u00e9ma maghr\u00e9bin et la relation entre tourisme et culture, en plus d\u2019ateliers de formation aux m\u00e9tiers du cin\u00e9ma notamment le sc\u00e9nario, l\u2019analyse de l\u2019image, l\u2019initiation \u00e0 la vid\u00e9o et le casting.<\/p>\n<p>A rappeler que le long-m\u00e9trage \u00ab\u00a0Mustapha Z\u00a0\u00bb du r\u00e9alisateur tunisien Nidal Chetta avait remport\u00e9 le Grand prix ainsi que le prix de la meilleure interpr\u00e9tation masculine de la 7\u00e8me \u00e9dition du Festival maghr\u00e9bin du film d\u2019Oujda qui a eu lieu du 23 au 27 juin dernier sous le Haut patronage de SM le Roi Mohammed VI.<\/p>\n<\/div>\n<p>Auteur: Soufiane ELAHMAR<br \/>\n<a href=\"http:\/\/www.mapoujda.ma\/fr\/le-festival-maghrebin-du-film-doujda-de-retour\/\">Cliquez ici pour lire l&rsquo;article depuis sa source.<\/a><\/p>\n","protected":false},"excerpt":{"rendered":"<p>La ville d\u2019Oujda accueillera, du 11 au 15 juin prochain, la huiti\u00e8me \u00e9dition du Festival Maghr\u00e9bin du Film, indiquent les organisateurs. Le jury de la Comp\u00e9tition officielle de cette manifestation cin\u00e9matographique sera pr\u00e9sid\u00e9 par le critique et universitaire alg\u00e9rien, Ahmed Bejjaoui qui sera \u00e9paul\u00e9 par le r\u00e9alisateur marocain Hassan Benjelloun et la r\u00e9alisatrice tunisienne Salma [&hellip;]<\/p>\n","protected":false},"author":1788,"featured_media":37043,"comment_status":"closed","ping_status":"closed","sticky":false,"template":"","format":"standard","meta":{"fifu_image_url":"","fifu_image_alt":"","footnotes":""},"categories":[54,76],"tags":[],"class_list":["post-37039","post","type-post","status-publish","format-standard","has-post-thumbnail","hentry","category-maroc","category-regions"],"_links":{"self":[{"href":"https:\/\/linitiative.ca\/International\/wp-json\/wp\/v2\/posts\/37039","targetHints":{"allow":["GET"]}}],"collection":[{"href":"https:\/\/linitiative.ca\/International\/wp-json\/wp\/v2\/posts"}],"about":[{"href":"https:\/\/linitiative.ca\/International\/wp-json\/wp\/v2\/types\/post"}],"author":[{"embeddable":true,"href":"https:\/\/linitiative.ca\/International\/wp-json\/wp\/v2\/users\/1788"}],"replies":[{"embeddable":true,"href":"https:\/\/linitiative.ca\/International\/wp-json\/wp\/v2\/comments?post=37039"}],"version-history":[{"count":0,"href":"https:\/\/linitiative.ca\/International\/wp-json\/wp\/v2\/posts\/37039\/revisions"}],"wp:featuredmedia":[{"embeddable":true,"href":"https:\/\/linitiative.ca\/International\/wp-json\/"}],"wp:attachment":[{"href":"https:\/\/linitiative.ca\/International\/wp-json\/wp\/v2\/media?parent=37039"}],"wp:term":[{"taxonomy":"category","embeddable":true,"href":"https:\/\/linitiative.ca\/International\/wp-json\/wp\/v2\/categories?post=37039"},{"taxonomy":"post_tag","embeddable":true,"href":"https:\/\/linitiative.ca\/International\/wp-json\/wp\/v2\/tags?post=37039"}],"curies":[{"name":"wp","href":"https:\/\/api.w.org\/{rel}","templated":true}]}}