{"id":37046,"date":"2019-05-28T06:40:54","date_gmt":"2019-05-28T10:40:54","guid":{"rendered":"https:\/\/linitiative.ca\/International\/photo-le-stade-de-rades-menace-de-secrouler\/"},"modified":"2019-05-28T06:40:54","modified_gmt":"2019-05-28T10:40:54","slug":"photo-le-stade-de-rades-menace-de-secrouler","status":"publish","type":"post","link":"https:\/\/linitiative.ca\/International\/photo-le-stade-de-rades-menace-de-secrouler\/","title":{"rendered":"[Photo] : Le stade de Rad\u00e8s menac\u00e9 de s\u2019\u00e9crouler !"},"content":{"rendered":"<div class=\"nc_socialPanel swp_flatFresh swp_d_fullColor swp_i_fullColor swp_o_fullColor scale-100 scale-fullWidth\" data-position=\"none\" data-float=\"floatNone\" data-count=\"5\" data-floatcolor=\"#ffffff\" data-emphasize=\"0\">\n<div class=\"nc_tweetContainer totes totesalt\" data-id=\"6\"><span class=\"swp_count\"><span class=\"swp_label\">Partages<\/span> 0<\/span><\/div>\n<\/div>\n<p>La visite d\u2019une commission form\u00e9e par des repr\u00e9sentants du gouvernorat de Ben Arous, de la s\u00e9curit\u00e9 nationale, de la protection civile, de la Cit\u00e9 nationale sportive de Rad\u00e8s, de la F\u00e9d\u00e9ration tunisienne de football et de l\u2019Esp\u00e9rance de Tunis au stade de Rad\u00e8s a d\u00e9montr\u00e9 la pr\u00e9sence de fissures importantes\u00a0dans l\u2019enceinte sup\u00e9rieure du c\u00f4t\u00e9 du virage sud.<\/p>\n<p>Dans le cadre d\u2019une visite d\u2019inspection au stade de Rad\u00e8s en pr\u00e9vision des pr\u00e9paratifs pour\u00a0la finale retour de la Ligue des champions opposant l\u2019EST au Wydad de Casablanca, la commission a indiqu\u00e9 que l\u2019enceinte sup\u00e9rieure du c\u00f4t\u00e9 du virage Sud n\u2019est plus habilit\u00e9e \u00e0 accueillir les supporters.<\/p>\n<div class=\"code-block code-block-1 c4\"><ins class=\"adsbygoogle c3\" data-ad-layout=\"in-article\" data-ad-format=\"fluid\" data-ad-client=\"ca-pub-2102118777505746\" data-ad-slot=\"7301775417\"\/> <\/div>\n<p>Pour cette raison, les autorit\u00e9s charg\u00e9es d\u2019organiser la rencontre ont d\u00e9cid\u00e9 de r\u00e9duite le nombre des billets r\u00e9serv\u00e9s aux supporters \u201cSang et Or\u201d.<\/p>\n<p>Cette partie du stade n\u00e9cessitera une intervention urgente et sera ferm\u00e9e\u00a0au public jusqu\u2019\u00e0 la r\u00e9alisation des travaux.<\/p>\n<p>Il est \u00e0 noter que le stade olympique de Rad\u00e8s accueillera la finale retour de la C1 entre l\u2019EST et le WAC, ce vendredi \u00e0 partir de (22h00).<\/p>\n<p><img loading=\"lazy\" decoding=\"async\" class=\"size-medium wp-image-358081 aligncenter\" src=\"https:\/\/sport.tunisienumerique.com\/wp-content\/uploads\/2019\/05\/stade-rad%C3%A8s-200x300.jpg\" alt=\"\" width=\"200\" height=\"300\" srcset=\"https:\/\/sport.tunisienumerique.com\/wp-content\/uploads\/2019\/05\/stade-rad\u00e8s-200x300.jpg 200w, https:\/\/sport.tunisienumerique.com\/wp-content\/uploads\/2019\/05\/stade-rad\u00e8s-85x128.jpg 85w, https:\/\/sport.tunisienumerique.com\/wp-content\/uploads\/2019\/05\/stade-rad\u00e8s-21x32.jpg 21w, https:\/\/sport.tunisienumerique.com\/wp-content\/uploads\/2019\/05\/stade-rad\u00e8s.jpg 639w\" sizes=\"auto, (max-width: 200px) 100vw, 200px\"\/><\/p>\n<div class=\"mvp-org-wrap mvp-org-logo\" itemprop=\"publisher\" itemscope=\"\" itemtype=\"https:\/\/schema.org\/Organization\"><img decoding=\"async\" src=\"https:\/\/sport.tunisienumerique.com\/wp-content\/uploads\/2017\/05\/logo_tunisie_numerique.png\"\/><\/div>\n<div class=\"nc_socialPanel swp_flatFresh swp_d_fullColor swp_i_fullColor swp_o_fullColor scale-100 scale-fullWidth\" data-position=\"none\" data-float=\"floatNone\" data-count=\"5\" data-floatcolor=\"#ffffff\" data-emphasize=\"0\">\n<div class=\"nc_tweetContainer totes totesalt\" data-id=\"6\"><span class=\"swp_count\"><span class=\"swp_label\">Partages<\/span> 0<\/span><\/div>\n<\/div>\n<div class=\"mvp-related-posts left relative\">\n<h4 class=\"post-header\"><span class=\"post-header\">Lire aussi<\/span><\/h4>\n<\/div>\n<p>Auteur: a.<br \/>\n<a href=\"https:\/\/sport.tunisienumerique.com\/photo-stade-de-rades-menace-de-secrouler\/\">Cliquez ici pour lire l&rsquo;article depuis sa source.<\/a><\/p>\n","protected":false},"excerpt":{"rendered":"<p>Partages 0 La visite d\u2019une commission form\u00e9e par des repr\u00e9sentants du gouvernorat de Ben Arous, de la s\u00e9curit\u00e9 nationale, de la protection civile, de la Cit\u00e9 nationale sportive de Rad\u00e8s, de la F\u00e9d\u00e9ration tunisienne de football et de l\u2019Esp\u00e9rance de Tunis au stade de Rad\u00e8s a d\u00e9montr\u00e9 la pr\u00e9sence de fissures importantes\u00a0dans l\u2019enceinte sup\u00e9rieure du [&hellip;]<\/p>\n","protected":false},"author":1789,"featured_media":37051,"comment_status":"closed","ping_status":"closed","sticky":false,"template":"","format":"standard","meta":{"fifu_image_url":"","fifu_image_alt":"","footnotes":""},"categories":[73,55],"tags":[],"class_list":["post-37046","post","type-post","status-publish","format-standard","has-post-thumbnail","hentry","category-actualite","category-tunisie"],"_links":{"self":[{"href":"https:\/\/linitiative.ca\/International\/wp-json\/wp\/v2\/posts\/37046","targetHints":{"allow":["GET"]}}],"collection":[{"href":"https:\/\/linitiative.ca\/International\/wp-json\/wp\/v2\/posts"}],"about":[{"href":"https:\/\/linitiative.ca\/International\/wp-json\/wp\/v2\/types\/post"}],"author":[{"embeddable":true,"href":"https:\/\/linitiative.ca\/International\/wp-json\/wp\/v2\/users\/1789"}],"replies":[{"embeddable":true,"href":"https:\/\/linitiative.ca\/International\/wp-json\/wp\/v2\/comments?post=37046"}],"version-history":[{"count":0,"href":"https:\/\/linitiative.ca\/International\/wp-json\/wp\/v2\/posts\/37046\/revisions"}],"wp:featuredmedia":[{"embeddable":true,"href":"https:\/\/linitiative.ca\/International\/wp-json\/"}],"wp:attachment":[{"href":"https:\/\/linitiative.ca\/International\/wp-json\/wp\/v2\/media?parent=37046"}],"wp:term":[{"taxonomy":"category","embeddable":true,"href":"https:\/\/linitiative.ca\/International\/wp-json\/wp\/v2\/categories?post=37046"},{"taxonomy":"post_tag","embeddable":true,"href":"https:\/\/linitiative.ca\/International\/wp-json\/wp\/v2\/tags?post=37046"}],"curies":[{"name":"wp","href":"https:\/\/api.w.org\/{rel}","templated":true}]}}