{"id":37048,"date":"2019-05-27T20:13:22","date_gmt":"2019-05-28T00:13:22","guid":{"rendered":"https:\/\/linitiative.ca\/International\/reforme-du-secteur-de-la-justice-les-magistrats-jugent-les-incoherences\/"},"modified":"2019-05-27T20:13:22","modified_gmt":"2019-05-28T00:13:22","slug":"reforme-du-secteur-de-la-justice-les-magistrats-jugent-les-incoherences","status":"publish","type":"post","link":"https:\/\/linitiative.ca\/International\/reforme-du-secteur-de-la-justice-les-magistrats-jugent-les-incoherences\/","title":{"rendered":"R\u00e9forme du secteur de la justice : Les magistrats jugent  les \u00abincoh\u00e9rences\u00bb"},"content":{"rendered":"<div class=\"td-post-featured-image\" readability=\"35\"><a href=\"https:\/\/i2.wp.com\/www.sidwaya.info\/wp-content\/uploads\/2019\/05\/prison2.jpg?fit=779%2C568&#038;ssl=1\" data-caption=\"Pour le ministre de la Justice, Ren\u00e9 Bagoro, cette conf\u00e9rence offre un cadre de dialogue et d\u2019\u00e9changes \u2026\"><img loading=\"lazy\" decoding=\"async\" width=\"696\" height=\"507\" class=\"entry-thumb td-modal-image\" src=\"https:\/\/i2.wp.com\/www.sidwaya.info\/wp-content\/uploads\/2019\/05\/prison2.jpg?resize=696%2C507&#038;ssl=1\" srcset=\"https:\/\/i2.wp.com\/www.sidwaya.info\/wp-content\/uploads\/2019\/05\/prison2.jpg?w=779&#038;ssl=1 779w, https:\/\/i2.wp.com\/www.sidwaya.info\/wp-content\/uploads\/2019\/05\/prison2.jpg?resize=300%2C219&#038;ssl=1 300w, https:\/\/i2.wp.com\/www.sidwaya.info\/wp-content\/uploads\/2019\/05\/prison2.jpg?resize=768%2C560&#038;ssl=1 768w, https:\/\/i2.wp.com\/www.sidwaya.info\/wp-content\/uploads\/2019\/05\/prison2.jpg?resize=324%2C235&#038;ssl=1 324w, https:\/\/i2.wp.com\/www.sidwaya.info\/wp-content\/uploads\/2019\/05\/prison2.jpg?resize=696%2C507&#038;ssl=1 696w, https:\/\/i2.wp.com\/www.sidwaya.info\/wp-content\/uploads\/2019\/05\/prison2.jpg?resize=576%2C420&#038;ssl=1 576w\" sizes=\"auto, (max-width: 696px) 100vw, 696px\" alt=\"\" title=\"prison2\"\/><\/a>Pour le ministre de la Justice, Ren\u00e9 Bagoro, cette conf\u00e9rence offre un cadre de dialogue et d\u2019\u00e9changes \u2026<\/div>\n<div class=\"td-a-rec td-a-rec-id-content_top td_uid_30_5ced38493a90d_rand td_block_template_1\"><img loading=\"lazy\" decoding=\"async\" class=\"aligncenter size-full wp-image-4463\" src=\"https:\/\/www.sidwaya.info\/wp-content\/uploads\/2019\/02\/FESPACO-TOUR-2019-Bannie%CC%80re-728x90-1.jpg\" alt=\"\" width=\"728\" height=\"90\"\/><\/div>\n<p><strong>Le Conseil sup\u00e9rieur de la magistrature (CSM) organise, du 27 au 29 mai 2019 \u00e0 Ouagadougou, la conf\u00e9rence des magistrats.<\/strong><\/p>\n<p>Quatre ans apr\u00e8s les Etats g\u00e9n\u00e9raux de la justice (mars 2015), les magistrats burkinab\u00e8 sont en conclave \u00e0 Ouagadougou, du 27 au 29 mai 2019 \u00e0 l\u2019initiative du Conseil sup\u00e9rieur de la magistrature (CSM). Pour la Secr\u00e9taire permanente du CSM et pr\u00e9sidente du comit\u00e9 d\u2019organisation de la conf\u00e9rence des magistrats, dans le cadre de la mise en \u0153uvre des r\u00e9formes issues des engagements du \u00abPacte\u00bb, il est judicieux de marquer une halte\u00a0pour regarder le chemin parcouru, les progr\u00e8s accomplis, les difficult\u00e9s rencontr\u00e9es, les forces et les faiblesses des textes adopt\u00e9s en 2015, pour mieux tracer le chemin \u00e0 parcourir.<\/p>\n<p>D\u2019embl\u00e9e, a pr\u00e9cis\u00e9 le vice-pr\u00e9sident du CSM, Souleymane Coulibaly, des avanc\u00e9es \u00abconsid\u00e9rables\u00bb ont \u00e9t\u00e9 enregistr\u00e9es avec notamment la \u00abd\u00e9connexion du pouvoir judiciaire de l\u2019ex\u00e9cutif\u00bb. \u00abCette r\u00e9forme audacieuse et m\u00eame r\u00e9volutionnaire \u00e0 plusieurs \u00e9gards dans la sous-r\u00e9gion constitue un pas de g\u00e9ant vers l\u2019ind\u00e9pendance totale du syst\u00e8me judiciaire au Burkina Faso\u00bb, a-t-il estim\u00e9.<\/p>\n<p><img loading=\"lazy\" decoding=\"async\" class=\"size-medium wp-image-8575\" src=\"https:\/\/i2.wp.com\/www.sidwaya.info\/wp-content\/uploads\/2019\/05\/prison.jpg?resize=300%2C169&#038;ssl=1\" alt=\"\" width=\"300\" height=\"169\" srcset=\"https:\/\/i2.wp.com\/www.sidwaya.info\/wp-content\/uploads\/2019\/05\/prison.jpg?resize=300%2C169&#038;ssl=1 300w, https:\/\/i2.wp.com\/www.sidwaya.info\/wp-content\/uploads\/2019\/05\/prison.jpg?resize=768%2C432&#038;ssl=1 768w, https:\/\/i2.wp.com\/www.sidwaya.info\/wp-content\/uploads\/2019\/05\/prison.jpg?resize=696%2C392&#038;ssl=1 696w, https:\/\/i2.wp.com\/www.sidwaya.info\/wp-content\/uploads\/2019\/05\/prison.jpg?resize=746%2C420&#038;ssl=1 746w, https:\/\/i2.wp.com\/www.sidwaya.info\/wp-content\/uploads\/2019\/05\/prison.jpg?w=787&#038;ssl=1 787w\" sizes=\"auto, (max-width: 300px) 100vw, 300px\" data-recalc-dims=\"1\"\/>\u2026 aux magistrats autour des difficult\u00e9s rencontr\u00e9es dans l\u2019application des r\u00e9formes l\u00e9gislatives.<\/p>\n<p>Et d\u2019ajouter que la mise en place du Secr\u00e9tariat permanent du CSM en 2016 a permis de mettre en \u0153uvre de \u00abfa\u00e7on concr\u00e8te\u00bb certaines r\u00e9formes, dont celles relatives \u00e0 l\u2019\u00e9valuation des magistrats, la mise en \u0153uvre des appels \u00e0 candidature, la mise en place de la commission d\u2019admission des requ\u00eates, la pr\u00e9paration des sessions du conseil de discipline, la mise en \u0153uvre de la limitation \u00e0 cinq ans de la dur\u00e9e d\u2019occupation d\u2019un poste dans les tribunaux de grande instance, l\u2019organisation de sessions de renforcement de capacit\u00e9s pour les membres du CSM, etc. Pour M. Coulibaly, les difficult\u00e9s rencontr\u00e9es \u00e0 la suite de la tenue des quatre sessions du conseil de discipline en 2018 prouvent que le chemin est encore long pour atteindre une auto gestion id\u00e9ale du CSM.<\/p>\n<p>\u00abLes r\u00e9formes l\u00e9gislatives de la Transition contiennent des limites objectives dont il convient de prendre la mesure afin de proposer des mesures correctives idoines pour une plus grande efficacit\u00e9 de l\u2019institution judiciaire de notre pays. C\u2019est \u00e0 ce travail que nous sommes invit\u00e9s durant les trois jours que va durer cette conf\u00e9rence\u00bb, a-t-il lanc\u00e9. Cela est d\u2019autant plus vrai, a fait savoir le ministre de la Justice, Garde des Sceaux, Ren\u00e9 Bagoro, que ces r\u00e9formes l\u00e9gislatives semblent comporter des incoh\u00e9rences avec certaines dispositions constitutionnelles si bien que leur relecture s\u2019av\u00e8re imp\u00e9rative.<\/p>\n<p>\u00abJ\u2019ai d\u00e9j\u00e0 mis en place un comit\u00e9 charg\u00e9 de mener la r\u00e9flexion dans ce sens et je m\u2019engage \u00e0 reverser les recommandations issues de vos travaux \u00e0 ce comit\u00e9\u00bb, a-t-il dit aux magistrats. Dans le cadre de la lutte contre le terrorisme, a ajout\u00e9 Ren\u00e9 Bagoro, il est devenu n\u00e9cessaire pour le pays, d\u2019\u0153uvrer pour un fonctionnement optimal de l\u2019appareil judiciaire. \u00abCelui-ci se doit d\u2019\u00eatre diligent, professionnel, impartial et conscient des enjeux et des cons\u00e9quences de sa passivit\u00e9, de son laxisme ou de son ind\u00e9licatesse\u00bb, a-t-il conclu.<\/p>\n<p class=\"c1\"><strong>Synth\u00e8se Jean-Marie TOE<\/strong><\/p>\n<div class=\"td-a-rec td-a-rec-id-content_bottom td_uid_31_5ced38493aac8_rand td_block_template_1\"><img loading=\"lazy\" decoding=\"async\" class=\"alignright size-full wp-image-1724\" src=\"https:\/\/www.sidwaya.info\/wp-content\/uploads\/2018\/12\/sidwaya-pub.jpg\" alt=\"\" width=\"720\" height=\"90\"\/><\/div>\n<p>Auteur: JK. Sidwaya<br \/>\n<a href=\"https:\/\/www.sidwaya.info\/blog\/2019\/05\/28\/reforme-du-secteur-de-la-justice-les-magistrats-jugent-les-incoherences\/\">Cliquez ici pour lire l&rsquo;article depuis sa source.<\/a><\/p>\n","protected":false},"excerpt":{"rendered":"<p>Pour le ministre de la Justice, Ren\u00e9 Bagoro, cette conf\u00e9rence offre un cadre de dialogue et d\u2019\u00e9changes \u2026 Le Conseil sup\u00e9rieur de la magistrature (CSM) organise, du 27 au 29 mai 2019 \u00e0 Ouagadougou, la conf\u00e9rence des magistrats. Quatre ans apr\u00e8s les Etats g\u00e9n\u00e9raux de la justice (mars 2015), les magistrats burkinab\u00e8 sont en conclave [&hellip;]<\/p>\n","protected":false},"author":1816,"featured_media":0,"comment_status":"closed","ping_status":"closed","sticky":false,"template":"","format":"standard","meta":{"fifu_image_url":"","fifu_image_alt":"","footnotes":""},"categories":[73,81],"tags":[],"class_list":["post-37048","post","type-post","status-publish","format-standard","hentry","category-actualite","category-burkina-faso"],"_links":{"self":[{"href":"https:\/\/linitiative.ca\/International\/wp-json\/wp\/v2\/posts\/37048","targetHints":{"allow":["GET"]}}],"collection":[{"href":"https:\/\/linitiative.ca\/International\/wp-json\/wp\/v2\/posts"}],"about":[{"href":"https:\/\/linitiative.ca\/International\/wp-json\/wp\/v2\/types\/post"}],"author":[{"embeddable":true,"href":"https:\/\/linitiative.ca\/International\/wp-json\/wp\/v2\/users\/1816"}],"replies":[{"embeddable":true,"href":"https:\/\/linitiative.ca\/International\/wp-json\/wp\/v2\/comments?post=37048"}],"version-history":[{"count":0,"href":"https:\/\/linitiative.ca\/International\/wp-json\/wp\/v2\/posts\/37048\/revisions"}],"wp:attachment":[{"href":"https:\/\/linitiative.ca\/International\/wp-json\/wp\/v2\/media?parent=37048"}],"wp:term":[{"taxonomy":"category","embeddable":true,"href":"https:\/\/linitiative.ca\/International\/wp-json\/wp\/v2\/categories?post=37048"},{"taxonomy":"post_tag","embeddable":true,"href":"https:\/\/linitiative.ca\/International\/wp-json\/wp\/v2\/tags?post=37048"}],"curies":[{"name":"wp","href":"https:\/\/api.w.org\/{rel}","templated":true}]}}