{"id":37052,"date":"2019-05-28T04:25:52","date_gmt":"2019-05-28T08:25:52","guid":{"rendered":"https:\/\/linitiative.ca\/International\/le-pdg-de-huawei-soppose-a-une-contre-attaque-de-la-chine-sur-apple\/"},"modified":"2019-05-28T04:25:52","modified_gmt":"2019-05-28T08:25:52","slug":"le-pdg-de-huawei-soppose-a-une-contre-attaque-de-la-chine-sur-apple","status":"publish","type":"post","link":"https:\/\/linitiative.ca\/International\/le-pdg-de-huawei-soppose-a-une-contre-attaque-de-la-chine-sur-apple\/","title":{"rendered":"Le PDG de Huawei s\u2019oppose \u00e0 une contre-attaque de la Chine sur Apple"},"content":{"rendered":"<h5>Et d\u00e9clare sa flamme \u00e0 l\u2019entreprise am\u00e9ricaine<\/h5>\n<p><strong>Le PDG de Huawei, Ren Zhengfei, n\u2019est pas favorable \u00e0 une contre-attaque du gouvernement chinois contre Apple et assure que la firme \u00e0 la pomme\u00a0<\/strong><em>\u201cest son professeur\u201d<\/em><strong>.<\/strong><\/p>\n<p>Alors que l\u2019\u00e9tau se resserre autour de Huawei, beaucoup d\u2019analystes estiment que la Chine va r\u00e9pondre aux \u00c9tats-Unis en s\u2019attaquant \u00e0 Apple. Une strat\u00e9gie qui n\u2019a pas l\u2019aval de Ren Zhengfei, fondateur et PDG de la firme chinoise. Interrog\u00e9 par Bloomberg, le milliardaire affirme qu\u2019il serait \u201cle premier \u00e0 protester\u201d si la Chine s\u2019attaquait au g\u00e9ant de Cupertino. Dans la foul\u00e9e, l\u2019homme d\u2019affaires en a \u00e9galement profit\u00e9 pour d\u00e9clarer ses amours entrepreneuriales envers le californien.<\/p>\n<p>La position du PDG de Huawei est donc tr\u00e8s ferme. La Chine ne doit pas d\u00e9cider de sanctionner Apple suite aux embargos am\u00e9ricains sur Huawei.\u00a0<em>\u201cPremi\u00e8rement, cela n\u2019arrivera pas,\u00a0<\/em>commence-t-il.\u00a0<em>Ensuite, m\u00eame si cela arrive, je serai le premier \u00e0 protester. Apple est leader dans le monde. S\u2019il n\u2019\u00e9tait pas l\u00e0, il n\u2019y aurait pas d\u2019Internet mobile. S\u2019il n\u2019y avait pas eu Apple pour nous montrer le monde, nous ne verrions pas la beaut\u00e9 de cette plan\u00e8te. Apple est mon professeur. Il nous montre la voie. En tant qu\u2019\u00e9tudiant, pourquoi m\u2019opposerais-je \u00e0 mon professeur\u00a0? Je ne le ferai jamais.\u201d<\/em>\u00a0Des propos fermes, voire romantiques, port\u00e9s par le fondateur de Huawei. Cependant, sa condition de fan d\u2019Apple n\u2019est pas une nouveaut\u00e9. Le 22\u00a0mai dernier, lors d\u2019une interview pour\u00a0<em>Business Insider<\/em>, il avouait acheter des iPhone aux membres de sa famille pour leurs vacances \u00e0 l\u2019\u00e9tranger.<\/p>\n<p>Pour le moment, aucune action chinoise contre Apple n\u2019a \u00e9t\u00e9 officiellement \u00e9voqu\u00e9e. Cependant, certains analystes de Goldman Sachs affirment que l\u2019entreprise\u00a0Apple perdrait 30\u00a0% de son chiffre d\u2019affaires si elle \u00e9tait bannie de Chine. En allant encore plus loin, le gouvernement chinois pourrait d\u00e9cider d\u2019emp\u00eacher la production d\u2019iPhone, r\u00e9alis\u00e9e par Foxconn \u00e0 Shenzhen. Deux options inqui\u00e9tantes pour la firme \u00e0 la pomme.\u00a0<\/p>\n<p>le numeriques<\/p>\n<p class=\"dpsp-share-text\">Partager c&rsquo;est aimer!<\/p>\n<div class=\"wp-post-author-wrap wp-post-author-shortcode left\">\n<h3 class=\"awpa-title\"\/>\n<div class=\"wp-post-author\">\n<div class=\"awpa-img awpa-author-block square\"><a href=\"http:\/\/lexpertjournal.net\/fr\/author\/expert\/\"><img loading=\"lazy\" decoding=\"async\" alt=\"\" src=\"http:\/\/2.gravatar.com\/avatar\/56d99be2a6f97af88ccb49fada637fcd?s=150&#038;d=mm&#038;r=g\" srcset=\"http:\/\/2.gravatar.com\/avatar\/56d99be2a6f97af88ccb49fada637fcd?s=300&#038;d=mm&#038;r=g 2x\" class=\"avatar avatar-150 photo\" height=\"150\" width=\"150\"\/><\/a><\/div>\n<\/div>\n<\/div>\n<p>Auteur: L&rsquo;expert<br \/>\n<a href=\"http:\/\/lexpertjournal.net\/fr\/2019\/05\/28\/le-pdg-de-huawei-soppose-a-une-contre-attaque-de-la-chine-sur-apple\/\">Cliquez ici pour lire l&rsquo;article depuis sa source.<\/a><\/p>\n","protected":false},"excerpt":{"rendered":"<p>Et d\u00e9clare sa flamme \u00e0 l\u2019entreprise am\u00e9ricaine Le PDG de Huawei, Ren Zhengfei, n\u2019est pas favorable \u00e0 une contre-attaque du gouvernement chinois contre Apple et assure que la firme \u00e0 la pomme\u00a0\u201cest son professeur\u201d. Alors que l\u2019\u00e9tau se resserre autour de Huawei, beaucoup d\u2019analystes estiment que la Chine va r\u00e9pondre aux \u00c9tats-Unis en s\u2019attaquant \u00e0 [&hellip;]<\/p>\n","protected":false},"author":1775,"featured_media":0,"comment_status":"closed","ping_status":"closed","sticky":false,"template":"","format":"standard","meta":{"fifu_image_url":"","fifu_image_alt":"","footnotes":""},"categories":[78,55],"tags":[],"class_list":["post-37052","post","type-post","status-publish","format-standard","hentry","category-economie","category-tunisie"],"_links":{"self":[{"href":"https:\/\/linitiative.ca\/International\/wp-json\/wp\/v2\/posts\/37052","targetHints":{"allow":["GET"]}}],"collection":[{"href":"https:\/\/linitiative.ca\/International\/wp-json\/wp\/v2\/posts"}],"about":[{"href":"https:\/\/linitiative.ca\/International\/wp-json\/wp\/v2\/types\/post"}],"author":[{"embeddable":true,"href":"https:\/\/linitiative.ca\/International\/wp-json\/wp\/v2\/users\/1775"}],"replies":[{"embeddable":true,"href":"https:\/\/linitiative.ca\/International\/wp-json\/wp\/v2\/comments?post=37052"}],"version-history":[{"count":0,"href":"https:\/\/linitiative.ca\/International\/wp-json\/wp\/v2\/posts\/37052\/revisions"}],"wp:attachment":[{"href":"https:\/\/linitiative.ca\/International\/wp-json\/wp\/v2\/media?parent=37052"}],"wp:term":[{"taxonomy":"category","embeddable":true,"href":"https:\/\/linitiative.ca\/International\/wp-json\/wp\/v2\/categories?post=37052"},{"taxonomy":"post_tag","embeddable":true,"href":"https:\/\/linitiative.ca\/International\/wp-json\/wp\/v2\/tags?post=37052"}],"curies":[{"name":"wp","href":"https:\/\/api.w.org\/{rel}","templated":true}]}}