{"id":37056,"date":"2019-05-28T05:22:00","date_gmt":"2019-05-28T09:22:00","guid":{"rendered":"https:\/\/linitiative.ca\/International\/selma-elloumi-rekik-pourquoi-a-t-elle-quitte-carthage-quel-est-son-projet-album-photos\/"},"modified":"2019-05-28T05:22:00","modified_gmt":"2019-05-28T09:22:00","slug":"selma-elloumi-rekik-pourquoi-a-t-elle-quitte-carthage-quel-est-son-projet-album-photos","status":"publish","type":"post","link":"https:\/\/linitiative.ca\/International\/selma-elloumi-rekik-pourquoi-a-t-elle-quitte-carthage-quel-est-son-projet-album-photos\/","title":{"rendered":"Selma Elloumi Rekik: Pourquoi a-t-elle quitt\u00e9 Carthage? Quel est son projet? (Album photos)"},"content":{"rendered":"<p><span class=\"c2\">Radieuse. Elle a retrouv\u00e9 ses belles couleurs comme lib\u00e9r\u00e9e d\u2019un fardeau qui lui pesait sur les \u00e9paules. Et comme exalt\u00e9e par la nouvelle mission qu\u2019elle s\u2019assigne. Selma Elloumi Rekik, qui vient de renoncer \u00e0 ses fonctions de ministre directeur du cabinet pr\u00e9sidentiel \u00e0 Carthage, est sereine. La d\u00e9cision n\u2019a pas \u00e9t\u00e9 facile \u00e0 prendre : quitter son mentor en politique, et qui plus est de la trempe du pr\u00e9sident B\u00e9ji Ca\u00efd Essebsi. Mais, en fait, point de s\u00e9paration. \u00ab Juste un retrait pour respecter le contrat de neutralit\u00e9 politique\u00bb que le chef de l\u2019Etat a impos\u00e9 \u00e0 tous ses collaborateurs, son directeur de cabinet, le premier, confie-t-elle \u00e0 Leaders. Les liens avec le Pr\u00e9sident restent forts. Ind\u00e9fectibles, ajoute Mme Elloumi Rekik. \u00abMais, pouvais-je rester insensible \u00e0 tant de fractures dans la famille nidaiste et plus largement le camp d\u00e9mocrate et moderniste ? Aucune chance de sauver la situation si on ne se remet pas ensemble\u00bb.<br \/><\/span><\/p>\n<p><span class=\"c2\">Comment Selma Elloumi Rekik a connu B\u00e9ji Ca\u00efd Essebsi ? Pourquoi a-t-elle accept\u00e9 de diriger son cabinet ? Et qu\u2019est-ce qui l\u2019a pouss\u00e9e \u00e0 reprendre sa libert\u00e9 d\u2019action pour replonger en politique? Interview.<\/span><\/p>\n<p>La premi\u00e8re fois que j\u2019avais rencontr\u00e9 le pr\u00e9sident Ca\u00efd Essebsi, c\u2019\u00e9tait en 2005. C\u2019\u00e9tait rapide, mais il m\u2019avait d\u00e9j\u00e0 laiss\u00e9 une grande impression. Je suis all\u00e9e le voir, avec des amis, d\u00e9but 2012, lorsqu\u2019il avait lanc\u00e9 son appel (Nidaa) de sursaut national, pour lui t\u00e9moigner de notre soutien et lui exprimer notre disponibilit\u00e9 \u00e0 nous r\u00e9unir autour de lui pour mener ce combat. C\u2019est ainsi que je me suis retrouv\u00e9e parmi les membres fondateurs, sous sa pr\u00e9sidence, du mouvement Nidaa Toun\u00e8s.<\/p>\n<p>C\u2019\u00e9tait une p\u00e9riode fort exaltante. Le Pr\u00e9sident faisait montre de tout son grand talent politique, se d\u00e9ployant \u00e0 tous les niveaux. Et c\u2019\u00e9tait spectaculaire: tous venaient vers lui, le consid\u00e9rant capable de renverser la situation, d\u2019emp\u00eacher un bain de sang, de pr\u00e9server les acquis, notamment ceux de la femme, et d\u2019\u00e9viter que la Tunisie bascule dans l\u2019aventure et le chaos.<br \/>Je faisais \u00e0 ses c\u00f4t\u00e9s mon apprentissage en politique. Admise dans son cercle rapproch\u00e9, j\u2019avais eu le privil\u00e8ge d\u2019assister \u00e0 nombre d\u2019audiences qu\u2019il accordait \u00e0 ses nombreux visiteurs, tunisiens et \u00e9trangers. Il les \u00e9patait par sa grande connaissance du pays et des hommes, mais aussi de l\u2019histoire de la plupart des pays et de la g\u00e9opolitique dans le monde, avec des d\u00e9tails pr\u00e9cis, signe d\u2019une excellente m\u00e9moire. A tous, il tenait le m\u00eame langage, sans jamais s\u2019attaquer aux personnes : il ne faut penser qu\u2019au pays et \u00e0 ses int\u00e9r\u00eats. Il ne manque aucune occasion pour valoriser la Tunisie et les Tunisiens.<\/p>\n<h2>Cette proximit\u00e9 s\u2019est poursuivie apr\u00e8s l\u2019accession de Ca\u00efd Essebsi \u00e0 Carthage et votre nomination au gouvernement en tant que ministre du Tourisme et de l\u2019Artisanat?<\/h2>\n<p>C\u2019est diff\u00e9rent ! Elue d\u00e9put\u00e9e Nidaa dans la circonscription de Nabeul \u00e0 l\u2019Assembl\u00e9e des repr\u00e9sentants du peuple, j\u2019ai rejoint le gouvernement de Si Habib Essid. Je continuais \u00e0 aller voir le Pr\u00e9sident, pour le saluer et le tenir inform\u00e9 de mes activit\u00e9s. Soucieux du respect des pr\u00e9rogatives respectives, il n\u2019intervenait jamais dans l\u2019action du gouvernement. Mais, il me faisait b\u00e9n\u00e9ficier de ses \u00e9clairages, m\u2019invitant toujours \u00e0 faire moi-m\u00eame les bons choix qui s\u2019imposent.<\/p>\n<h2>Comment vous a-t-il propos\u00e9 de prendre la direction du cabinet pr\u00e9sidentiel?<\/h2>\n<p>C\u2019\u00e9tait au d\u00e9tour d\u2019une conversation, mi-octobre, comme j\u2019avais souvent l\u2019occasion d\u2019en avoir avec lui. \u00ab Pourquoi ne pas venir ici \u00e0 Carthage ?\u00a0 R\u00e9fl\u00e9chissez \u00e0 la question !\u00bb m\u2019a-t-il lanc\u00e9 sans chercher \u00e0 m\u2019imposer la moindre r\u00e9ponse positive. J\u2019ai imm\u00e9diatement r\u00e9pondu: Oui ! Je n\u2019ai pas \u00e0 r\u00e9fl\u00e9chir face \u00e0 pareille opportunit\u00e9. \u00abMais, comme vous faites partie du gouvernement, je dois en parler avec le chef du gouvernement\u00bb, me dira-t-il. Et c\u2019est ce qui fut fait. Il a \u00e9t\u00e9 convenu que je continue \u00e0 exercer mes fonctions \u00e0 la t\u00eate du minist\u00e8re du Tourisme et de l\u2019Artisanat jusqu\u2019\u00e0 la fin du mois et pr\u00e9parer la passation avec mon successeur. D\u00e8s le premier novembre, j\u2019ai pris mes nouvelles fonctions \u00e0 Carthage.<\/p>\n<h2>Comment avez-vous trouv\u00e9 le cabinet pr\u00e9sidentiel?<\/h2>\n<p>C\u2019est tr\u00e8s diff\u00e9rent du gouvernement. Une \u00e9quipe r\u00e9duite mais de tr\u00e8s grande valeur, gu\u00e8re visible, fait fonctionner une institution aux solides traditions et rouages bien huil\u00e9s. Elle \u00e9pouse la vision du pr\u00e9sident de la R\u00e9publique, r\u00e9pond \u00e0 ses demandes de traitement en profondeur, document\u00e9 et dans le d\u00e9tail de chaque dossier qui lui est soumis et met en musique ses d\u00e9cisions. Un travail \u00e9norme qui se poursuit sans rel\u00e2che \u00e0 tout appel, afin d\u2019informer le Pr\u00e9sident de toute urgence et ex\u00e9cuter ses instructions.<\/p>\n<p>La Pr\u00e9sidence, contrairement \u00e0 ce qu\u2019on pense, a un r\u00f4le tr\u00e8s important \u00e0 jouer. M\u00eame dans les domaines qui ne rel\u00e8vent pas de ses attributions constitutionnelles, comme l\u2019\u00e9conomie ou le social, le pr\u00e9sident de la R\u00e9publique peut demander des pr\u00e9cisions, attirer l\u2019attention sur des situations et autres.<\/p>\n<p>Ma fonction de directeur de cabinet est d\u2019assurer la coordination et de g\u00e9rer l\u2019ensemble des services, comme si c\u2019\u00e9tait un minist\u00e8re, mais une institution de premier ordre.<\/p>\n<h2>Est-il facile de travailler avec le pr\u00e9sident Ca\u00efd Essebsi?<\/h2>\n<p>Un apprentissage quotidien au sommet de l\u2019Etat, aupr\u00e8s d\u2019un pr\u00e9sident exceptionnel!<\/p>\n<p>Connaissant parfaitement le fonctionnement de l\u2019Administration et les rouages de l\u2019Etat, le Pr\u00e9sident Ca\u00efd Essebsi est d\u2019une tr\u00e8s grande rigueur. Tout doit \u00eatre bien document\u00e9, argument\u00e9, discut\u00e9 au pr\u00e9alable au sein des \u00e9quipes et trait\u00e9 en profondeur, et toutes les options doivent \u00eatre pr\u00e9vues avant qu\u2019on ne les lui soumette. Le cabinet pr\u00e9pare et propose, le Pr\u00e9sident d\u00e9cide. C\u2019est une v\u00e9ritable \u00e9cole et j\u2019ai beaucoup appris tout au long de cette p\u00e9riode pass\u00e9e \u00e0 ses c\u00f4t\u00e9s. Beaucoup plus qu\u2019auparavant. C\u2019est d\u2019un niveau compl\u00e8tement diff\u00e9rent. Le Pr\u00e9sident a un sens de l\u2019Etat aussi rarement d\u00e9velopp\u00e9.<\/p>\n<h2>Quand avez-vous commenc\u00e9 \u00e0 envisager votre retrait du cabinet pr\u00e9sidentiel?<\/h2>\n<p>Le Pr\u00e9sident Ca\u00efd Essebsi a une conception tr\u00e8s claire en la mati\u00e8re : il exige de tous ses collaborateurs \u00e0 la Pr\u00e9sidence une neutralit\u00e9 totale par rapport aux partis politiques. Ils doivent rester au service de l\u2019Etat et ne sauraient exprimer la moindre pr\u00e9f\u00e9rence aux uns ou aux autres. Je le comprends parfaitement, connaissant son sens de l\u2019Etat. Mais, j\u2019\u00e9tais boulevers\u00e9e par ce qui se passe sur la sc\u00e8ne politique, la multiplication des fractures, l\u2019enlisement des d\u00e9bats dans des querelles personnelles, loin des pr\u00e9occupations quotidiennes et des urgences du pays. Pouvais-je y rester insensible, et me contenter d\u2019observer \u00e0 mon corps d\u00e9fendant la descente vers les ab\u00eemes, noy\u00e9e dans ma bulle sans r\u00e9agir?<\/p>\n<p>Je bouillonnais d\u2019envie d\u2019intervenir, mais je ne pouvais le faire, brid\u00e9e que j\u2019\u00e9tais par mes fonctions officielles. Venant du monde de l\u2019entreprise, en adh\u00e9rant \u00e0 Nidaa, puis en acceptant un poste de ministre, puis celui de ministre directeur du cabinet pr\u00e9sidentiel, je m\u2019assignais un combat, une mission, plus qu\u2019une fonction. Et je me suis pleinement investie dans l\u2019accomplissement de cette mission, me fixant des objectifs pr\u00e9cis.\u00a0 Connaissant l\u2019intransigeance du Pr\u00e9sident quant \u00e0 l\u2019engagement politique de ses collaborateurs, je n\u2019avais d\u2019autre solution que de lui soumettre mon d\u00e9part.<\/p>\n<h2>Comment \u00e7a s\u2019est pass\u00e9?<\/h2>\n<p>Dix jours durant, avant ce mercredi 15 mai, j\u2019avais tourn\u00e9 et retourn\u00e9 ma d\u00e9cision dans la t\u00eate. Pas facile \u00e0 prendre. Mais, j\u2019\u00e9tais r\u00e9solue \u00e0 y aller. Si je reprends ma libert\u00e9, c\u2019est pour \u0153uvrer en faveur du renflouement du mouvement d\u00e9mocratique et moderniste que le Pr\u00e9sident Ca\u00efd Essebsi a initi\u00e9 en constituant Nidaa. La d\u00e9marche, n\u00e9cessaire \u00e0 entreprendre, n\u2019est pas encore totalement trac\u00e9e : rep\u00eacher Nidaa ou \u00e9tablir une large et solide plateforme \u00e0 laquelle s\u2019arrimera le plus grand nombre possible d\u2019anciens nida\u00efstes, mais aussi toutes les bonnes volont\u00e9s qui le souhaitent. Un regroupement salutaire pour les valeurs r\u00e9publicaines de libert\u00e9, de d\u00e9mocratie et de progr\u00e8s et dans l\u2019int\u00e9r\u00eat de la Tunisie et des Tunisiens.<br \/>Je ne sais pas si j\u2019y arriverai, mais sans doute je suis capable d\u2019y contribuer utilement et de toute fa\u00e7on convaincue de l\u2019urgence de la d\u00e9marche et de son opportunit\u00e9. J\u2019\u00e9tais d\u00e9cid\u00e9e \u00e0 y aller. Mais, avant de m\u2019y engager, je voulais avoir l\u2019accord du Pr\u00e9sident.<\/p>\n<h2>C\u2019\u00e9tait n\u00e9cessaire?<\/h2>\n<p>Oui, et important. Je lui ai toujours tout dit, comme je l\u2019avais toujours fait avec mon p\u00e8re. Je voulais l\u2019apprendre moi-m\u00eame au Pr\u00e9sident avant qu\u2019il ne le sache par ailleurs. En politique, j\u2019ai tout appris de lui. Je lui dois fid\u00e9lit\u00e9.<\/p>\n<p>Cet entretien avec le pr\u00e9sident Ca\u00efd Essebsi devait \u00eatre charg\u00e9 d\u2019\u00e9motion&#8230;<\/p>\n<p>Sans doute ! Enorm\u00e9ment pour moi. Surtout quand l\u2019homme d\u2019Etat a r\u00e9agi avec tout ce que le sens de la R\u00e9publique lui commande, mais aussi avec une r\u00e9elle affection. Evidemment, il a voulu s\u2019assurer du degr\u00e9 de ma r\u00e9solution, me demandant de revenir sur ma d\u00e9mission. Mais, finalement convaincu de ma d\u00e9termination, il m\u2019a dit que ses v\u0153ux de succ\u00e8s m\u2019accompagneront dans ce que je compte entreprendre.<\/p>\n<h2>Et maintenant?<\/h2>\n<p>Aucune chance de sauver la situation si on ne se remet pas ensemble. Pour le moment, je me contente d\u2019observer, d\u2019\u00e9couter et de pr\u00eacher le rassemblement. Beaucoup viennent me voir. De divers bords et g\u00e9n\u00e9rations. A les \u00e9couter, je per\u00e7ois dans leurs propos une sinc\u00e8re volont\u00e9 de transcender les clivages et de converger vers l\u2019essentiel.<\/p>\n<p>L\u2019\u0153uvre exige sans doute plus de d\u00e9bats et de concertation.<\/p>\n<p>Mais, l\u2019urgence de la situation nous y presse.<\/p>\n<p><strong>Lire aussi<\/strong><\/p>\n<p><a href=\"https:\/\/www.leaders.com.tn\/article\/27111-salma-elloumi\" target=\"_blank\" rel=\"noopener noreferrer\">Pourquoi Selma Elloumi Rekik quitte la direction du Cabinet pr\u00e9sidentiel<\/a><\/p>\n<p><a href=\"https:\/\/www.leaders.com.tn\/article\/27115-comment-caid-essebsi-a-reagi-a-la-demission-de-selma-elloumi-rekik\" target=\"_blank\" rel=\"noopener noreferrer\">Comment Ca\u00efd Essebsi a r\u00e9agi \u00e0 la d\u00e9mission de Selma Elloumi Rekik<\/a><\/p>\n<p class=\"c3\"><a href=\"https:\/\/www.leaders.com.tn\/le_mensuel_abonnez_vous\" target=\"_blank\" rel=\"noopener noreferrer\"><img loading=\"lazy\" decoding=\"async\" src=\"\/uploads\/FCK_files\/Bandeau-Leaders-1-copie(20).jpg\" alt=\"\" width=\"500\" vspace=\"5\" hspace=\"5\" height=\"128\" align=\"middle\"\/><\/a><br \/>\u00a0<\/p>\n<p>Auteur:<br \/>\n<a href=\"https:\/\/www.leaders.com.tn\/article\/27185-selma-elloumi-rekik-pourquoi-a-t-elle-quitte-carthage-quel-est-son-projet\">Cliquez ici pour lire l&rsquo;article depuis sa source.<\/a><\/p>\n","protected":false},"excerpt":{"rendered":"<p>Radieuse. Elle a retrouv\u00e9 ses belles couleurs comme lib\u00e9r\u00e9e d\u2019un fardeau qui lui pesait sur les \u00e9paules. Et comme exalt\u00e9e par la nouvelle mission qu\u2019elle s\u2019assigne. Selma Elloumi Rekik, qui vient de renoncer \u00e0 ses fonctions de ministre directeur du cabinet pr\u00e9sidentiel \u00e0 Carthage, est sereine. La d\u00e9cision n\u2019a pas \u00e9t\u00e9 facile \u00e0 prendre : [&hellip;]<\/p>\n","protected":false},"author":1772,"featured_media":37063,"comment_status":"closed","ping_status":"closed","sticky":false,"template":"","format":"standard","meta":{"fifu_image_url":"","fifu_image_alt":"","footnotes":""},"categories":[73,55],"tags":[],"class_list":["post-37056","post","type-post","status-publish","format-standard","has-post-thumbnail","hentry","category-actualite","category-tunisie"],"_links":{"self":[{"href":"https:\/\/linitiative.ca\/International\/wp-json\/wp\/v2\/posts\/37056","targetHints":{"allow":["GET"]}}],"collection":[{"href":"https:\/\/linitiative.ca\/International\/wp-json\/wp\/v2\/posts"}],"about":[{"href":"https:\/\/linitiative.ca\/International\/wp-json\/wp\/v2\/types\/post"}],"author":[{"embeddable":true,"href":"https:\/\/linitiative.ca\/International\/wp-json\/wp\/v2\/users\/1772"}],"replies":[{"embeddable":true,"href":"https:\/\/linitiative.ca\/International\/wp-json\/wp\/v2\/comments?post=37056"}],"version-history":[{"count":0,"href":"https:\/\/linitiative.ca\/International\/wp-json\/wp\/v2\/posts\/37056\/revisions"}],"wp:featuredmedia":[{"embeddable":true,"href":"https:\/\/linitiative.ca\/International\/wp-json\/"}],"wp:attachment":[{"href":"https:\/\/linitiative.ca\/International\/wp-json\/wp\/v2\/media?parent=37056"}],"wp:term":[{"taxonomy":"category","embeddable":true,"href":"https:\/\/linitiative.ca\/International\/wp-json\/wp\/v2\/categories?post=37056"},{"taxonomy":"post_tag","embeddable":true,"href":"https:\/\/linitiative.ca\/International\/wp-json\/wp\/v2\/tags?post=37056"}],"curies":[{"name":"wp","href":"https:\/\/api.w.org\/{rel}","templated":true}]}}