{"id":37066,"date":"2019-05-28T07:13:59","date_gmt":"2019-05-28T11:13:59","guid":{"rendered":"https:\/\/linitiative.ca\/International\/neet-ces-jeunes-sans-emploi-et-hors-du-systeme-scolaire-seraient-pres-de-6-millions-en-2019\/"},"modified":"2019-05-28T07:13:59","modified_gmt":"2019-05-28T11:13:59","slug":"neet-ces-jeunes-sans-emploi-et-hors-du-systeme-scolaire-seraient-pres-de-6-millions-en-2019","status":"publish","type":"post","link":"https:\/\/linitiative.ca\/International\/neet-ces-jeunes-sans-emploi-et-hors-du-systeme-scolaire-seraient-pres-de-6-millions-en-2019\/","title":{"rendered":"NEET : Ces jeunes sans emploi et hors du syst\u00e8me scolaire seraient pr\u00e8s de 6 millions en 2019"},"content":{"rendered":"<p><img decoding=\"async\" class=\"post_layout_5_img\" src=\"http:\/\/aujourdhui.ma\/wp-content\/uploads\/2019\/05\/jeunes-Cho%CC%82mage-Immigration.jpg?x29840\" alt=\"NEET : Ces jeunes sans emploi et hors du syst\u00e8me scolaire seraient pr\u00e8s de 6 millions en 2019\"\/><\/p>\n<p class=\"p1\"><span class=\"c4\"><strong><em>L\u2019ONDH lance une \u00e9tude sur cette cat\u00e9gorie mal connue<\/em><\/strong><\/span> <span id=\"more-312010\"\/><\/p>\n<p class=\"p1\">L\u2019Observatoire national du d\u00e9veloppement (ONDH) va r\u00e9aliser une importante \u00e9tude sur les jeunes qui sont sans emploi, hors du syst\u00e8me scolaire et ne suivent aucune formation, \u00e0 savoir les NEET (Not in Employment, in Education or Training). L\u2019Observatoire vient ainsi de lancer un appel \u00e0 candidature pour le recrutement d\u2019un groupe d\u2019experts. Estim\u00e9s \u00e0 pr\u00e8s de 6 millions en 2019 (selon les projections d\u00e9mographiques 2014-2050 du HCP), ces jeunes \u00e2g\u00e9s de 15 \u00e0 24 ans sont totalement ignor\u00e9s.<\/p>\n<p class=\"p1\">L\u2019ONDH fait remarquer que les taux de ch\u00f4mage les plus \u00e9lev\u00e9s sont constat\u00e9s, en particulier, parmi les jeunes \u00e2g\u00e9s de 15 \u00e0 24 ans, soit 23,1%, les d\u00e9tenteurs d\u2019un dipl\u00f4me avec un taux de 16,5%<span class=\"Apple-converted-space\">\u00a0<\/span> et pour tous les NEET. D\u2019apr\u00e8s l\u2019enqu\u00eate Panel des m\u00e9nages de l\u2019ONDH, la proportion des jeunes NEET dans la population s\u2019\u00e9tait \u00e9lev\u00e9e en 2017, \u00e0 31,5%. Cette \u00e9tude quantitative sera r\u00e9alis\u00e9e dans cinq r\u00e9gions, \u00e0 savoir Casablanca -Settat, Tanger-T\u00e9touan-Al Hoceima, l\u2019Oriental, F\u00e8s-Mekn\u00e8s et Marrakech-Safi.<\/p>\n<p class=\"p1\">Les deux milieux urbain et rural seront concern\u00e9s. Celle-ci<span class=\"Apple-converted-space\">\u00a0<\/span> a pour finalit\u00e9 de dresser un profil sur cette population de laiss\u00e9s-pour-compte \u00e0 travers un diagnostic et une analyse qualitative territorialis\u00e9e sur ces jeunes, et ce en compl\u00e9mentarit\u00e9 avec les travaux quantitatifs men\u00e9s par l\u2019ONDH-Banque mondiale.<span class=\"Apple-converted-space\">\u00a0<\/span> Il s\u2019agira de mieux comprendre l\u2019origine et le contexte de l\u2019exclusion de ces NEET, les obstacles auxquels ils sont confront\u00e9s et les ayant men\u00e9s \u00e0 cette situation.<\/p>\n<p class=\"p1\">Cette enqu\u00eate aura aussi pour finalit\u00e9<span class=\"Apple-converted-space\">\u00a0<\/span> d\u2019identifier les m\u00e9canismes pour une insertion \u00e9conomique et sociale efficiente de cette cat\u00e9gorie de la population. L\u2019insertion professionnelle des \u00abNeet\u00bb est aujourd\u2019hui un enjeu majeur pour le gouvernement. Cette cat\u00e9gorie de jeunes qui ont pour la plupart quitt\u00e9 les \u00e9tudes tr\u00e8s t\u00f4t, sans<span class=\"Apple-converted-space\">\u00a0<\/span> dipl\u00f4mes, a besoin d\u2019\u00eatre accompagn\u00e9e vers l\u2019emploi<span class=\"Apple-converted-space\">\u00a0<\/span> \u00e0 travers des formations sp\u00e9cifiques.<\/p>\n<p>Auteur: ALM<br \/>\n<a href=\"http:\/\/aujourdhui.ma\/societe\/neet-ces-jeunes-sans-emploi-et-hors-du-systeme-scolaire-seraient-pres-de-6-millions-en-2019\">Cliquez ici pour lire l&rsquo;article depuis sa source.<\/a><\/p>\n","protected":false},"excerpt":{"rendered":"<p>L\u2019ONDH lance une \u00e9tude sur cette cat\u00e9gorie mal connue L\u2019Observatoire national du d\u00e9veloppement (ONDH) va r\u00e9aliser une importante \u00e9tude sur les jeunes qui sont sans emploi, hors du syst\u00e8me scolaire et ne suivent aucune formation, \u00e0 savoir les NEET (Not in Employment, in Education or Training). L\u2019Observatoire vient ainsi de lancer un appel \u00e0 candidature [&hellip;]<\/p>\n","protected":false},"author":1759,"featured_media":0,"comment_status":"closed","ping_status":"closed","sticky":false,"template":"","format":"standard","meta":{"fifu_image_url":"","fifu_image_alt":"","footnotes":""},"categories":[73,54],"tags":[],"class_list":["post-37066","post","type-post","status-publish","format-standard","hentry","category-actualite","category-maroc"],"_links":{"self":[{"href":"https:\/\/linitiative.ca\/International\/wp-json\/wp\/v2\/posts\/37066","targetHints":{"allow":["GET"]}}],"collection":[{"href":"https:\/\/linitiative.ca\/International\/wp-json\/wp\/v2\/posts"}],"about":[{"href":"https:\/\/linitiative.ca\/International\/wp-json\/wp\/v2\/types\/post"}],"author":[{"embeddable":true,"href":"https:\/\/linitiative.ca\/International\/wp-json\/wp\/v2\/users\/1759"}],"replies":[{"embeddable":true,"href":"https:\/\/linitiative.ca\/International\/wp-json\/wp\/v2\/comments?post=37066"}],"version-history":[{"count":0,"href":"https:\/\/linitiative.ca\/International\/wp-json\/wp\/v2\/posts\/37066\/revisions"}],"wp:attachment":[{"href":"https:\/\/linitiative.ca\/International\/wp-json\/wp\/v2\/media?parent=37066"}],"wp:term":[{"taxonomy":"category","embeddable":true,"href":"https:\/\/linitiative.ca\/International\/wp-json\/wp\/v2\/categories?post=37066"},{"taxonomy":"post_tag","embeddable":true,"href":"https:\/\/linitiative.ca\/International\/wp-json\/wp\/v2\/tags?post=37066"}],"curies":[{"name":"wp","href":"https:\/\/api.w.org\/{rel}","templated":true}]}}