{"id":37070,"date":"2019-05-28T07:19:49","date_gmt":"2019-05-28T11:19:49","guid":{"rendered":"https:\/\/linitiative.ca\/International\/naciri-larbitre-a-totalement-gache-la-finale-aller\/"},"modified":"2019-05-28T07:19:49","modified_gmt":"2019-05-28T11:19:49","slug":"naciri-larbitre-a-totalement-gache-la-finale-aller","status":"publish","type":"post","link":"https:\/\/linitiative.ca\/International\/naciri-larbitre-a-totalement-gache-la-finale-aller\/","title":{"rendered":"Naciri : L\u2019arbitre \u00aba totalement g\u00e2ch\u00e9\u00bb la finale aller"},"content":{"rendered":"<p><img decoding=\"async\" class=\"post_layout_5_img\" src=\"http:\/\/aujourdhui.ma\/wp-content\/uploads\/2019\/05\/Said-Naciri-Wydad.jpg?x29840\" alt=\"Naciri : L\u2019arbitre \u00aba totalement g\u00e2ch\u00e9\u00bb la finale aller\"\/><\/p>\n<p class=\"p1\"><span class=\"c4\"><strong><em>Ligue des Champions : La FRMF saisit la CAF<\/em><\/strong><\/span><span id=\"more-312025\"\/><\/p>\n<div class=\"base-box mom_box_sc_custom mom_box_sc clear c5\" readability=\"10\">\n<p class=\"p1\"><em>Le match a \u00e9t\u00e9 entach\u00e9 de d\u00e9cisions arbitrales d\u00e9favorables aux Rouge et Blanc, essentiellement un but refus\u00e9 en fin de premi\u00e8re partie pour une s\u00e9v\u00e8re faute de main et un p\u00e9nalty non siffl\u00e9 en deuxi\u00e8me mi-temps.<\/em><\/p>\n<\/div>\n<p class=\"p1\"><span class=\"s1\">L\u2019arbitre \u00e9gyptien Jihad Gricha \u00aba totalement g\u00e2ch\u00e9\u00bb la finale aller de la Ligue des Champions de la CAF (1-1), en commettant des erreurs tr\u00e8s pr\u00e9judiciables au Wydad de Casablanca contre l\u2019Esp\u00e9rance de Tunis, a regrett\u00e9, dimanche, le pr\u00e9sident du club marocain Said Naciri.<\/span><\/p>\n<p class=\"p1\"><span class=\"s1\">Le match, disput\u00e9 vendredi dernier \u00e0 Rabat, a \u00e9t\u00e9 entach\u00e9 de d\u00e9cisions arbitrales d\u00e9favorables aux Rouge et Blanc, essentiellement un but refus\u00e9 en fin de premi\u00e8re partie pour une s\u00e9v\u00e8re faute de main et un p\u00e9nalty non siffl\u00e9 en deuxi\u00e8me mi-temps.<\/span><\/p>\n<p class=\"p1\"><span class=\"s1\">Au cours d\u2019une conf\u00e9rence de presse, tenue dans la capitale \u00e9conomique, M. Naciri a d\u00e9nonc\u00e9 cette \u00abmascarade de l\u2019arbitrage\u00bb, alors que le Wydad croyait que l\u2019utilisation du VAR (assistance vid\u00e9o) \u00e9tait \u00e0 m\u00eame de parer \u00e0 ce genre d\u2019erreurs.<\/span><\/p>\n<p class=\"p1\"><span class=\"s1\"><em>\u00abNous sommes constern\u00e9s par le non-respect de la VAR par l\u2019arbitre, dont les fautes d\u2019appr\u00e9ciation semblaient intentionnelles\u00bb<\/em>, a estim\u00e9 le pr\u00e9sident du prestigieux club de la m\u00e9tropole.<\/span><\/p>\n<p class=\"p1\"><span class=\"s1\">Il a rappel\u00e9 la lettre adress\u00e9e par le Wydad de Casablanca, au lendemain du match, \u00e0 la Conf\u00e9d\u00e9ration africaine de football (CAF), pour ouvrir une enqu\u00eate et r\u00e9tablir le repr\u00e9sentant du football national dans ses droits, surtout le carton jaune synonyme de suspension contre le d\u00e9fenseur Achraf Dari, d\u2019autant que les images ont d\u00e9montr\u00e9 que la sanction \u00e9tait injuste.<\/span><\/p>\n<p class=\"p1\"><span class=\"s1\">Il a appel\u00e9 la CAF \u00e0 prendre les mesures et les sanctions appropri\u00e9es pour redresser la situation, quand on voit les efforts consentis par l\u2019instance continentale afin de d\u00e9velopper et d\u2019am\u00e9liorer le niveau du football africain.<\/span><\/p>\n<p class=\"p1\"><span class=\"s1\">De son c\u00f4t\u00e9, la F\u00e9d\u00e9ration royale marocaine de football (FRMF) a annonc\u00e9 dimanche avoir envoy\u00e9 une lettre \u00e0 la Conf\u00e9d\u00e9ration africaine pour contester l\u2019arbitrage de l\u2019Egyptien Jihad Gricha lors de la finale aller.<\/span><\/p>\n<p class=\"p1\"><span class=\"s1\">La FRMF a affirm\u00e9 attendre <em>\u00abune r\u00e9ponse rapide \u00e0 propos de cette contestation, des propositions de r\u00e9parations \u00e9ventuelles pr\u00e9vues par les r\u00e8glements de la comp\u00e9tition au profit du WAC, ainsi que les sanctions qui pourraient \u00eatre prononc\u00e9es dans ces cas de figure\u00bb.<\/em><\/span><\/p>\n<p>Auteur: ALM<br \/>\n<a href=\"http:\/\/aujourdhui.ma\/sports\/naciri-larbitre-a-totalement-gache-la-finale-aller\">Cliquez ici pour lire l&rsquo;article depuis sa source.<\/a><\/p>\n","protected":false},"excerpt":{"rendered":"<p>Ligue des Champions : La FRMF saisit la CAF Le match a \u00e9t\u00e9 entach\u00e9 de d\u00e9cisions arbitrales d\u00e9favorables aux Rouge et Blanc, essentiellement un but refus\u00e9 en fin de premi\u00e8re partie pour une s\u00e9v\u00e8re faute de main et un p\u00e9nalty non siffl\u00e9 en deuxi\u00e8me mi-temps. L\u2019arbitre \u00e9gyptien Jihad Gricha \u00aba totalement g\u00e2ch\u00e9\u00bb la finale aller [&hellip;]<\/p>\n","protected":false},"author":1759,"featured_media":0,"comment_status":"closed","ping_status":"closed","sticky":false,"template":"","format":"standard","meta":{"fifu_image_url":"","fifu_image_alt":"","footnotes":""},"categories":[73,54],"tags":[],"class_list":["post-37070","post","type-post","status-publish","format-standard","hentry","category-actualite","category-maroc"],"_links":{"self":[{"href":"https:\/\/linitiative.ca\/International\/wp-json\/wp\/v2\/posts\/37070","targetHints":{"allow":["GET"]}}],"collection":[{"href":"https:\/\/linitiative.ca\/International\/wp-json\/wp\/v2\/posts"}],"about":[{"href":"https:\/\/linitiative.ca\/International\/wp-json\/wp\/v2\/types\/post"}],"author":[{"embeddable":true,"href":"https:\/\/linitiative.ca\/International\/wp-json\/wp\/v2\/users\/1759"}],"replies":[{"embeddable":true,"href":"https:\/\/linitiative.ca\/International\/wp-json\/wp\/v2\/comments?post=37070"}],"version-history":[{"count":0,"href":"https:\/\/linitiative.ca\/International\/wp-json\/wp\/v2\/posts\/37070\/revisions"}],"wp:attachment":[{"href":"https:\/\/linitiative.ca\/International\/wp-json\/wp\/v2\/media?parent=37070"}],"wp:term":[{"taxonomy":"category","embeddable":true,"href":"https:\/\/linitiative.ca\/International\/wp-json\/wp\/v2\/categories?post=37070"},{"taxonomy":"post_tag","embeddable":true,"href":"https:\/\/linitiative.ca\/International\/wp-json\/wp\/v2\/tags?post=37070"}],"curies":[{"name":"wp","href":"https:\/\/api.w.org\/{rel}","templated":true}]}}