{"id":37090,"date":"2019-05-28T04:48:26","date_gmt":"2019-05-28T08:48:26","guid":{"rendered":"https:\/\/linitiative.ca\/International\/le-2e-prix-arts-et-metiers-de-linnovation-de-meknes-le-22-juin\/"},"modified":"2019-05-28T04:48:26","modified_gmt":"2019-05-28T08:48:26","slug":"le-2e-prix-arts-et-metiers-de-linnovation-de-meknes-le-22-juin","status":"publish","type":"post","link":"https:\/\/linitiative.ca\/International\/le-2e-prix-arts-et-metiers-de-linnovation-de-meknes-le-22-juin\/","title":{"rendered":"Le 2\u00e8 prix Arts et m\u00e9tiers de l\u2019innovation de Mekn\u00e8s, le 22 juin"},"content":{"rendered":"<p>Le 2\u00e8me prix Arts et m\u00e9tiers de l\u2019innovation (Innov AM19) aura lieu le 22 juin prochain \u00e0 Mekn\u00e8s, \u00e0 l\u2019initiative de l\u2019\u00c9cole nationale sup\u00e9rieure d\u2019arts et m\u00e9tiers (ENSAM). Initi\u00e9e en collaboration avec l\u2019Universit\u00e9 Moulay-Isma\u00efl de Mekn\u00e8s, cette manifestation vise \u00e0 r\u00e9compenser les chercheurs qui ont pu, \u00e0 travers leur innovation, \u2018\u2019am\u00e9liorer la vie et le bien-\u00eatre de la soci\u00e9t\u00e9, cr\u00e9er de l\u2019emploi et contribuer \u00e0 la protection de l\u2019environnement et au renforcement du tissu \u00e9conomique du pays\u2019\u2019.<\/p>\n<div class=\"c10\"\/>\n<p>Ouverte aux \u00e9tudiants de nationalit\u00e9 marocaine des cycles ing\u00e9nieur, master ou doctorat, cette comp\u00e9tition tend \u00e0 encourager la cr\u00e9ativit\u00e9 et l\u2019innovation parmi les \u00e9tudiants et contribuer \u00e0 la participation de l\u2019\u00e9cosyst\u00e8me dans la r\u00e9gion F\u00e8s-Mekn\u00e8s.<\/p>\n<p>Le 2\u00e8me prix InnovAM19 r\u00e9compense les cr\u00e9ations originales dans les domaines de l\u2019\u00e9co-innovation, de l\u2019agriculture et l\u2019agro-industrie, des technologies num\u00e9riques et de l\u2019industrie manufacturi\u00e8re et services. Les \u0153uvres en lices seront d\u00e9partag\u00e9es par jury compos\u00e9 d\u2019experts scientifiques et \u00e9conomiques \u00e0 l\u2019\u00e9chelle r\u00e9gionale et nationale.<\/p>\n<p>L\u2019ENSAM-Mekn\u00e8s a organis\u00e9 en 2016 la premi\u00e8re comp\u00e9tition nationale en robotique ax\u00e9e sur un concours de c\u00e2blage et de programmation et un autre portant sur la pr\u00e9sentation de projets devant un jury hautement qualifi\u00e9.<\/p>\n<div class=\"c17\">\n<fieldset class=\"c16\">\n<legend><strong><span class=\"c11\">Challenge<\/span><span class=\"c12\">news<\/span><\/strong><\/legend>\n<div class=\"c15\">Le meilleur de la r\u00e9daction s\u00e9lectionn\u00e9 par Challenge :<\/p>\n<\/div>\n<\/fieldset>\n<\/div>\n<p>Auteur: Hassan Manyani<br \/>\n<a href=\"https:\/\/www.challenge.ma\/le-2e-prix-arts-et-metiers-de-linnovation-de-meknes-le-22-juin-109717\/\">Cliquez ici pour lire l&rsquo;article depuis sa source.<\/a><\/p>\n","protected":false},"excerpt":{"rendered":"<p>Le 2\u00e8me prix Arts et m\u00e9tiers de l\u2019innovation (Innov AM19) aura lieu le 22 juin prochain \u00e0 Mekn\u00e8s, \u00e0 l\u2019initiative de l\u2019\u00c9cole nationale sup\u00e9rieure d\u2019arts et m\u00e9tiers (ENSAM). Initi\u00e9e en collaboration avec l\u2019Universit\u00e9 Moulay-Isma\u00efl de Mekn\u00e8s, cette manifestation vise \u00e0 r\u00e9compenser les chercheurs qui ont pu, \u00e0 travers leur innovation, \u2018\u2019am\u00e9liorer la vie et le [&hellip;]<\/p>\n","protected":false},"author":1787,"featured_media":0,"comment_status":"closed","ping_status":"closed","sticky":false,"template":"","format":"standard","meta":{"fifu_image_url":"","fifu_image_alt":"","footnotes":""},"categories":[78,54],"tags":[],"class_list":["post-37090","post","type-post","status-publish","format-standard","hentry","category-economie","category-maroc"],"_links":{"self":[{"href":"https:\/\/linitiative.ca\/International\/wp-json\/wp\/v2\/posts\/37090","targetHints":{"allow":["GET"]}}],"collection":[{"href":"https:\/\/linitiative.ca\/International\/wp-json\/wp\/v2\/posts"}],"about":[{"href":"https:\/\/linitiative.ca\/International\/wp-json\/wp\/v2\/types\/post"}],"author":[{"embeddable":true,"href":"https:\/\/linitiative.ca\/International\/wp-json\/wp\/v2\/users\/1787"}],"replies":[{"embeddable":true,"href":"https:\/\/linitiative.ca\/International\/wp-json\/wp\/v2\/comments?post=37090"}],"version-history":[{"count":0,"href":"https:\/\/linitiative.ca\/International\/wp-json\/wp\/v2\/posts\/37090\/revisions"}],"wp:attachment":[{"href":"https:\/\/linitiative.ca\/International\/wp-json\/wp\/v2\/media?parent=37090"}],"wp:term":[{"taxonomy":"category","embeddable":true,"href":"https:\/\/linitiative.ca\/International\/wp-json\/wp\/v2\/categories?post=37090"},{"taxonomy":"post_tag","embeddable":true,"href":"https:\/\/linitiative.ca\/International\/wp-json\/wp\/v2\/tags?post=37090"}],"curies":[{"name":"wp","href":"https:\/\/api.w.org\/{rel}","templated":true}]}}